{"id":69047,"date":"2026-09-04T12:11:01","date_gmt":"2026-09-04T10:11:01","guid":{"rendered":"https:\/\/partizani.al\/sq\/?p=69047"},"modified":"2026-09-04T12:14:06","modified_gmt":"2026-09-04T10:14:06","slug":"konferenca-per-shtyp-e-trajnerit-florin-bratu-ne-prag-te-takimit-ndaj-vllaznise","status":"publish","type":"post","link":"https:\/\/partizani.al\/sq\/konferenca-per-shtyp-e-trajnerit-florin-bratu-ne-prag-te-takimit-ndaj-vllaznise\/","title":{"rendered":"Konferenca p\u00ebr shtyp e trajnerit Florin Bratu, n\u00eb prag t\u00eb takimit ndaj Vllaznis\u00eb"},"content":{"rendered":"<p><b>Partizani n\u00eb dy ndeshje ka vet\u00ebm nj\u00eb pik\u00eb. Sa e r\u00ebnd\u00ebsishme \u00ebsht\u00eb p\u00ebrballja ndaj Vllaznis\u00eb \u00a0\u00a0&#8211;\u00a0<\/b><\/p>\n<p><b>Bratu:\u00a0<\/b>Po \u00ebsht\u00eb e v\u00ebrtet\u00eb kemi vet\u00ebm nj\u00eb pik\u00eb, nuk \u00ebsht\u00eb nisja q\u00eb d\u00ebshironim. Gjithashtu \u00ebsht\u00eb nj\u00eb moment i r\u00ebnd\u00ebsish\u00ebm \u00a0ndeshja me Vllaznin\u00eb dhe sigurisht duhet t\u00eb marrim pik\u00eb. Do t\u00eb p\u00ebrballemi me nj\u00eb skuad\u00ebr shum\u00eb t\u00eb mir\u00eb, e cila gjithashtu luan mjaft mir\u00eb n\u00eb sht\u00ebpi. Duhet t\u00eb jemi gati dhe t\u00eb fokusuar p\u00ebr k\u00ebt\u00eb ndeshje.<\/p>\n<p><b><img loading=\"lazy\" decoding=\"async\" class=\"alignnone size-full wp-image-69049\" src=\"https:\/\/partizani.al\/sq\/wp-content\/uploads\/2026\/09\/GJK_9044.jpg\" alt=\"\" width=\"1920\" height=\"1281\" srcset=\"https:\/\/partizani.al\/sq\/wp-content\/uploads\/2026\/09\/GJK_9044.jpg 1920w, https:\/\/partizani.al\/sq\/wp-content\/uploads\/2026\/09\/GJK_9044-300x200.jpg 300w, https:\/\/partizani.al\/sq\/wp-content\/uploads\/2026\/09\/GJK_9044-1024x683.jpg 1024w, https:\/\/partizani.al\/sq\/wp-content\/uploads\/2026\/09\/GJK_9044-768x512.jpg 768w, https:\/\/partizani.al\/sq\/wp-content\/uploads\/2026\/09\/GJK_9044-1536x1025.jpg 1536w, https:\/\/partizani.al\/sq\/wp-content\/uploads\/2026\/09\/GJK_9044-128x85.jpg 128w, https:\/\/partizani.al\/sq\/wp-content\/uploads\/2026\/09\/GJK_9044-32x21.jpg 32w, https:\/\/partizani.al\/sq\/wp-content\/uploads\/2026\/09\/GJK_9044-500x334.jpg 500w, https:\/\/partizani.al\/sq\/wp-content\/uploads\/2026\/09\/GJK_9044-800x534.jpg 800w, https:\/\/partizani.al\/sq\/wp-content\/uploads\/2026\/09\/GJK_9044-1280x854.jpg 1280w, https:\/\/partizani.al\/sq\/wp-content\/uploads\/2026\/09\/GJK_9044-899x600.jpg 899w, https:\/\/partizani.al\/sq\/wp-content\/uploads\/2026\/09\/GJK_9044-1140x761.jpg 1140w, https:\/\/partizani.al\/sq\/wp-content\/uploads\/2026\/09\/GJK_9044-200x133.jpg 200w, https:\/\/partizani.al\/sq\/wp-content\/uploads\/2026\/09\/GJK_9044-450x300.jpg 450w\" sizes=\"auto, (max-width: 1920px) 100vw, 1920px\" \/>\u00c7far\u00eb keni k\u00ebrkuar nga skuadra gjat\u00eb k\u00ebsaj jave &#8211;\u00a0<\/b><\/p>\n<p><b>Bratu:\u00a0<\/b>T\u00eb mbajm\u00eb ritmin ton\u00eb n\u00eb seancat st\u00ebrvitore kjo \u00ebsht\u00eb e r\u00ebnd\u00ebsishme. T\u00eb jemi agresiv, por t\u00eb jemi agresiv pa u nd\u00ebshkuar me karton\u00eb t\u00eb kuq. Realisht kemi luajtur dy ndeshje p\u00ebr shum\u00eb minuta me nj\u00eb lojtar\u00eb m\u00eb pak dhe nuk jam aspak i k\u00ebnaqur me k\u00ebt\u00eb fakt.<\/p>\n<p><b>Partizani ka sh\u00ebnuar vet\u00ebm nj\u00eb gol n\u00eb dy ndeshje &#8211;\u00a0<\/b><\/p>\n<p><b>Bratu:\u00a0<\/b>Esht\u00eb e v\u00ebrtet\u00eb, por nuk \u00ebsht\u00eb ky realiteti, sepse kemi luajtur p\u00ebr afro 60 minuta me nj\u00ebl ojtar m\u00eb pak ndaj Teut\u00ebs. E nj\u00ebjta situat\u00eb ka ndodhur edhe me La\u00e7in dhe p\u00ebr mua ka qen\u00eb nj\u00eb situat\u00eb konfuze pasi gjith\u00eb planet e skuadr\u00ebs ndryshuan. Por do t\u00eb na duhet t\u00eb improvizojm\u00eb t\u00eb gjejm\u00eb zgjidhje p\u00ebr sa i p\u00ebrket faz\u00ebs sulmuese.<\/p>\n<p><b><img loading=\"lazy\" decoding=\"async\" class=\"alignnone size-full wp-image-69050\" src=\"https:\/\/partizani.al\/sq\/wp-content\/uploads\/2026\/09\/GJK_9010.jpg\" alt=\"\" width=\"1920\" height=\"1281\" srcset=\"https:\/\/partizani.al\/sq\/wp-content\/uploads\/2026\/09\/GJK_9010.jpg 1920w, https:\/\/partizani.al\/sq\/wp-content\/uploads\/2026\/09\/GJK_9010-300x200.jpg 300w, https:\/\/partizani.al\/sq\/wp-content\/uploads\/2026\/09\/GJK_9010-1024x683.jpg 1024w, https:\/\/partizani.al\/sq\/wp-content\/uploads\/2026\/09\/GJK_9010-768x512.jpg 768w, https:\/\/partizani.al\/sq\/wp-content\/uploads\/2026\/09\/GJK_9010-1536x1025.jpg 1536w, https:\/\/partizani.al\/sq\/wp-content\/uploads\/2026\/09\/GJK_9010-128x85.jpg 128w, https:\/\/partizani.al\/sq\/wp-content\/uploads\/2026\/09\/GJK_9010-32x21.jpg 32w, https:\/\/partizani.al\/sq\/wp-content\/uploads\/2026\/09\/GJK_9010-500x334.jpg 500w, https:\/\/partizani.al\/sq\/wp-content\/uploads\/2026\/09\/GJK_9010-800x534.jpg 800w, https:\/\/partizani.al\/sq\/wp-content\/uploads\/2026\/09\/GJK_9010-1280x854.jpg 1280w, https:\/\/partizani.al\/sq\/wp-content\/uploads\/2026\/09\/GJK_9010-899x600.jpg 899w, https:\/\/partizani.al\/sq\/wp-content\/uploads\/2026\/09\/GJK_9010-1140x761.jpg 1140w, https:\/\/partizani.al\/sq\/wp-content\/uploads\/2026\/09\/GJK_9010-200x133.jpg 200w, https:\/\/partizani.al\/sq\/wp-content\/uploads\/2026\/09\/GJK_9010-450x300.jpg 450w\" sizes=\"auto, (max-width: 1920px) 100vw, 1920px\" \/>Shanset t\u00eb shohim Tom\u00ebn dhe Sidibe t\u00eb luajn\u00eb s\u00eb bashku dhe a \u00ebsht\u00eb gati Fadairo &#8211;\u00a0<\/b><\/p>\n<p><b>Bratu:\u00a0<\/b>T\u00eb gjith\u00eb ata jan\u00eb t\u00eb gatsh\u00ebm p\u00ebr ne , jan\u00eb pjes\u00eb e grupit. Ende nuk e kam vendosur 100% formacionin. Do t\u00eb m\u00eb duhet t\u00eb shoh edhe seanc\u00ebn e fundit st\u00ebrvitore q\u00eb p\u00ebr nes\u00ebr t\u00eb b\u00ebj edhe zgjedhet e duhura, por p\u00ebr mendimin tim ata jan\u00eb t\u00eb gjith\u00eb t\u00eb gatsh\u00ebm p\u00ebr nes\u00ebr.<\/p>\n<p><b>A \u00ebsht\u00eb ky momenti m\u00eb i mir\u00eb p\u00ebr tu p\u00ebrballur me Vllaznin\u00eb pas episdeve q\u00eb ndodh\u00ebn n\u00eb Elbasan &#8211;\u00a0<\/b><\/p>\n<p><b>Bratu:\u00a0<\/b>Nuk kemi folur me lojtar\u00ebt rreth \u00e7far\u00eb ka ndodhur n\u00eb Elbasan. Ato episode jan\u00eb par\u00eb nga t\u00eb gjith\u00eb por mendoj q\u00eb nuk \u00ebsht\u00eb puna jon\u00eb. Ne duhet t\u00eb jemi t\u00eb fokusuar n\u00eb te ndeshja, t\u00eb luajm\u00eb atje. E dim\u00eb q\u00eb do t\u00eb jet\u00eb nj\u00eb trasfert\u00eb e v\u00ebshtir\u00eb p\u00ebr ne, por lojtar\u00ebt e mi jan\u00eb gati t\u00eb japin gjith\u00e7ka dhe t\u00eb marrim pik\u00ebt sepse p\u00ebr ne jan\u00eb shum\u00eb t\u00eb r\u00ebnd\u00ebsishme. Jemi nj\u00eb klub i madh dhe prej nesh presin shum\u00eb.<\/p>\n<p>&nbsp;<\/p>\n<p><b>Fitorja e fundit e Partizanit n\u00eb Loro Bori\u00e7i ndaj Vllaznin\u00eb daton n\u00eb 2022 &#8211;\u00a0<\/b><\/p>\n<p><b>Bratu:\u00a0<\/b>Mendoj se \u00ebsht\u00eb nj\u00eb kapitull i ri, nj\u00eb kampon i ri, Shpresoj q\u00eb t\u00eb japim maksimumin. Gjithashtu edhe p\u00ebr Vllaznin\u00eb do t\u00eb jet\u00eb nj\u00eb presion i madh pas ndeshjes me Elbasanin. P\u00ebr k\u00ebt\u00eb fakt do t\u00eb na duhet ta menaxhojm\u00eb sa m\u00eb mir\u00eb k\u00ebt\u00eb situat\u00eb.<\/p>\n<p><b>Sa i r\u00ebnd\u00ebsish\u00ebm \u00a0\u00ebsht\u00eb rikthimi i Human p\u00ebr k\u00ebt\u00eb sfid\u00eb &#8211;\u00a0<\/b><\/p>\n<p><b>Bratu:\u00a0<\/b>Sigurisht \u00ebsht\u00eb nj\u00eb prej lojtar\u00ebve tan\u00eb m\u00eb t\u00eb r\u00ebnd\u00ebsish\u00ebm. Dhe p\u00ebr k\u00ebt\u00eb jav\u00eb sigurisht kemi fituar nj\u00eb lojtar.<\/p>\n<p><b><img loading=\"lazy\" decoding=\"async\" class=\"alignnone size-full wp-image-69051\" src=\"https:\/\/partizani.al\/sq\/wp-content\/uploads\/2026\/09\/GJK_9070.jpg\" alt=\"\" width=\"1281\" height=\"1920\" srcset=\"https:\/\/partizani.al\/sq\/wp-content\/uploads\/2026\/09\/GJK_9070.jpg 1281w, https:\/\/partizani.al\/sq\/wp-content\/uploads\/2026\/09\/GJK_9070-200x300.jpg 200w, https:\/\/partizani.al\/sq\/wp-content\/uploads\/2026\/09\/GJK_9070-683x1024.jpg 683w, https:\/\/partizani.al\/sq\/wp-content\/uploads\/2026\/09\/GJK_9070-768x1151.jpg 768w, https:\/\/partizani.al\/sq\/wp-content\/uploads\/2026\/09\/GJK_9070-1025x1536.jpg 1025w, https:\/\/partizani.al\/sq\/wp-content\/uploads\/2026\/09\/GJK_9070-85x128.jpg 85w, https:\/\/partizani.al\/sq\/wp-content\/uploads\/2026\/09\/GJK_9070-21x32.jpg 21w, https:\/\/partizani.al\/sq\/wp-content\/uploads\/2026\/09\/GJK_9070-500x749.jpg 500w, https:\/\/partizani.al\/sq\/wp-content\/uploads\/2026\/09\/GJK_9070-800x1199.jpg 800w, https:\/\/partizani.al\/sq\/wp-content\/uploads\/2026\/09\/GJK_9070-400x600.jpg 400w, https:\/\/partizani.al\/sq\/wp-content\/uploads\/2026\/09\/GJK_9070-761x1140.jpg 761w, https:\/\/partizani.al\/sq\/wp-content\/uploads\/2026\/09\/GJK_9070-133x200.jpg 133w, https:\/\/partizani.al\/sq\/wp-content\/uploads\/2026\/09\/GJK_9070-300x450.jpg 300w\" sizes=\"auto, (max-width: 1281px) 100vw, 1281px\" \/><\/b><\/p>\n","protected":false},"excerpt":{"rendered":"<p>Partizani n\u00eb dy ndeshje ka vet\u00ebm nj\u00eb pik\u00eb. Sa e r\u00ebnd\u00ebsishme \u00ebsht\u00eb p\u00ebrballja ndaj Vllaznis\u00eb \u00a0\u00a0&#8211;\u00a0 Bratu:\u00a0Po \u00ebsht\u00eb e v\u00ebrtet\u00eb kemi vet\u00ebm nj\u00eb pik\u00eb, nuk \u00ebsht\u00eb nisja q\u00eb d\u00ebshironim. Gjithashtu&#8230;<\/p>\n","protected":false},"author":1,"featured_media":69048,"comment_status":"closed","ping_status":"closed","sticky":false,"template":"","format":"standard","meta":{"_seopress_titles_title":"","_seopress_titles_desc":"","_seopress_robots_index":"","_seopress_robots_follow":"","_seopress_robots_imageindex":"","_seopress_robots_snippet":"","_seopress_robots_primary_cat":"","_seopress_robots_breadcrumbs":"","_seopress_robots_freeze_modified_date":"","_seopress_robots_custom_modified_date":"","_seopress_robots_canonical":"","_seopress_social_fb_title":"","_seopress_social_fb_desc":"","_seopress_social_fb_img":"","_seopress_social_fb_img_attachment_id":0,"_seopress_social_fb_img_width":0,"_seopress_social_fb_img_height":0,"_seopress_social_twitter_title":"","_seopress_social_twitter_desc":"","_seopress_social_twitter_img":"","_seopress_social_twitter_img_attachment_id":0,"_seopress_social_twitter_img_width":0,"_seopress_social_twitter_img_height":0,"_seopress_redirections_value":"","_seopress_redirections_enabled":"","_seopress_redirections_enabled_regex":"","_seopress_redirections_logged_status":"","_seopress_redirections_param":"","_seopress_redirections_type":0,"_seopress_analysis_target_kw":"","_seopress_news_disabled":"","_seopress_video_disabled":"","_seopress_video":[],"_seopress_pro_schemas_manual":[],"_seopress_pro_rich_snippets_disable_all":"","_seopress_pro_rich_snippets_disable":[],"_seopress_pro_schemas":[],"_vp_format_video_url":"","_vp_image_focal_point":[],"footnotes":""},"categories":[107],"tags":[],"class_list":["post-69047","post","type-post","status-publish","format-standard","has-post-thumbnail","hentry","category-ekipi_i_pare"],"_links":{"self":[{"href":"https:\/\/partizani.al\/sq\/wp-json\/wp\/v2\/posts\/69047","targetHints":{"allow":["GET"]}}],"collection":[{"href":"https:\/\/partizani.al\/sq\/wp-json\/wp\/v2\/posts"}],"about":[{"href":"https:\/\/partizani.al\/sq\/wp-json\/wp\/v2\/types\/post"}],"author":[{"embeddable":true,"href":"https:\/\/partizani.al\/sq\/wp-json\/wp\/v2\/users\/1"}],"replies":[{"embeddable":true,"href":"https:\/\/partizani.al\/sq\/wp-json\/wp\/v2\/comments?post=69047"}],"version-history":[{"count":1,"href":"https:\/\/partizani.al\/sq\/wp-json\/wp\/v2\/posts\/69047\/revisions"}],"predecessor-version":[{"id":69052,"href":"https:\/\/partizani.al\/sq\/wp-json\/wp\/v2\/posts\/69047\/revisions\/69052"}],"wp:featuredmedia":[{"embeddable":true,"href":"https:\/\/partizani.al\/sq\/wp-json\/wp\/v2\/media\/69048"}],"wp:attachment":[{"href":"https:\/\/partizani.al\/sq\/wp-json\/wp\/v2\/media?parent=69047"}],"wp:term":[{"taxonomy":"category","embeddable":true,"href":"https:\/\/partizani.al\/sq\/wp-json\/wp\/v2\/categories?post=69047"},{"taxonomy":"post_tag","embeddable":true,"href":"https:\/\/partizani.al\/sq\/wp-json\/wp\/v2\/tags?post=69047"}],"curies":[{"name":"wp","href":"https:\/\/api.w.org\/{rel}","templated":true}]}}