{"id":69037,"date":"2026-09-01T18:52:35","date_gmt":"2026-09-01T16:52:35","guid":{"rendered":"https:\/\/partizani.al\/sq\/?p=69037"},"modified":"2026-09-01T18:58:04","modified_gmt":"2026-09-01T16:58:04","slug":"shorti-i-uefa-youth-league-percaktohen-kundershtaret-e-partizani-u19","status":"publish","type":"post","link":"https:\/\/partizani.al\/sq\/shorti-i-uefa-youth-league-percaktohen-kundershtaret-e-partizani-u19\/","title":{"rendered":"Shorti i UEFA Youth League, p\u00ebrcaktohen kund\u00ebrshtar\u00ebt e Partizani U19"},"content":{"rendered":"<p><em>UEFA Youth League | Partizani U19 nis aventur\u00ebn europiane ndaj Maltez\u00ebve t\u00eb Valletta-s<\/em><\/p>\n<p><img loading=\"lazy\" decoding=\"async\" class=\"alignnone size-full wp-image-69039\" src=\"https:\/\/partizani.al\/sq\/wp-content\/uploads\/2026\/09\/Screenshot_20260901_184813530_edit_166665271423088.jpg\" alt=\"\" width=\"992\" height=\"570\" srcset=\"https:\/\/partizani.al\/sq\/wp-content\/uploads\/2026\/09\/Screenshot_20260901_184813530_edit_166665271423088.jpg 992w, https:\/\/partizani.al\/sq\/wp-content\/uploads\/2026\/09\/Screenshot_20260901_184813530_edit_166665271423088-300x172.jpg 300w, https:\/\/partizani.al\/sq\/wp-content\/uploads\/2026\/09\/Screenshot_20260901_184813530_edit_166665271423088-768x441.jpg 768w, https:\/\/partizani.al\/sq\/wp-content\/uploads\/2026\/09\/Screenshot_20260901_184813530_edit_166665271423088-128x74.jpg 128w, https:\/\/partizani.al\/sq\/wp-content\/uploads\/2026\/09\/Screenshot_20260901_184813530_edit_166665271423088-32x18.jpg 32w, https:\/\/partizani.al\/sq\/wp-content\/uploads\/2026\/09\/Screenshot_20260901_184813530_edit_166665271423088-500x287.jpg 500w, https:\/\/partizani.al\/sq\/wp-content\/uploads\/2026\/09\/Screenshot_20260901_184813530_edit_166665271423088-800x460.jpg 800w, https:\/\/partizani.al\/sq\/wp-content\/uploads\/2026\/09\/Screenshot_20260901_184813530_edit_166665271423088-200x115.jpg 200w, https:\/\/partizani.al\/sq\/wp-content\/uploads\/2026\/09\/Screenshot_20260901_184813530_edit_166665271423088-450x259.jpg 450w\" sizes=\"auto, (max-width: 992px) 100vw, 992px\" \/>Partizani U19 ka m\u00ebsuar rrug\u00ebtimin n\u00eb UEFA Youth League p\u00ebr sezonin 2026\/27. Kampion\u00ebt e Shqip\u00ebris\u00eb do ta nisin aventur\u00ebn europiane n\u00eb raundin e par\u00eb, ku p\u00ebrball\u00eb do t\u00eb ken\u00eb Valletta U19 nga Malta.<\/p>\n<p>&nbsp;<\/p>\n<p>Ndeshja e par\u00eb do t\u00eb zhvillohet n\u00eb Malt\u00eb m\u00eb 16 shtator 2026, nd\u00ebrsa takimi i kthimit do t\u00eb luhet n\u00eb Shqip\u00ebri.<\/p>\n<p>&nbsp;<\/p>\n<p>T\u00eb kuqt\u00eb, t\u00eb drejtuar nga Fatjon Muhameti, do t\u00eb synojn\u00eb kualifikimin dhe vijimin e rrug\u00ebtimit europian, n\u00eb nj\u00eb kompeticion q\u00eb p\u00ebrb\u00ebn nj\u00eb mund\u00ebsi t\u00eb r\u00ebnd\u00ebsishme p\u00ebr talentet e akademis\u00eb s\u00eb Partizanit.<\/p>\n<p><img loading=\"lazy\" decoding=\"async\" class=\"alignnone size-full wp-image-69040\" src=\"https:\/\/partizani.al\/sq\/wp-content\/uploads\/2026\/09\/Screenshot_20260901_183800_com_android_chrome_ChromeTabbedActivity_edit_166611363311910.jpg\" alt=\"\" width=\"1861\" height=\"1060\" srcset=\"https:\/\/partizani.al\/sq\/wp-content\/uploads\/2026\/09\/Screenshot_20260901_183800_com_android_chrome_ChromeTabbedActivity_edit_166611363311910.jpg 1861w, https:\/\/partizani.al\/sq\/wp-content\/uploads\/2026\/09\/Screenshot_20260901_183800_com_android_chrome_ChromeTabbedActivity_edit_166611363311910-300x171.jpg 300w, https:\/\/partizani.al\/sq\/wp-content\/uploads\/2026\/09\/Screenshot_20260901_183800_com_android_chrome_ChromeTabbedActivity_edit_166611363311910-1024x583.jpg 1024w, https:\/\/partizani.al\/sq\/wp-content\/uploads\/2026\/09\/Screenshot_20260901_183800_com_android_chrome_ChromeTabbedActivity_edit_166611363311910-768x437.jpg 768w, https:\/\/partizani.al\/sq\/wp-content\/uploads\/2026\/09\/Screenshot_20260901_183800_com_android_chrome_ChromeTabbedActivity_edit_166611363311910-1536x875.jpg 1536w, https:\/\/partizani.al\/sq\/wp-content\/uploads\/2026\/09\/Screenshot_20260901_183800_com_android_chrome_ChromeTabbedActivity_edit_166611363311910-128x73.jpg 128w, https:\/\/partizani.al\/sq\/wp-content\/uploads\/2026\/09\/Screenshot_20260901_183800_com_android_chrome_ChromeTabbedActivity_edit_166611363311910-32x18.jpg 32w, https:\/\/partizani.al\/sq\/wp-content\/uploads\/2026\/09\/Screenshot_20260901_183800_com_android_chrome_ChromeTabbedActivity_edit_166611363311910-500x285.jpg 500w, https:\/\/partizani.al\/sq\/wp-content\/uploads\/2026\/09\/Screenshot_20260901_183800_com_android_chrome_ChromeTabbedActivity_edit_166611363311910-800x456.jpg 800w, https:\/\/partizani.al\/sq\/wp-content\/uploads\/2026\/09\/Screenshot_20260901_183800_com_android_chrome_ChromeTabbedActivity_edit_166611363311910-1280x729.jpg 1280w, https:\/\/partizani.al\/sq\/wp-content\/uploads\/2026\/09\/Screenshot_20260901_183800_com_android_chrome_ChromeTabbedActivity_edit_166611363311910-1053x600.jpg 1053w, https:\/\/partizani.al\/sq\/wp-content\/uploads\/2026\/09\/Screenshot_20260901_183800_com_android_chrome_ChromeTabbedActivity_edit_166611363311910-1140x649.jpg 1140w, https:\/\/partizani.al\/sq\/wp-content\/uploads\/2026\/09\/Screenshot_20260901_183800_com_android_chrome_ChromeTabbedActivity_edit_166611363311910-200x114.jpg 200w, https:\/\/partizani.al\/sq\/wp-content\/uploads\/2026\/09\/Screenshot_20260901_183800_com_android_chrome_ChromeTabbedActivity_edit_166611363311910-450x256.jpg 450w\" sizes=\"auto, (max-width: 1861px) 100vw, 1861px\" \/><\/p>\n<p>\ud83c\udfc6 <strong>Raundi i dyt\u00eb<\/strong><\/p>\n<p>&nbsp;<\/p>\n<p>N\u00eb rast kualifikimi ndaj Valletta-s, Partizani U19 do t\u00eb p\u00ebrballet n\u00eb raundin e dyt\u00eb me kampion\u00ebt e \u00c7ekis\u00eb, Hradec Kralove U19.<\/p>\n<p>&nbsp;<\/p>\n<p>\ud83c\udf0d <strong>Raundi i tret\u00eb<\/strong><\/p>\n<p>&nbsp;<\/p>\n<p>N\u00ebse t\u00eb kuqt\u00eb arrijn\u00eb t\u00eb kalojn\u00eb edhe raundin e dyt\u00eb, n\u00eb raundin e tret\u00eb do t\u00eb p\u00ebrballen me fituesen e \u00e7iftit MTK Budapest U19 (Hungari) \u2013 Mladost U19 (Mali i Zi) \/ Kairat Kazakistan U19.<\/p>\n<p>&nbsp;<\/p>\n<p>K\u00ebshtu, rruga e Partizanit U19 n\u00eb UEFA Youth League \u00ebsht\u00eb e p\u00ebrcaktuar:\u00a0*N\u00eb rast kualifikimi.<\/p>\n<p>&nbsp;<\/p>\n<p>Pas nj\u00eb sezoni ku Partizani U19 u shpall kampion i Shqip\u00ebris\u00eb, tashm\u00eb sfida zhvendoset n\u00eb aren\u00ebn europiane. Me p\u00ebrgatitjet q\u00eb vijojn\u00eb n\u00ebn drejtimin e Fatjon Muhametit, kampion\u00ebt e Shqip\u00ebris\u00eb do t\u00eb k\u00ebrkojn\u00eb t\u00eb p\u00ebrfaq\u00ebsojn\u00eb denj\u00ebsisht klubin dhe futbollin shqiptar n\u00eb UEFA Youth League.<\/p>\n<p><img loading=\"lazy\" decoding=\"async\" class=\"alignnone size-full wp-image-69041\" src=\"https:\/\/partizani.al\/sq\/wp-content\/uploads\/2026\/09\/uefayouth_20260901_182008_0000.png\" alt=\"\" width=\"1620\" height=\"2025\" srcset=\"https:\/\/partizani.al\/sq\/wp-content\/uploads\/2026\/09\/uefayouth_20260901_182008_0000.png 1620w, https:\/\/partizani.al\/sq\/wp-content\/uploads\/2026\/09\/uefayouth_20260901_182008_0000-240x300.png 240w, https:\/\/partizani.al\/sq\/wp-content\/uploads\/2026\/09\/uefayouth_20260901_182008_0000-819x1024.png 819w, https:\/\/partizani.al\/sq\/wp-content\/uploads\/2026\/09\/uefayouth_20260901_182008_0000-768x960.png 768w, https:\/\/partizani.al\/sq\/wp-content\/uploads\/2026\/09\/uefayouth_20260901_182008_0000-1229x1536.png 1229w, https:\/\/partizani.al\/sq\/wp-content\/uploads\/2026\/09\/uefayouth_20260901_182008_0000-102x128.png 102w, https:\/\/partizani.al\/sq\/wp-content\/uploads\/2026\/09\/uefayouth_20260901_182008_0000-26x32.png 26w, https:\/\/partizani.al\/sq\/wp-content\/uploads\/2026\/09\/uefayouth_20260901_182008_0000-500x625.png 500w, https:\/\/partizani.al\/sq\/wp-content\/uploads\/2026\/09\/uefayouth_20260901_182008_0000-800x1000.png 800w, https:\/\/partizani.al\/sq\/wp-content\/uploads\/2026\/09\/uefayouth_20260901_182008_0000-1280x1600.png 1280w, https:\/\/partizani.al\/sq\/wp-content\/uploads\/2026\/09\/uefayouth_20260901_182008_0000-480x600.png 480w, https:\/\/partizani.al\/sq\/wp-content\/uploads\/2026\/09\/uefayouth_20260901_182008_0000-912x1140.png 912w, https:\/\/partizani.al\/sq\/wp-content\/uploads\/2026\/09\/uefayouth_20260901_182008_0000-160x200.png 160w, https:\/\/partizani.al\/sq\/wp-content\/uploads\/2026\/09\/uefayouth_20260901_182008_0000-360x450.png 360w\" sizes=\"auto, (max-width: 1620px) 100vw, 1620px\" \/>16 SHTATOR | MALT\u00cb<\/p>\n<p>VALLETTA U19 \ud83c\udd9a PARTIZANI U19<\/p>\n<p>\ud83d\udd34 Nj\u00eb tjet\u00ebr kapitull europian p\u00ebr kampion\u00ebt e\u00a0 kuq<\/p>\n","protected":false},"excerpt":{"rendered":"<p>UEFA Youth League | Partizani U19 nis aventur\u00ebn europiane ndaj Maltez\u00ebve t\u00eb Valletta-s Partizani U19 ka m\u00ebsuar rrug\u00ebtimin n\u00eb UEFA Youth League p\u00ebr sezonin 2026\/27. Kampion\u00ebt e Shqip\u00ebris\u00eb do ta&#8230;<\/p>\n","protected":false},"author":2,"featured_media":69039,"comment_status":"closed","ping_status":"closed","sticky":false,"template":"","format":"standard","meta":{"_seopress_titles_title":"","_seopress_titles_desc":"","_seopress_robots_index":"","_seopress_robots_follow":"","_seopress_robots_imageindex":"","_seopress_robots_snippet":"","_seopress_robots_primary_cat":"","_seopress_robots_breadcrumbs":"","_seopress_robots_freeze_modified_date":"","_seopress_robots_custom_modified_date":"","_seopress_robots_canonical":"","_seopress_social_fb_title":"","_seopress_social_fb_desc":"","_seopress_social_fb_img":"","_seopress_social_fb_img_attachment_id":0,"_seopress_social_fb_img_width":0,"_seopress_social_fb_img_height":0,"_seopress_social_twitter_title":"","_seopress_social_twitter_desc":"","_seopress_social_twitter_img":"","_seopress_social_twitter_img_attachment_id":0,"_seopress_social_twitter_img_width":0,"_seopress_social_twitter_img_height":0,"_seopress_redirections_value":"","_seopress_redirections_enabled":"","_seopress_redirections_enabled_regex":"","_seopress_redirections_logged_status":"","_seopress_redirections_param":"","_seopress_redirections_type":0,"_seopress_analysis_target_kw":"","_seopress_news_disabled":"","_seopress_video_disabled":"","_seopress_video":[],"_seopress_pro_schemas_manual":[],"_seopress_pro_rich_snippets_disable_all":"","_seopress_pro_rich_snippets_disable":[],"_seopress_pro_schemas":[],"_vp_format_video_url":"","_vp_image_focal_point":[],"footnotes":""},"categories":[189,192,199,208,102],"tags":[],"class_list":["post-69037","post","type-post","status-publish","format-standard","has-post-thumbnail","hentry","category-akademia","category-europa","category-news","category-partizani-channel","category-u-19"],"_links":{"self":[{"href":"https:\/\/partizani.al\/sq\/wp-json\/wp\/v2\/posts\/69037","targetHints":{"allow":["GET"]}}],"collection":[{"href":"https:\/\/partizani.al\/sq\/wp-json\/wp\/v2\/posts"}],"about":[{"href":"https:\/\/partizani.al\/sq\/wp-json\/wp\/v2\/types\/post"}],"author":[{"embeddable":true,"href":"https:\/\/partizani.al\/sq\/wp-json\/wp\/v2\/users\/2"}],"replies":[{"embeddable":true,"href":"https:\/\/partizani.al\/sq\/wp-json\/wp\/v2\/comments?post=69037"}],"version-history":[{"count":4,"href":"https:\/\/partizani.al\/sq\/wp-json\/wp\/v2\/posts\/69037\/revisions"}],"predecessor-version":[{"id":69045,"href":"https:\/\/partizani.al\/sq\/wp-json\/wp\/v2\/posts\/69037\/revisions\/69045"}],"wp:featuredmedia":[{"embeddable":true,"href":"https:\/\/partizani.al\/sq\/wp-json\/wp\/v2\/media\/69039"}],"wp:attachment":[{"href":"https:\/\/partizani.al\/sq\/wp-json\/wp\/v2\/media?parent=69037"}],"wp:term":[{"taxonomy":"category","embeddable":true,"href":"https:\/\/partizani.al\/sq\/wp-json\/wp\/v2\/categories?post=69037"},{"taxonomy":"post_tag","embeddable":true,"href":"https:\/\/partizani.al\/sq\/wp-json\/wp\/v2\/tags?post=69037"}],"curies":[{"name":"wp","href":"https:\/\/api.w.org\/{rel}","templated":true}]}}