{"id":67385,"date":"2026-03-23T16:57:07","date_gmt":"2026-03-23T14:57:07","guid":{"rendered":"https:\/\/partizani.al\/sq\/?p=67385"},"modified":"2026-03-23T16:58:19","modified_gmt":"2026-03-23T14:58:19","slug":"kater-talente-te-akademise-partizani-pjese-e-kombetares-u-17-%f0%9f%87%a6%f0%9f%87%b1","status":"publish","type":"post","link":"https:\/\/partizani.al\/sq\/kater-talente-te-akademise-partizani-pjese-e-kombetares-u-17-%f0%9f%87%a6%f0%9f%87%b1\/","title":{"rendered":"Kat\u00ebr talente t\u00eb Akademis\u00eb Partizani pjes\u00eb e Komb\u00ebtares U-17 \ud83c\udde6\ud83c\uddf1"},"content":{"rendered":"<blockquote><p><strong>Kat\u00ebr talente t\u00eb Akademis\u00eb Partizani pjes\u00eb e Komb\u00ebtares U-17 \ud83c\udde6\ud83c\uddf1<\/strong><\/p>\n<p><img loading=\"lazy\" decoding=\"async\" class=\"alignnone size-full wp-image-67388\" src=\"https:\/\/partizani.al\/sq\/wp-content\/uploads\/2026\/03\/FB_IMG_1774275331048.jpg\" alt=\"\" width=\"1080\" height=\"1350\" srcset=\"https:\/\/partizani.al\/sq\/wp-content\/uploads\/2026\/03\/FB_IMG_1774275331048.jpg 1080w, https:\/\/partizani.al\/sq\/wp-content\/uploads\/2026\/03\/FB_IMG_1774275331048-240x300.jpg 240w, https:\/\/partizani.al\/sq\/wp-content\/uploads\/2026\/03\/FB_IMG_1774275331048-819x1024.jpg 819w, https:\/\/partizani.al\/sq\/wp-content\/uploads\/2026\/03\/FB_IMG_1774275331048-768x960.jpg 768w, https:\/\/partizani.al\/sq\/wp-content\/uploads\/2026\/03\/FB_IMG_1774275331048-102x128.jpg 102w, https:\/\/partizani.al\/sq\/wp-content\/uploads\/2026\/03\/FB_IMG_1774275331048-26x32.jpg 26w, https:\/\/partizani.al\/sq\/wp-content\/uploads\/2026\/03\/FB_IMG_1774275331048-500x625.jpg 500w, https:\/\/partizani.al\/sq\/wp-content\/uploads\/2026\/03\/FB_IMG_1774275331048-800x1000.jpg 800w, https:\/\/partizani.al\/sq\/wp-content\/uploads\/2026\/03\/FB_IMG_1774275331048-480x600.jpg 480w, https:\/\/partizani.al\/sq\/wp-content\/uploads\/2026\/03\/FB_IMG_1774275331048-912x1140.jpg 912w, https:\/\/partizani.al\/sq\/wp-content\/uploads\/2026\/03\/FB_IMG_1774275331048-160x200.jpg 160w, https:\/\/partizani.al\/sq\/wp-content\/uploads\/2026\/03\/FB_IMG_1774275331048-360x450.jpg 360w\" sizes=\"auto, (max-width: 1080px) 100vw, 1080px\" \/>Akademia Partizani vijon t\u00eb konfirmoj\u00eb pun\u00ebn cil\u00ebsore me p\u00ebrfaq\u00ebsimin e saj n\u00eb ekipet komb\u00ebtare t\u00eb moshave, ku k\u00ebt\u00eb her\u00eb kat\u00ebr futbollist\u00eb kuqezi jan\u00eb p\u00ebrfshir\u00eb n\u00eb list\u00ebn e Komb\u00ebtares U-17.<\/p>\n<p>&nbsp;<\/p>\n<p>B\u00ebhet fjal\u00eb p\u00ebr Dion Vata, Elson Himallari, Frensi Mali dhe Robin Balla, t\u00eb cil\u00ebt vijojn\u00eb t\u00eb jen\u00eb pjes\u00eb e rregullt e grumbullimeve, duke treguar vazhdim\u00ebsi dhe nivel t\u00eb lart\u00eb n\u00eb paraqitjet e tyre.<\/p>\n<p><img loading=\"lazy\" decoding=\"async\" class=\"alignnone size-full wp-image-67389\" src=\"https:\/\/partizani.al\/sq\/wp-content\/uploads\/2026\/03\/Red-and-Black-Maximalism-New-Soccer-Player-Instagram-Post_20260323_152709_0000.png\" alt=\"\" width=\"1080\" height=\"1080\" srcset=\"https:\/\/partizani.al\/sq\/wp-content\/uploads\/2026\/03\/Red-and-Black-Maximalism-New-Soccer-Player-Instagram-Post_20260323_152709_0000.png 1080w, https:\/\/partizani.al\/sq\/wp-content\/uploads\/2026\/03\/Red-and-Black-Maximalism-New-Soccer-Player-Instagram-Post_20260323_152709_0000-300x300.png 300w, https:\/\/partizani.al\/sq\/wp-content\/uploads\/2026\/03\/Red-and-Black-Maximalism-New-Soccer-Player-Instagram-Post_20260323_152709_0000-1024x1024.png 1024w, https:\/\/partizani.al\/sq\/wp-content\/uploads\/2026\/03\/Red-and-Black-Maximalism-New-Soccer-Player-Instagram-Post_20260323_152709_0000-150x150.png 150w, https:\/\/partizani.al\/sq\/wp-content\/uploads\/2026\/03\/Red-and-Black-Maximalism-New-Soccer-Player-Instagram-Post_20260323_152709_0000-768x768.png 768w, https:\/\/partizani.al\/sq\/wp-content\/uploads\/2026\/03\/Red-and-Black-Maximalism-New-Soccer-Player-Instagram-Post_20260323_152709_0000-128x128.png 128w, https:\/\/partizani.al\/sq\/wp-content\/uploads\/2026\/03\/Red-and-Black-Maximalism-New-Soccer-Player-Instagram-Post_20260323_152709_0000-32x32.png 32w, https:\/\/partizani.al\/sq\/wp-content\/uploads\/2026\/03\/Red-and-Black-Maximalism-New-Soccer-Player-Instagram-Post_20260323_152709_0000-500x500.png 500w, https:\/\/partizani.al\/sq\/wp-content\/uploads\/2026\/03\/Red-and-Black-Maximalism-New-Soccer-Player-Instagram-Post_20260323_152709_0000-800x800.png 800w, https:\/\/partizani.al\/sq\/wp-content\/uploads\/2026\/03\/Red-and-Black-Maximalism-New-Soccer-Player-Instagram-Post_20260323_152709_0000-600x600.png 600w, https:\/\/partizani.al\/sq\/wp-content\/uploads\/2026\/03\/Red-and-Black-Maximalism-New-Soccer-Player-Instagram-Post_20260323_152709_0000-200x200.png 200w, https:\/\/partizani.al\/sq\/wp-content\/uploads\/2026\/03\/Red-and-Black-Maximalism-New-Soccer-Player-Instagram-Post_20260323_152709_0000-450x450.png 450w, https:\/\/partizani.al\/sq\/wp-content\/uploads\/2026\/03\/Red-and-Black-Maximalism-New-Soccer-Player-Instagram-Post_20260323_152709_0000-100x100.png 100w\" sizes=\"auto, (max-width: 1080px) 100vw, 1080px\" \/><img loading=\"lazy\" decoding=\"async\" class=\"alignnone size-full wp-image-67390\" src=\"https:\/\/partizani.al\/sq\/wp-content\/uploads\/2026\/03\/Red-and-Black-Maximalism-New-Soccer-Player-Instagram-Post_20260323_151507_0000.png\" alt=\"\" width=\"1080\" height=\"1080\" srcset=\"https:\/\/partizani.al\/sq\/wp-content\/uploads\/2026\/03\/Red-and-Black-Maximalism-New-Soccer-Player-Instagram-Post_20260323_151507_0000.png 1080w, https:\/\/partizani.al\/sq\/wp-content\/uploads\/2026\/03\/Red-and-Black-Maximalism-New-Soccer-Player-Instagram-Post_20260323_151507_0000-300x300.png 300w, https:\/\/partizani.al\/sq\/wp-content\/uploads\/2026\/03\/Red-and-Black-Maximalism-New-Soccer-Player-Instagram-Post_20260323_151507_0000-1024x1024.png 1024w, https:\/\/partizani.al\/sq\/wp-content\/uploads\/2026\/03\/Red-and-Black-Maximalism-New-Soccer-Player-Instagram-Post_20260323_151507_0000-150x150.png 150w, https:\/\/partizani.al\/sq\/wp-content\/uploads\/2026\/03\/Red-and-Black-Maximalism-New-Soccer-Player-Instagram-Post_20260323_151507_0000-768x768.png 768w, https:\/\/partizani.al\/sq\/wp-content\/uploads\/2026\/03\/Red-and-Black-Maximalism-New-Soccer-Player-Instagram-Post_20260323_151507_0000-128x128.png 128w, https:\/\/partizani.al\/sq\/wp-content\/uploads\/2026\/03\/Red-and-Black-Maximalism-New-Soccer-Player-Instagram-Post_20260323_151507_0000-32x32.png 32w, https:\/\/partizani.al\/sq\/wp-content\/uploads\/2026\/03\/Red-and-Black-Maximalism-New-Soccer-Player-Instagram-Post_20260323_151507_0000-500x500.png 500w, https:\/\/partizani.al\/sq\/wp-content\/uploads\/2026\/03\/Red-and-Black-Maximalism-New-Soccer-Player-Instagram-Post_20260323_151507_0000-800x800.png 800w, https:\/\/partizani.al\/sq\/wp-content\/uploads\/2026\/03\/Red-and-Black-Maximalism-New-Soccer-Player-Instagram-Post_20260323_151507_0000-600x600.png 600w, https:\/\/partizani.al\/sq\/wp-content\/uploads\/2026\/03\/Red-and-Black-Maximalism-New-Soccer-Player-Instagram-Post_20260323_151507_0000-200x200.png 200w, https:\/\/partizani.al\/sq\/wp-content\/uploads\/2026\/03\/Red-and-Black-Maximalism-New-Soccer-Player-Instagram-Post_20260323_151507_0000-450x450.png 450w, https:\/\/partizani.al\/sq\/wp-content\/uploads\/2026\/03\/Red-and-Black-Maximalism-New-Soccer-Player-Instagram-Post_20260323_151507_0000-100x100.png 100w\" sizes=\"auto, (max-width: 1080px) 100vw, 1080px\" \/><img loading=\"lazy\" decoding=\"async\" class=\"alignnone size-full wp-image-67391\" src=\"https:\/\/partizani.al\/sq\/wp-content\/uploads\/2026\/03\/Red-and-Black-Maximalism-New-Soccer-Player-Instagram-Post_20260323_151244_0000.png\" alt=\"\" width=\"1080\" height=\"1080\" srcset=\"https:\/\/partizani.al\/sq\/wp-content\/uploads\/2026\/03\/Red-and-Black-Maximalism-New-Soccer-Player-Instagram-Post_20260323_151244_0000.png 1080w, https:\/\/partizani.al\/sq\/wp-content\/uploads\/2026\/03\/Red-and-Black-Maximalism-New-Soccer-Player-Instagram-Post_20260323_151244_0000-300x300.png 300w, https:\/\/partizani.al\/sq\/wp-content\/uploads\/2026\/03\/Red-and-Black-Maximalism-New-Soccer-Player-Instagram-Post_20260323_151244_0000-1024x1024.png 1024w, https:\/\/partizani.al\/sq\/wp-content\/uploads\/2026\/03\/Red-and-Black-Maximalism-New-Soccer-Player-Instagram-Post_20260323_151244_0000-150x150.png 150w, https:\/\/partizani.al\/sq\/wp-content\/uploads\/2026\/03\/Red-and-Black-Maximalism-New-Soccer-Player-Instagram-Post_20260323_151244_0000-768x768.png 768w, https:\/\/partizani.al\/sq\/wp-content\/uploads\/2026\/03\/Red-and-Black-Maximalism-New-Soccer-Player-Instagram-Post_20260323_151244_0000-128x128.png 128w, https:\/\/partizani.al\/sq\/wp-content\/uploads\/2026\/03\/Red-and-Black-Maximalism-New-Soccer-Player-Instagram-Post_20260323_151244_0000-32x32.png 32w, https:\/\/partizani.al\/sq\/wp-content\/uploads\/2026\/03\/Red-and-Black-Maximalism-New-Soccer-Player-Instagram-Post_20260323_151244_0000-500x500.png 500w, https:\/\/partizani.al\/sq\/wp-content\/uploads\/2026\/03\/Red-and-Black-Maximalism-New-Soccer-Player-Instagram-Post_20260323_151244_0000-800x800.png 800w, https:\/\/partizani.al\/sq\/wp-content\/uploads\/2026\/03\/Red-and-Black-Maximalism-New-Soccer-Player-Instagram-Post_20260323_151244_0000-600x600.png 600w, https:\/\/partizani.al\/sq\/wp-content\/uploads\/2026\/03\/Red-and-Black-Maximalism-New-Soccer-Player-Instagram-Post_20260323_151244_0000-200x200.png 200w, https:\/\/partizani.al\/sq\/wp-content\/uploads\/2026\/03\/Red-and-Black-Maximalism-New-Soccer-Player-Instagram-Post_20260323_151244_0000-450x450.png 450w, https:\/\/partizani.al\/sq\/wp-content\/uploads\/2026\/03\/Red-and-Black-Maximalism-New-Soccer-Player-Instagram-Post_20260323_151244_0000-100x100.png 100w\" sizes=\"auto, (max-width: 1080px) 100vw, 1080px\" \/><img loading=\"lazy\" decoding=\"async\" class=\"alignnone size-full wp-image-67392\" src=\"https:\/\/partizani.al\/sq\/wp-content\/uploads\/2026\/03\/Red-and-Black-Maximalism-New-Soccer-Player-Instagram-Post_20260323_150836_0000.png\" alt=\"\" width=\"1080\" height=\"1080\" srcset=\"https:\/\/partizani.al\/sq\/wp-content\/uploads\/2026\/03\/Red-and-Black-Maximalism-New-Soccer-Player-Instagram-Post_20260323_150836_0000.png 1080w, https:\/\/partizani.al\/sq\/wp-content\/uploads\/2026\/03\/Red-and-Black-Maximalism-New-Soccer-Player-Instagram-Post_20260323_150836_0000-300x300.png 300w, https:\/\/partizani.al\/sq\/wp-content\/uploads\/2026\/03\/Red-and-Black-Maximalism-New-Soccer-Player-Instagram-Post_20260323_150836_0000-1024x1024.png 1024w, https:\/\/partizani.al\/sq\/wp-content\/uploads\/2026\/03\/Red-and-Black-Maximalism-New-Soccer-Player-Instagram-Post_20260323_150836_0000-150x150.png 150w, https:\/\/partizani.al\/sq\/wp-content\/uploads\/2026\/03\/Red-and-Black-Maximalism-New-Soccer-Player-Instagram-Post_20260323_150836_0000-768x768.png 768w, https:\/\/partizani.al\/sq\/wp-content\/uploads\/2026\/03\/Red-and-Black-Maximalism-New-Soccer-Player-Instagram-Post_20260323_150836_0000-128x128.png 128w, https:\/\/partizani.al\/sq\/wp-content\/uploads\/2026\/03\/Red-and-Black-Maximalism-New-Soccer-Player-Instagram-Post_20260323_150836_0000-32x32.png 32w, https:\/\/partizani.al\/sq\/wp-content\/uploads\/2026\/03\/Red-and-Black-Maximalism-New-Soccer-Player-Instagram-Post_20260323_150836_0000-500x500.png 500w, https:\/\/partizani.al\/sq\/wp-content\/uploads\/2026\/03\/Red-and-Black-Maximalism-New-Soccer-Player-Instagram-Post_20260323_150836_0000-800x800.png 800w, https:\/\/partizani.al\/sq\/wp-content\/uploads\/2026\/03\/Red-and-Black-Maximalism-New-Soccer-Player-Instagram-Post_20260323_150836_0000-600x600.png 600w, https:\/\/partizani.al\/sq\/wp-content\/uploads\/2026\/03\/Red-and-Black-Maximalism-New-Soccer-Player-Instagram-Post_20260323_150836_0000-200x200.png 200w, https:\/\/partizani.al\/sq\/wp-content\/uploads\/2026\/03\/Red-and-Black-Maximalism-New-Soccer-Player-Instagram-Post_20260323_150836_0000-450x450.png 450w, https:\/\/partizani.al\/sq\/wp-content\/uploads\/2026\/03\/Red-and-Black-Maximalism-New-Soccer-Player-Instagram-Post_20260323_150836_0000-100x100.png 100w\" sizes=\"auto, (max-width: 1080px) 100vw, 1080px\" \/>Secili prej tyre ka spikatur gjat\u00eb sezonit me skuadrat respektive t\u00eb Partizanit, duke kontribuar ndjesh\u00ebm n\u00eb ecurin\u00eb pozitive t\u00eb ekipit.<\/p>\n<p>&nbsp;<\/p>\n<p>Q\u00ebndrueshm\u00ebria n\u00eb loj\u00eb, disiplinimi taktik dhe zhvillimi individual jan\u00eb disa nga element\u00ebt q\u00eb i kan\u00eb kthyer n\u00eb pika referimi p\u00ebr grupmoshat ku aktivizohen.<\/p>\n<p>&nbsp;<\/p>\n<p>Ftesat e nj\u00ebpasnj\u00ebshme n\u00eb Komb\u00ebtare jan\u00eb nj\u00eb tjet\u00ebr d\u00ebshmi e qart\u00eb e rritjes s\u00eb tyre, por edhe e pun\u00ebs serioze q\u00eb zhvillohet n\u00eb Akademin\u00eb Partizani, e cila vijon t\u00eb prodhoj\u00eb talente p\u00ebr t\u00eb ardhmen e futbollit shqiptar.<\/p>\n<p>&nbsp;<\/p>\n<p>Nd\u00ebrkoh\u00eb, skuadrat e Akademis\u00eb po zhvillojn\u00eb nj\u00eb sezon shum\u00eb pozitiv n\u00eb kampionat, duke q\u00ebndruar n\u00eb krye t\u00eb renditjeve respektive dhe duke reflektuar progresin e vazhduesh\u00ebm t\u00eb lojtar\u00ebve.<\/p>\n<p>&nbsp;<\/p>\n<p>\ud83d\udcc5 NDESHJET MIQ\u00cbSORE U-17<\/p>\n<p>\ud83c\udde6\ud83c\uddf1 Shqip\u00ebri \u2013 Letoni \ud83c\uddf1\ud83c\uddfb<\/p>\n<p>\ud83d\uddd3\ufe0f 26 Mars<\/p>\n<p>\u23f0 Ora 11:30<\/p>\n<p>&nbsp;<\/p>\n<p>\ud83c\udde6\ud83c\uddf1 Shqip\u00ebri \u2013 Letoni \ud83c\uddf1\ud83c\uddfb<\/p>\n<p>\ud83d\uddd3\ufe0f 28 Mars<\/p>\n<p>\u23f0 Ora 10:00<\/p>\n<p>&nbsp;<\/p>\n<p>#listakuqezi #kombetarjau17<\/p><\/blockquote>\n","protected":false},"excerpt":{"rendered":"<p>Kat\u00ebr talente t\u00eb Akademis\u00eb Partizani pjes\u00eb e Komb\u00ebtares U-17 \ud83c\udde6\ud83c\uddf1 Akademia Partizani vijon t\u00eb konfirmoj\u00eb pun\u00ebn cil\u00ebsore me p\u00ebrfaq\u00ebsimin e saj n\u00eb ekipet komb\u00ebtare t\u00eb moshave, ku k\u00ebt\u00eb her\u00eb kat\u00ebr&#8230;<\/p>\n","protected":false},"author":2,"featured_media":67388,"comment_status":"closed","ping_status":"closed","sticky":false,"template":"","format":"standard","meta":{"_seopress_robots_primary_cat":"none","_seopress_titles_title":"","_seopress_titles_desc":"","_seopress_robots_index":"","_vp_format_video_url":"","_vp_image_focal_point":[],"footnotes":""},"categories":[189,206,199,208],"tags":[],"class_list":["post-67385","post","type-post","status-publish","format-standard","has-post-thumbnail","hentry","category-akademia","category-kombetarja","category-news","category-partizani-channel"],"_links":{"self":[{"href":"https:\/\/partizani.al\/sq\/wp-json\/wp\/v2\/posts\/67385","targetHints":{"allow":["GET"]}}],"collection":[{"href":"https:\/\/partizani.al\/sq\/wp-json\/wp\/v2\/posts"}],"about":[{"href":"https:\/\/partizani.al\/sq\/wp-json\/wp\/v2\/types\/post"}],"author":[{"embeddable":true,"href":"https:\/\/partizani.al\/sq\/wp-json\/wp\/v2\/users\/2"}],"replies":[{"embeddable":true,"href":"https:\/\/partizani.al\/sq\/wp-json\/wp\/v2\/comments?post=67385"}],"version-history":[{"count":2,"href":"https:\/\/partizani.al\/sq\/wp-json\/wp\/v2\/posts\/67385\/revisions"}],"predecessor-version":[{"id":67394,"href":"https:\/\/partizani.al\/sq\/wp-json\/wp\/v2\/posts\/67385\/revisions\/67394"}],"wp:featuredmedia":[{"embeddable":true,"href":"https:\/\/partizani.al\/sq\/wp-json\/wp\/v2\/media\/67388"}],"wp:attachment":[{"href":"https:\/\/partizani.al\/sq\/wp-json\/wp\/v2\/media?parent=67385"}],"wp:term":[{"taxonomy":"category","embeddable":true,"href":"https:\/\/partizani.al\/sq\/wp-json\/wp\/v2\/categories?post=67385"},{"taxonomy":"post_tag","embeddable":true,"href":"https:\/\/partizani.al\/sq\/wp-json\/wp\/v2\/tags?post=67385"}],"curies":[{"name":"wp","href":"https:\/\/api.w.org\/{rel}","templated":true}]}}