{"id":67314,"date":"2026-03-20T13:32:52","date_gmt":"2026-03-20T11:32:52","guid":{"rendered":"https:\/\/partizani.al\/sq\/?p=67314"},"modified":"2026-03-20T13:32:52","modified_gmt":"2026-03-20T11:32:52","slug":"uesli-arapi-pjese-e-kombetares-u19","status":"publish","type":"post","link":"https:\/\/partizani.al\/sq\/uesli-arapi-pjese-e-kombetares-u19\/","title":{"rendered":"UESLI ARAPI PJES\u00cb E KOMB\u00cbTARES U19"},"content":{"rendered":"<p><strong>UESLI ARAPI PJES\u00cb E KOMB\u00cbTARES U19<\/strong><\/p>\n<p><img loading=\"lazy\" decoding=\"async\" class=\"alignnone size-full wp-image-67317\" src=\"https:\/\/partizani.al\/sq\/wp-content\/uploads\/2026\/03\/Red-and-Black-Maximalism-New-Soccer-Player-Instagram-Post_20260320_122554_0000.png\" alt=\"\" width=\"1080\" height=\"1080\" srcset=\"https:\/\/partizani.al\/sq\/wp-content\/uploads\/2026\/03\/Red-and-Black-Maximalism-New-Soccer-Player-Instagram-Post_20260320_122554_0000.png 1080w, https:\/\/partizani.al\/sq\/wp-content\/uploads\/2026\/03\/Red-and-Black-Maximalism-New-Soccer-Player-Instagram-Post_20260320_122554_0000-300x300.png 300w, https:\/\/partizani.al\/sq\/wp-content\/uploads\/2026\/03\/Red-and-Black-Maximalism-New-Soccer-Player-Instagram-Post_20260320_122554_0000-1024x1024.png 1024w, https:\/\/partizani.al\/sq\/wp-content\/uploads\/2026\/03\/Red-and-Black-Maximalism-New-Soccer-Player-Instagram-Post_20260320_122554_0000-150x150.png 150w, https:\/\/partizani.al\/sq\/wp-content\/uploads\/2026\/03\/Red-and-Black-Maximalism-New-Soccer-Player-Instagram-Post_20260320_122554_0000-768x768.png 768w, https:\/\/partizani.al\/sq\/wp-content\/uploads\/2026\/03\/Red-and-Black-Maximalism-New-Soccer-Player-Instagram-Post_20260320_122554_0000-128x128.png 128w, https:\/\/partizani.al\/sq\/wp-content\/uploads\/2026\/03\/Red-and-Black-Maximalism-New-Soccer-Player-Instagram-Post_20260320_122554_0000-32x32.png 32w, https:\/\/partizani.al\/sq\/wp-content\/uploads\/2026\/03\/Red-and-Black-Maximalism-New-Soccer-Player-Instagram-Post_20260320_122554_0000-500x500.png 500w, https:\/\/partizani.al\/sq\/wp-content\/uploads\/2026\/03\/Red-and-Black-Maximalism-New-Soccer-Player-Instagram-Post_20260320_122554_0000-800x800.png 800w, https:\/\/partizani.al\/sq\/wp-content\/uploads\/2026\/03\/Red-and-Black-Maximalism-New-Soccer-Player-Instagram-Post_20260320_122554_0000-600x600.png 600w, https:\/\/partizani.al\/sq\/wp-content\/uploads\/2026\/03\/Red-and-Black-Maximalism-New-Soccer-Player-Instagram-Post_20260320_122554_0000-200x200.png 200w, https:\/\/partizani.al\/sq\/wp-content\/uploads\/2026\/03\/Red-and-Black-Maximalism-New-Soccer-Player-Instagram-Post_20260320_122554_0000-450x450.png 450w, https:\/\/partizani.al\/sq\/wp-content\/uploads\/2026\/03\/Red-and-Black-Maximalism-New-Soccer-Player-Instagram-Post_20260320_122554_0000-100x100.png 100w\" sizes=\"auto, (max-width: 1080px) 100vw, 1080px\" \/>Publikohet lista e Komb\u00ebtares U-19 p\u00ebr raundin e par\u00eb t\u00eb kualifikueseve t\u00eb #U19EURO, ku kuqezinjt\u00eb do t\u00eb p\u00ebrballen me Luksemburgun \ud83c\uddf1\ud83c\uddfa, Malt\u00ebn \ud83c\uddf2\ud83c\uddf9 dhe Norvegjin\u00eb \ud83c\uddf3\ud83c\uddf4.<\/p>\n<p>N\u00eb k\u00ebt\u00eb grumbullim b\u00ebn pjes\u00eb edhe mbrojt\u00ebsi i Partizani U-19, Uesli Arapi, i cili shp\u00ebrblehet p\u00ebr paraqitjet e tij me fanell\u00ebn e kuqe duke marr\u00eb ftes\u00ebn nga Komb\u00ebtarja.<\/p>\n<p>Nj\u00eb tjet\u00ebr d\u00ebshmi e pun\u00ebs dhe talentit q\u00eb prodhon Akademia Partizani, me Arapin q\u00eb do t\u00eb ket\u00eb mund\u00ebsin\u00eb t\u00eb tregoj\u00eb vlerat e tij n\u00eb aren\u00ebn nd\u00ebrkomb\u00ebtare.<\/p>\n<p>#listakuqezi #kombetarjau19<\/p>\n","protected":false},"excerpt":{"rendered":"<p>UESLI ARAPI PJES\u00cb E KOMB\u00cbTARES U19 Publikohet lista e Komb\u00ebtares U-19 p\u00ebr raundin e par\u00eb t\u00eb kualifikueseve t\u00eb #U19EURO, ku kuqezinjt\u00eb do t\u00eb p\u00ebrballen me Luksemburgun \ud83c\uddf1\ud83c\uddfa, Malt\u00ebn \ud83c\uddf2\ud83c\uddf9 dhe&#8230;<\/p>\n","protected":false},"author":2,"featured_media":67317,"comment_status":"closed","ping_status":"closed","sticky":false,"template":"","format":"standard","meta":{"_seopress_robots_primary_cat":"none","_seopress_titles_title":"","_seopress_titles_desc":"","_seopress_robots_index":"","_vp_format_video_url":"","_vp_image_focal_point":[],"footnotes":""},"categories":[189,206,199,102],"tags":[],"class_list":["post-67314","post","type-post","status-publish","format-standard","has-post-thumbnail","hentry","category-akademia","category-kombetarja","category-news","category-u-19"],"_links":{"self":[{"href":"https:\/\/partizani.al\/sq\/wp-json\/wp\/v2\/posts\/67314","targetHints":{"allow":["GET"]}}],"collection":[{"href":"https:\/\/partizani.al\/sq\/wp-json\/wp\/v2\/posts"}],"about":[{"href":"https:\/\/partizani.al\/sq\/wp-json\/wp\/v2\/types\/post"}],"author":[{"embeddable":true,"href":"https:\/\/partizani.al\/sq\/wp-json\/wp\/v2\/users\/2"}],"replies":[{"embeddable":true,"href":"https:\/\/partizani.al\/sq\/wp-json\/wp\/v2\/comments?post=67314"}],"version-history":[{"count":1,"href":"https:\/\/partizani.al\/sq\/wp-json\/wp\/v2\/posts\/67314\/revisions"}],"predecessor-version":[{"id":67318,"href":"https:\/\/partizani.al\/sq\/wp-json\/wp\/v2\/posts\/67314\/revisions\/67318"}],"wp:featuredmedia":[{"embeddable":true,"href":"https:\/\/partizani.al\/sq\/wp-json\/wp\/v2\/media\/67317"}],"wp:attachment":[{"href":"https:\/\/partizani.al\/sq\/wp-json\/wp\/v2\/media?parent=67314"}],"wp:term":[{"taxonomy":"category","embeddable":true,"href":"https:\/\/partizani.al\/sq\/wp-json\/wp\/v2\/categories?post=67314"},{"taxonomy":"post_tag","embeddable":true,"href":"https:\/\/partizani.al\/sq\/wp-json\/wp\/v2\/tags?post=67314"}],"curies":[{"name":"wp","href":"https:\/\/api.w.org\/{rel}","templated":true}]}}