{"id":67194,"date":"2026-03-14T16:26:00","date_gmt":"2026-03-14T14:26:00","guid":{"rendered":"https:\/\/partizani.al\/sq\/?p=67194"},"modified":"2026-03-14T16:28:03","modified_gmt":"2026-03-14T14:28:03","slug":"konferenca-per-shtyp-e-trajnerit-oltijon-kernaja-ne-prag-te-takimit-ndaj-vores-3","status":"publish","type":"post","link":"https:\/\/partizani.al\/sq\/konferenca-per-shtyp-e-trajnerit-oltijon-kernaja-ne-prag-te-takimit-ndaj-vores-3\/","title":{"rendered":"Konferenca p\u00ebr shtyp e trajnerit Oltijon K\u00ebrnaja, n\u00eb prag t\u00eb takimit ndaj Vor\u00ebs"},"content":{"rendered":"<p><b>Partizani vjen si favorit n\u00eb ndeshjen ndaj Vor\u00ebs &#8211;<\/b><\/p>\n<p><b>K\u00ebrnaja:<\/b>\u00a0Besoj q\u00eb nuk ka favorit\u00eb p\u00ebr k\u00ebt\u00eb ndeshje. Vijn\u00eb dy ekipe me situata t\u00eb ndryshme nga ajo e faz\u00ebs s\u00eb tret\u00eb. T\u00eb 3 ndeshjet me Vor\u00ebn sigurisht kan\u00eb qen\u00eb t\u00eb dominuara nga skuadra jon\u00eb, panvar\u00ebsisht rezultatit. N\u00eb faz\u00ebn e dyt\u00eb kemi p\u00ebrfunduar 0 &#8211; 0 n\u00eb &#8220;Aren\u00ebn e Demave&#8221;, kemi pasur nj\u00eb mori rastesh. N\u00eb ndeshjen e faz\u00ebs s\u00eb tret\u00eb 0 &#8211; 1 kemi p\u00ebsuar nj\u00eb gol n\u00eb minut\u00ebn e 90&#8242; pas nj\u00eb penalltie t\u00eb humbur dhe 2 &#8211; 3 rasteve t\u00eb tjera. Por n\u00eb futboll nuk mbahen mend rastet apo loja e mir\u00eb, por mbahen mend rezultatet k\u00ebshtu q\u00eb ne duhet t\u00eb hyjm\u00eb p\u00ebr 3 pik\u00ebt.<\/p>\n<p><img loading=\"lazy\" decoding=\"async\" class=\"alignnone size-full wp-image-67198\" src=\"https:\/\/partizani.al\/sq\/wp-content\/uploads\/2026\/03\/GJK_4496.jpg\" alt=\"\" width=\"1920\" height=\"1281\" srcset=\"https:\/\/partizani.al\/sq\/wp-content\/uploads\/2026\/03\/GJK_4496.jpg 1920w, https:\/\/partizani.al\/sq\/wp-content\/uploads\/2026\/03\/GJK_4496-300x200.jpg 300w, https:\/\/partizani.al\/sq\/wp-content\/uploads\/2026\/03\/GJK_4496-1024x683.jpg 1024w, https:\/\/partizani.al\/sq\/wp-content\/uploads\/2026\/03\/GJK_4496-768x512.jpg 768w, https:\/\/partizani.al\/sq\/wp-content\/uploads\/2026\/03\/GJK_4496-1536x1025.jpg 1536w, https:\/\/partizani.al\/sq\/wp-content\/uploads\/2026\/03\/GJK_4496-128x85.jpg 128w, https:\/\/partizani.al\/sq\/wp-content\/uploads\/2026\/03\/GJK_4496-32x21.jpg 32w, https:\/\/partizani.al\/sq\/wp-content\/uploads\/2026\/03\/GJK_4496-500x334.jpg 500w, https:\/\/partizani.al\/sq\/wp-content\/uploads\/2026\/03\/GJK_4496-800x534.jpg 800w, https:\/\/partizani.al\/sq\/wp-content\/uploads\/2026\/03\/GJK_4496-1280x854.jpg 1280w, https:\/\/partizani.al\/sq\/wp-content\/uploads\/2026\/03\/GJK_4496-899x600.jpg 899w, https:\/\/partizani.al\/sq\/wp-content\/uploads\/2026\/03\/GJK_4496-1140x761.jpg 1140w, https:\/\/partizani.al\/sq\/wp-content\/uploads\/2026\/03\/GJK_4496-200x133.jpg 200w, https:\/\/partizani.al\/sq\/wp-content\/uploads\/2026\/03\/GJK_4496-450x300.jpg 450w\" sizes=\"auto, (max-width: 1920px) 100vw, 1920px\" \/><\/p>\n<p><b>Fitorja \u00ebsht\u00eb detyrim &#8211;<\/b><\/p>\n<p><b>K\u00ebrnaja:<\/b>\u00a0Ne kemi hyr\u00eb n\u00eb \u00e7do ndeshje p\u00ebr 3 pik\u00eb edhe nes\u00ebr do hyjm\u00eb p\u00ebr 3 pik\u00ebt pjes\u00ebn tjet\u00ebr do ja l\u00ebm fush\u00ebs. Besoj se djemt\u00eb jan\u00eb t\u00eb karikuar, t\u00eb gatsh\u00ebm p\u00ebr t\u00eb dh\u00ebn\u00eb maksimumin p\u00ebr t\u00eb fituar 3 pik\u00ebt.<\/p>\n<p><b>Si \u00ebsht\u00eb gjendja e skuadr\u00ebs &#8211;<\/b><\/p>\n<p><b>K\u00ebrnaja:<\/b>\u00a0Gj\u00ebndja e skuadr\u00ebs \u00ebsht\u00eb e mir\u00eb. Ne kemi nj\u00eb num\u00ebr t\u00eb madh lojtar\u00ebsh n\u00eb dispozicion. N\u00eb ndeshjen me Dinamon kishim mund\u00ebsi q\u00eb 4 &#8211; 5 prej tyre q\u00eb luajt\u00ebn p\u00ebr kup\u00eb me Elbasanin t\u00eb pushonin dhe me Dinamon aktivizuam pes\u00eb t\u00eb tjer\u00eb. Gjendja fizike \u00ebsht\u00eb shum\u00eb e mir\u00eb. Sa i p\u00ebrket Qak\u00ebs mori nj\u00eb goditje te pjesa e gjurit ndaj nuk donim t\u00eb rrezikonim. Esht\u00eb st\u00ebrvitur me ekipin dhe \u00ebsht\u00eb i gatsh\u00ebm p\u00ebr ndeshjen e nes\u00ebrme.<\/p>\n<p><img loading=\"lazy\" decoding=\"async\" class=\"alignnone size-full wp-image-67199\" src=\"https:\/\/partizani.al\/sq\/wp-content\/uploads\/2026\/03\/GJK_4490.jpg\" alt=\"\" width=\"1920\" height=\"1281\" srcset=\"https:\/\/partizani.al\/sq\/wp-content\/uploads\/2026\/03\/GJK_4490.jpg 1920w, https:\/\/partizani.al\/sq\/wp-content\/uploads\/2026\/03\/GJK_4490-300x200.jpg 300w, https:\/\/partizani.al\/sq\/wp-content\/uploads\/2026\/03\/GJK_4490-1024x683.jpg 1024w, https:\/\/partizani.al\/sq\/wp-content\/uploads\/2026\/03\/GJK_4490-768x512.jpg 768w, https:\/\/partizani.al\/sq\/wp-content\/uploads\/2026\/03\/GJK_4490-1536x1025.jpg 1536w, https:\/\/partizani.al\/sq\/wp-content\/uploads\/2026\/03\/GJK_4490-128x85.jpg 128w, https:\/\/partizani.al\/sq\/wp-content\/uploads\/2026\/03\/GJK_4490-32x21.jpg 32w, https:\/\/partizani.al\/sq\/wp-content\/uploads\/2026\/03\/GJK_4490-500x334.jpg 500w, https:\/\/partizani.al\/sq\/wp-content\/uploads\/2026\/03\/GJK_4490-800x534.jpg 800w, https:\/\/partizani.al\/sq\/wp-content\/uploads\/2026\/03\/GJK_4490-1280x854.jpg 1280w, https:\/\/partizani.al\/sq\/wp-content\/uploads\/2026\/03\/GJK_4490-899x600.jpg 899w, https:\/\/partizani.al\/sq\/wp-content\/uploads\/2026\/03\/GJK_4490-1140x761.jpg 1140w, https:\/\/partizani.al\/sq\/wp-content\/uploads\/2026\/03\/GJK_4490-200x133.jpg 200w, https:\/\/partizani.al\/sq\/wp-content\/uploads\/2026\/03\/GJK_4490-450x300.jpg 450w\" sizes=\"auto, (max-width: 1920px) 100vw, 1920px\" \/><\/p>\n<p><b>Mund t\u00eb synoj Partizani titullin &#8211;<\/b><\/p>\n<p><b>K\u00ebrnaja:<\/b>\u00a0Un\u00eb mendoj t\u00eb shohim vet\u00ebm ndeshjen e radh\u00ebs ne duhet t\u00eb shohim vet\u00ebm rezultatet tona. E kam th\u00ebn\u00eb q\u00eb n\u00eb fillim Partizani duhet t\u00eb shoh\u00eb vet\u00ebm ndeshjet e veta, n\u00ebse ne marrim ndeshjet tona nj\u00eb e nga nj\u00eb pik\u00ebt aty jan\u00eb , renditja aty \u00ebsht\u00eb. Nuk jemi n\u00eb dor\u00ebn e askujt varemi vet\u00ebm nga k\u00ebmb\u00ebt tona k\u00ebshtu q\u00eb duhet t\u00eb japim maksimumin ton\u00eb.<\/p>\n<p><b>Prania e Jasir Asanit n\u00eb st\u00ebrvitjet e Partizanit &#8211;<\/b><\/p>\n<p><b>K\u00ebrnaja:<\/b>\u00a0Asani \u00ebsht\u00eb n\u00eb sht\u00ebpin\u00eb e vet. E dim\u00eb q\u00eb Asani ka dh\u00ebn\u00eb shum\u00eb p\u00ebr ekipin e Partizanit, ka ngritur trofe ka dal kampion. Asani \u00ebsht\u00eb n\u00eb sht\u00ebpin\u00eb e vet, i ka dyert e hapura gjithmon\u00eb. Ndihma \u00ebsht\u00eb reciproke, m\u00eb shum\u00eb e ndihmojm\u00eb ne Asanin se sa Asani ne n\u00eb k\u00ebt\u00eb rast sepse e mbajm\u00eb n\u00eb form\u00eb fizike q\u00eb t\u00eb ndihmoj\u00eb nj\u00eb komb t\u00eb t\u00ebr\u00eb p\u00ebr ndeshjen ndaj Polonis\u00eb. Shpresojm\u00eb q\u00eb ti japim sa m\u00eb shum\u00eb pozitivitet dhe energji q\u00eb t\u00eb jet\u00eb sa m\u00eb i gatsh\u00ebm me Polonin\u00eb.<\/p>\n<p><img loading=\"lazy\" decoding=\"async\" class=\"alignnone size-full wp-image-67200\" src=\"https:\/\/partizani.al\/sq\/wp-content\/uploads\/2026\/03\/GJK_4465.jpg\" alt=\"\" width=\"1920\" height=\"1281\" srcset=\"https:\/\/partizani.al\/sq\/wp-content\/uploads\/2026\/03\/GJK_4465.jpg 1920w, https:\/\/partizani.al\/sq\/wp-content\/uploads\/2026\/03\/GJK_4465-300x200.jpg 300w, https:\/\/partizani.al\/sq\/wp-content\/uploads\/2026\/03\/GJK_4465-1024x683.jpg 1024w, https:\/\/partizani.al\/sq\/wp-content\/uploads\/2026\/03\/GJK_4465-768x512.jpg 768w, https:\/\/partizani.al\/sq\/wp-content\/uploads\/2026\/03\/GJK_4465-1536x1025.jpg 1536w, https:\/\/partizani.al\/sq\/wp-content\/uploads\/2026\/03\/GJK_4465-128x85.jpg 128w, https:\/\/partizani.al\/sq\/wp-content\/uploads\/2026\/03\/GJK_4465-32x21.jpg 32w, https:\/\/partizani.al\/sq\/wp-content\/uploads\/2026\/03\/GJK_4465-500x334.jpg 500w, https:\/\/partizani.al\/sq\/wp-content\/uploads\/2026\/03\/GJK_4465-800x534.jpg 800w, https:\/\/partizani.al\/sq\/wp-content\/uploads\/2026\/03\/GJK_4465-1280x854.jpg 1280w, https:\/\/partizani.al\/sq\/wp-content\/uploads\/2026\/03\/GJK_4465-899x600.jpg 899w, https:\/\/partizani.al\/sq\/wp-content\/uploads\/2026\/03\/GJK_4465-1140x761.jpg 1140w, https:\/\/partizani.al\/sq\/wp-content\/uploads\/2026\/03\/GJK_4465-200x133.jpg 200w, https:\/\/partizani.al\/sq\/wp-content\/uploads\/2026\/03\/GJK_4465-450x300.jpg 450w\" sizes=\"auto, (max-width: 1920px) 100vw, 1920px\" \/><\/p>\n<p><b>Keni diskutuar p\u00ebr nj\u00eb rikthim t\u00eb Asanit te Partizani\u00a0 &#8211;<\/b><\/p>\n<p><b>K\u00ebrnaja:<\/b>\u00a0Nuk besoj q\u00eb \u00ebsht\u00eb momenti dhe koha q\u00eb\u00a0\u00a0Asani t\u00eb kthehet, besoj ka nj\u00eb karrier\u00eb p\u00ebrpara. Shpresojm\u00eb q\u00eb edhe lufta t\u00eb mbaroj dhe t\u00eb kthehet pran\u00eb ekipit t\u00eb tij. T\u00eb shohim m\u00eb t\u00eb mir\u00ebn p\u00ebr djalin pjesa tjet\u00ebr jan\u00eb pro\u00e7edura q\u00eb zgjasin shum\u00eb dhe ne jemi n\u00eb 9 ndeshjet e fundit k\u00ebshtu q\u00eb nuk besoj se do t\u00eb ket\u00eb di\u00e7ka serioze momentalisht.<\/p>\n<p><img loading=\"lazy\" decoding=\"async\" class=\"alignnone size-full wp-image-67202\" src=\"https:\/\/partizani.al\/sq\/wp-content\/uploads\/2026\/03\/GJK_4514.jpg\" alt=\"\" width=\"1281\" height=\"1920\" srcset=\"https:\/\/partizani.al\/sq\/wp-content\/uploads\/2026\/03\/GJK_4514.jpg 1281w, https:\/\/partizani.al\/sq\/wp-content\/uploads\/2026\/03\/GJK_4514-200x300.jpg 200w, https:\/\/partizani.al\/sq\/wp-content\/uploads\/2026\/03\/GJK_4514-683x1024.jpg 683w, https:\/\/partizani.al\/sq\/wp-content\/uploads\/2026\/03\/GJK_4514-768x1151.jpg 768w, https:\/\/partizani.al\/sq\/wp-content\/uploads\/2026\/03\/GJK_4514-1025x1536.jpg 1025w, https:\/\/partizani.al\/sq\/wp-content\/uploads\/2026\/03\/GJK_4514-85x128.jpg 85w, https:\/\/partizani.al\/sq\/wp-content\/uploads\/2026\/03\/GJK_4514-21x32.jpg 21w, https:\/\/partizani.al\/sq\/wp-content\/uploads\/2026\/03\/GJK_4514-500x749.jpg 500w, https:\/\/partizani.al\/sq\/wp-content\/uploads\/2026\/03\/GJK_4514-800x1199.jpg 800w, https:\/\/partizani.al\/sq\/wp-content\/uploads\/2026\/03\/GJK_4514-400x600.jpg 400w, https:\/\/partizani.al\/sq\/wp-content\/uploads\/2026\/03\/GJK_4514-761x1140.jpg 761w, https:\/\/partizani.al\/sq\/wp-content\/uploads\/2026\/03\/GJK_4514-133x200.jpg 133w, https:\/\/partizani.al\/sq\/wp-content\/uploads\/2026\/03\/GJK_4514-300x450.jpg 300w\" sizes=\"auto, (max-width: 1281px) 100vw, 1281px\" \/><\/p>\n<p>__________<br \/>\n<iframe loading=\"lazy\" title=\"Konferenca p\u00ebr shtyp e trajnerit Oltijon K\u00ebrnaja, n\u00eb prag t\u00eb takimit ndaj Vor\u00ebs\" width=\"1778\" height=\"1000\" src=\"https:\/\/www.youtube.com\/embed\/AcehRvJB6TU?feature=oembed\" frameborder=\"0\" allow=\"accelerometer; autoplay; clipboard-write; encrypted-media; gyroscope; picture-in-picture; web-share\" referrerpolicy=\"strict-origin-when-cross-origin\" allowfullscreen><\/iframe><\/p>\n","protected":false},"excerpt":{"rendered":"<p>Partizani vjen si favorit n\u00eb ndeshjen ndaj Vor\u00ebs &#8211; K\u00ebrnaja:\u00a0Besoj q\u00eb nuk ka favorit\u00eb p\u00ebr k\u00ebt\u00eb ndeshje. Vijn\u00eb dy ekipe me situata t\u00eb ndryshme nga ajo e faz\u00ebs s\u00eb tret\u00eb&#8230;.<\/p>\n","protected":false},"author":1,"featured_media":67201,"comment_status":"closed","ping_status":"closed","sticky":false,"template":"","format":"standard","meta":{"_seopress_robots_primary_cat":"none","_seopress_titles_title":"","_seopress_titles_desc":"","_seopress_robots_index":"","_vp_format_video_url":"","_vp_image_focal_point":[],"footnotes":""},"categories":[107],"tags":[],"class_list":["post-67194","post","type-post","status-publish","format-standard","has-post-thumbnail","hentry","category-ekipi_i_pare"],"_links":{"self":[{"href":"https:\/\/partizani.al\/sq\/wp-json\/wp\/v2\/posts\/67194","targetHints":{"allow":["GET"]}}],"collection":[{"href":"https:\/\/partizani.al\/sq\/wp-json\/wp\/v2\/posts"}],"about":[{"href":"https:\/\/partizani.al\/sq\/wp-json\/wp\/v2\/types\/post"}],"author":[{"embeddable":true,"href":"https:\/\/partizani.al\/sq\/wp-json\/wp\/v2\/users\/1"}],"replies":[{"embeddable":true,"href":"https:\/\/partizani.al\/sq\/wp-json\/wp\/v2\/comments?post=67194"}],"version-history":[{"count":2,"href":"https:\/\/partizani.al\/sq\/wp-json\/wp\/v2\/posts\/67194\/revisions"}],"predecessor-version":[{"id":67205,"href":"https:\/\/partizani.al\/sq\/wp-json\/wp\/v2\/posts\/67194\/revisions\/67205"}],"wp:featuredmedia":[{"embeddable":true,"href":"https:\/\/partizani.al\/sq\/wp-json\/wp\/v2\/media\/67201"}],"wp:attachment":[{"href":"https:\/\/partizani.al\/sq\/wp-json\/wp\/v2\/media?parent=67194"}],"wp:term":[{"taxonomy":"category","embeddable":true,"href":"https:\/\/partizani.al\/sq\/wp-json\/wp\/v2\/categories?post=67194"},{"taxonomy":"post_tag","embeddable":true,"href":"https:\/\/partizani.al\/sq\/wp-json\/wp\/v2\/tags?post=67194"}],"curies":[{"name":"wp","href":"https:\/\/api.w.org\/{rel}","templated":true}]}}