{"id":65871,"date":"2026-01-15T19:12:50","date_gmt":"2026-01-15T17:12:50","guid":{"rendered":"https:\/\/partizani.al\/sq\/?p=65871"},"modified":"2026-01-15T19:12:50","modified_gmt":"2026-01-15T17:12:50","slug":"prononcimi-i-trajnerit-oltijon-kernaja-pas-takimit-ndaj-vores","status":"publish","type":"post","link":"https:\/\/partizani.al\/sq\/prononcimi-i-trajnerit-oltijon-kernaja-pas-takimit-ndaj-vores\/","title":{"rendered":"PRONONCIMI I TRAJNERIT OLTIJON K\u00cbRNAJA, PAS TAKIMIT NDAJ VOR\u00cbS"},"content":{"rendered":"<p>\ud83c\udf99\ufe0f| PRONONCIMI I TRAJNERIT OLTIJON K\u00cbRNAJA, PAS TAKIMIT NDAJ VOR\u00cbS \ud83d\udc47<\/p>\n<p><img loading=\"lazy\" decoding=\"async\" class=\"alignnone size-full wp-image-65874\" src=\"https:\/\/partizani.al\/sq\/wp-content\/uploads\/2026\/01\/FB_IMG_1768496986796.jpg\" alt=\"\" width=\"1322\" height=\"1080\" srcset=\"https:\/\/partizani.al\/sq\/wp-content\/uploads\/2026\/01\/FB_IMG_1768496986796.jpg 1322w, https:\/\/partizani.al\/sq\/wp-content\/uploads\/2026\/01\/FB_IMG_1768496986796-300x245.jpg 300w, https:\/\/partizani.al\/sq\/wp-content\/uploads\/2026\/01\/FB_IMG_1768496986796-1024x837.jpg 1024w, https:\/\/partizani.al\/sq\/wp-content\/uploads\/2026\/01\/FB_IMG_1768496986796-768x627.jpg 768w, https:\/\/partizani.al\/sq\/wp-content\/uploads\/2026\/01\/FB_IMG_1768496986796-128x105.jpg 128w, https:\/\/partizani.al\/sq\/wp-content\/uploads\/2026\/01\/FB_IMG_1768496986796-32x26.jpg 32w, https:\/\/partizani.al\/sq\/wp-content\/uploads\/2026\/01\/FB_IMG_1768496986796-500x408.jpg 500w, https:\/\/partizani.al\/sq\/wp-content\/uploads\/2026\/01\/FB_IMG_1768496986796-800x654.jpg 800w, https:\/\/partizani.al\/sq\/wp-content\/uploads\/2026\/01\/FB_IMG_1768496986796-1280x1046.jpg 1280w, https:\/\/partizani.al\/sq\/wp-content\/uploads\/2026\/01\/FB_IMG_1768496986796-734x600.jpg 734w, https:\/\/partizani.al\/sq\/wp-content\/uploads\/2026\/01\/FB_IMG_1768496986796-1140x931.jpg 1140w, https:\/\/partizani.al\/sq\/wp-content\/uploads\/2026\/01\/FB_IMG_1768496986796-200x163.jpg 200w, https:\/\/partizani.al\/sq\/wp-content\/uploads\/2026\/01\/FB_IMG_1768496986796-450x368.jpg 450w\" sizes=\"auto, (max-width: 1322px) 100vw, 1322px\" \/>K\u00ebrnaja: Sot i tentuam t\u00eb gjitha t\u00eb them t\u00eb drejt\u00ebn, kishim shum\u00eb raste, shp\u00ebrdoruam jasht\u00ebzakonisht shum\u00eb. M\u00eb vjen keq p\u00ebr djemt\u00eb se shp\u00ebrdoruam pa fund para port\u00ebs. Kishim situata 3 kund\u00ebr 1, 3 kund\u00ebr 2 pa fund. Pastaj ishte rasti i penalltis\u00eb, gj\u00ebra q\u00eb ndodhin n\u00eb futboll.<\/p>\n<p>Nuk mendoj se \u00ebsht\u00eb \u00e7\u00ebshtje emrash, por e vendosjes, besoj se n\u00eb pjes\u00ebn e par\u00eb nuk \u00ebsht\u00eb se kishte raste t\u00eb barabarta. Vora ka goditur vet\u00ebm nj\u00eb rast n\u00eb minut\u00ebn e 90, ne kishim 2 raste n\u00eb pjes\u00ebn e par\u00eb, q\u00eb ishte ai i Mehmetit ose rasti i penalltis\u00eb m\u00eb flagranti. Vora nuk kishte raste t\u00eb barabarta. Ne tentuam me z\u00ebvend\u00ebsimet n\u00eb pjes\u00ebn e dyt\u00eb me Diegon e Skuk\u00ebn, luajt\u00ebn bashk\u00eb me Isgandarlin e Bintsukan n\u00eb 4-2-4 p\u00ebr t\u00eb gjetur golin. Kishim raste, sidomos n\u00eb goditje standarte, n\u00eb nj\u00ebr\u00ebn e largoi mbrojt\u00ebsi n\u00eb vij\u00eb. Futbolli k\u00ebshtu \u00ebsht\u00eb, ligji i pashkruar q\u00eb n\u00ebse nuk sh\u00ebnon do p\u00ebsosh, e na ndodhi ne sot.<\/p>\n<p>&nbsp;<\/p>\n<p>Objektivat e skuadr\u00ebs &#8211;<\/p>\n<p>&nbsp;<\/p>\n<p>K\u00ebrnaja: P\u00ebr k\u00ebt\u00eb pyetje, n\u00ebse keni interes, pyesni m\u00eb lart, jo mua. Un\u00eb flas an\u00ebn taktike t\u00eb futbollit, me k\u00ebt\u00eb m\u00ebnyr\u00eb apo tjet\u00ebr ka marr\u00eb goxha pik\u00eb me mua. Partizani ka objektiva, e kam th\u00ebn\u00eb dhe e them prap\u00eb, mund t\u00eb kemi humbur, por me episode si me Dinamon, mund t\u00eb mbaronte 2-2. Episodet kan\u00eb vendosur ku jemi k\u00ebtu. Mos harrojm\u00eb nga kemi ardhur, jemi mes 8 ekipeve m\u00eb t\u00eb mira n\u00eb Kup\u00eb, jemi n\u00eb vend t\u00eb 6 e synojm\u00eb m\u00eb lart. M\u00ebnyr\u00ebn e t\u00eb luajturit ndoshta e lexojm\u00eb e interpretojm\u00eb ndryshe n\u00eb studio e fush\u00eb. Por n\u00ebse shihni statistikat e ndeshjes, Partizani sot ka qen\u00eb jasht\u00ebzakonisht shum\u00eb m\u00eb mir\u00eb se Vora, pavar\u00ebsisht se Vora \u00ebsht\u00eb ekip solid, ka fituar edhe me Elbasanin n\u00eb Elbasan, nuk \u00ebsht\u00eb ekip i vog\u00ebl. Futbolli i till\u00eb \u00ebsht\u00eb. Albasete mundi Realin, ndaj futbolli \u00ebsht\u00eb i bukur. N\u00eb studio \u00ebsht\u00eb m\u00eb i leht\u00eb por n\u00eb fush\u00eb \u00ebsht\u00eb m\u00eb i v\u00ebshtir\u00eb.<\/p>\n","protected":false},"excerpt":{"rendered":"<p>\ud83c\udf99\ufe0f| PRONONCIMI I TRAJNERIT OLTIJON K\u00cbRNAJA, PAS TAKIMIT NDAJ VOR\u00cbS \ud83d\udc47 K\u00ebrnaja: Sot i tentuam t\u00eb gjitha t\u00eb them t\u00eb drejt\u00ebn, kishim shum\u00eb raste, shp\u00ebrdoruam jasht\u00ebzakonisht shum\u00eb. M\u00eb vjen keq&#8230;<\/p>\n","protected":false},"author":2,"featured_media":65874,"comment_status":"closed","ping_status":"closed","sticky":false,"template":"","format":"standard","meta":{"_seopress_robots_primary_cat":"none","_seopress_titles_title":"","_seopress_titles_desc":"","_seopress_robots_index":"","_vp_format_video_url":"","_vp_image_focal_point":[],"footnotes":""},"categories":[107,199,208,202],"tags":[],"class_list":["post-65871","post","type-post","status-publish","format-standard","has-post-thumbnail","hentry","category-ekipi_i_pare","category-news","category-partizani-channel","category-press-conference"],"_links":{"self":[{"href":"https:\/\/partizani.al\/sq\/wp-json\/wp\/v2\/posts\/65871","targetHints":{"allow":["GET"]}}],"collection":[{"href":"https:\/\/partizani.al\/sq\/wp-json\/wp\/v2\/posts"}],"about":[{"href":"https:\/\/partizani.al\/sq\/wp-json\/wp\/v2\/types\/post"}],"author":[{"embeddable":true,"href":"https:\/\/partizani.al\/sq\/wp-json\/wp\/v2\/users\/2"}],"replies":[{"embeddable":true,"href":"https:\/\/partizani.al\/sq\/wp-json\/wp\/v2\/comments?post=65871"}],"version-history":[{"count":1,"href":"https:\/\/partizani.al\/sq\/wp-json\/wp\/v2\/posts\/65871\/revisions"}],"predecessor-version":[{"id":65875,"href":"https:\/\/partizani.al\/sq\/wp-json\/wp\/v2\/posts\/65871\/revisions\/65875"}],"wp:featuredmedia":[{"embeddable":true,"href":"https:\/\/partizani.al\/sq\/wp-json\/wp\/v2\/media\/65874"}],"wp:attachment":[{"href":"https:\/\/partizani.al\/sq\/wp-json\/wp\/v2\/media?parent=65871"}],"wp:term":[{"taxonomy":"category","embeddable":true,"href":"https:\/\/partizani.al\/sq\/wp-json\/wp\/v2\/categories?post=65871"},{"taxonomy":"post_tag","embeddable":true,"href":"https:\/\/partizani.al\/sq\/wp-json\/wp\/v2\/tags?post=65871"}],"curies":[{"name":"wp","href":"https:\/\/api.w.org\/{rel}","templated":true}]}}