{"id":65854,"date":"2026-01-13T16:44:50","date_gmt":"2026-01-13T14:44:50","guid":{"rendered":"https:\/\/partizani.al\/sq\/?p=65854"},"modified":"2026-01-13T16:44:50","modified_gmt":"2026-01-13T14:44:50","slug":"partizani-zbulon-rivalin-ne-cerekfinalet-e-kupes-se-shqiperise","status":"publish","type":"post","link":"https:\/\/partizani.al\/sq\/partizani-zbulon-rivalin-ne-cerekfinalet-e-kupes-se-shqiperise\/","title":{"rendered":"Partizani zbulon rivalin n\u00eb \u00e7erekfinalet e Kup\u00ebs s\u00eb Shqip\u00ebris\u00eb"},"content":{"rendered":"<p>\ud83c\udfc6 <strong>Kupa e Shqip\u00ebris\u00eb | \u00c7erekfinale<\/strong><\/p>\n<p>&nbsp;<\/p>\n<p>Partizani zbulon rivalin n\u00eb \u00e7erekfinalet e Kup\u00ebs s\u00eb Shqip\u00ebris\u00eb<\/p>\n<p>N\u00eb ambjentet e Federat\u00ebs Shqiptare t\u00eb Futbollit u hodh shorti i faz\u00ebs \u00e7erekfinale t\u00eb Kup\u00ebs s\u00eb Shqip\u00ebris\u00eb, ku FK Partizani do t\u00eb p\u00ebrballet me AF Elbasani.<img loading=\"lazy\" decoding=\"async\" class=\"alignnone size-full wp-image-65857\" src=\"https:\/\/partizani.al\/sq\/wp-content\/uploads\/2026\/01\/FB_IMG_1768315107371.jpg\" alt=\"\" width=\"1638\" height=\"2048\" srcset=\"https:\/\/partizani.al\/sq\/wp-content\/uploads\/2026\/01\/FB_IMG_1768315107371.jpg 1638w, https:\/\/partizani.al\/sq\/wp-content\/uploads\/2026\/01\/FB_IMG_1768315107371-240x300.jpg 240w, https:\/\/partizani.al\/sq\/wp-content\/uploads\/2026\/01\/FB_IMG_1768315107371-819x1024.jpg 819w, https:\/\/partizani.al\/sq\/wp-content\/uploads\/2026\/01\/FB_IMG_1768315107371-768x960.jpg 768w, https:\/\/partizani.al\/sq\/wp-content\/uploads\/2026\/01\/FB_IMG_1768315107371-1229x1536.jpg 1229w, https:\/\/partizani.al\/sq\/wp-content\/uploads\/2026\/01\/FB_IMG_1768315107371-102x128.jpg 102w, https:\/\/partizani.al\/sq\/wp-content\/uploads\/2026\/01\/FB_IMG_1768315107371-26x32.jpg 26w, https:\/\/partizani.al\/sq\/wp-content\/uploads\/2026\/01\/FB_IMG_1768315107371-500x625.jpg 500w, https:\/\/partizani.al\/sq\/wp-content\/uploads\/2026\/01\/FB_IMG_1768315107371-800x1000.jpg 800w, https:\/\/partizani.al\/sq\/wp-content\/uploads\/2026\/01\/FB_IMG_1768315107371-1280x1600.jpg 1280w, https:\/\/partizani.al\/sq\/wp-content\/uploads\/2026\/01\/FB_IMG_1768315107371-480x600.jpg 480w, https:\/\/partizani.al\/sq\/wp-content\/uploads\/2026\/01\/FB_IMG_1768315107371-912x1140.jpg 912w, https:\/\/partizani.al\/sq\/wp-content\/uploads\/2026\/01\/FB_IMG_1768315107371-160x200.jpg 160w, https:\/\/partizani.al\/sq\/wp-content\/uploads\/2026\/01\/FB_IMG_1768315107371-360x450.jpg 360w\" sizes=\"auto, (max-width: 1638px) 100vw, 1638px\" \/><\/p>\n<p>T\u00eb kuqt\u00eb vijn\u00eb pas nj\u00eb fitorje t\u00eb past\u00ebr n\u00eb raundin 1\/8 ndaj Burrelit, dhe tashm\u00eb synojn\u00eb t\u00eb vazhdojn\u00eb rrug\u00ebtimin e tyre drejt gjysm\u00ebfinaleve. Faza \u00e7erekfinale do t\u00eb zhvillohet me sistem vajtje-ardhje:<\/p>\n<p>\u27a1\ufe0f 11 shkurt \u2013 ndeshja e par\u00eb n\u00eb Elbasan Arena<\/p>\n<p>\u27a1\ufe0f 4 mars \u2013 ndeshja e kthimit n\u00eb Aren\u00ebn e Demave<\/p>\n<p><img loading=\"lazy\" decoding=\"async\" class=\"alignnone size-full wp-image-65858\" src=\"https:\/\/partizani.al\/sq\/wp-content\/uploads\/2026\/01\/images-5.jpeg\" alt=\"\" width=\"739\" height=\"415\" srcset=\"https:\/\/partizani.al\/sq\/wp-content\/uploads\/2026\/01\/images-5.jpeg 739w, https:\/\/partizani.al\/sq\/wp-content\/uploads\/2026\/01\/images-5-300x168.jpeg 300w, https:\/\/partizani.al\/sq\/wp-content\/uploads\/2026\/01\/images-5-128x72.jpeg 128w, https:\/\/partizani.al\/sq\/wp-content\/uploads\/2026\/01\/images-5-32x18.jpeg 32w, https:\/\/partizani.al\/sq\/wp-content\/uploads\/2026\/01\/images-5-500x281.jpeg 500w, https:\/\/partizani.al\/sq\/wp-content\/uploads\/2026\/01\/images-5-200x112.jpeg 200w, https:\/\/partizani.al\/sq\/wp-content\/uploads\/2026\/01\/images-5-450x253.jpeg 450w\" sizes=\"auto, (max-width: 739px) 100vw, 739px\" \/>FK Partizani do t\u00eb synoj\u00eb t\u00eb vazhdoj\u00eb rrug\u00ebtimin e tij n\u00eb k\u00ebt\u00eb kompeticion, me objektivin e qart\u00eb p\u00ebr t\u00eb synuar trofeun e kup\u00ebs .<\/p>\n","protected":false},"excerpt":{"rendered":"<p>\ud83c\udfc6 Kupa e Shqip\u00ebris\u00eb | \u00c7erekfinale &nbsp; Partizani zbulon rivalin n\u00eb \u00e7erekfinalet e Kup\u00ebs s\u00eb Shqip\u00ebris\u00eb N\u00eb ambjentet e Federat\u00ebs Shqiptare t\u00eb Futbollit u hodh shorti i faz\u00ebs \u00e7erekfinale t\u00eb&#8230;<\/p>\n","protected":false},"author":2,"featured_media":65858,"comment_status":"closed","ping_status":"closed","sticky":false,"template":"","format":"standard","meta":{"_seopress_robots_primary_cat":"none","_seopress_titles_title":"","_seopress_titles_desc":"","_seopress_robots_index":"","_vp_format_video_url":"","_vp_image_focal_point":[],"footnotes":""},"categories":[107,211,199],"tags":[],"class_list":["post-65854","post","type-post","status-publish","format-standard","has-post-thumbnail","hentry","category-ekipi_i_pare","category-kupa-e-shqiperise","category-news"],"_links":{"self":[{"href":"https:\/\/partizani.al\/sq\/wp-json\/wp\/v2\/posts\/65854","targetHints":{"allow":["GET"]}}],"collection":[{"href":"https:\/\/partizani.al\/sq\/wp-json\/wp\/v2\/posts"}],"about":[{"href":"https:\/\/partizani.al\/sq\/wp-json\/wp\/v2\/types\/post"}],"author":[{"embeddable":true,"href":"https:\/\/partizani.al\/sq\/wp-json\/wp\/v2\/users\/2"}],"replies":[{"embeddable":true,"href":"https:\/\/partizani.al\/sq\/wp-json\/wp\/v2\/comments?post=65854"}],"version-history":[{"count":1,"href":"https:\/\/partizani.al\/sq\/wp-json\/wp\/v2\/posts\/65854\/revisions"}],"predecessor-version":[{"id":65859,"href":"https:\/\/partizani.al\/sq\/wp-json\/wp\/v2\/posts\/65854\/revisions\/65859"}],"wp:featuredmedia":[{"embeddable":true,"href":"https:\/\/partizani.al\/sq\/wp-json\/wp\/v2\/media\/65858"}],"wp:attachment":[{"href":"https:\/\/partizani.al\/sq\/wp-json\/wp\/v2\/media?parent=65854"}],"wp:term":[{"taxonomy":"category","embeddable":true,"href":"https:\/\/partizani.al\/sq\/wp-json\/wp\/v2\/categories?post=65854"},{"taxonomy":"post_tag","embeddable":true,"href":"https:\/\/partizani.al\/sq\/wp-json\/wp\/v2\/tags?post=65854"}],"curies":[{"name":"wp","href":"https:\/\/api.w.org\/{rel}","templated":true}]}}