{"id":65249,"date":"2025-12-12T16:40:36","date_gmt":"2025-12-12T14:40:36","guid":{"rendered":"https:\/\/partizani.al\/sq\/?p=65249"},"modified":"2025-12-13T21:03:48","modified_gmt":"2025-12-13T19:03:48","slug":"konferenca-per-shtyp-e-trajnerit-oltijon-kernaja-dhe-portierit-pano-qirko-ne-prag-te-takimit-ndaj-flamurtarit","status":"publish","type":"post","link":"https:\/\/partizani.al\/sq\/konferenca-per-shtyp-e-trajnerit-oltijon-kernaja-dhe-portierit-pano-qirko-ne-prag-te-takimit-ndaj-flamurtarit\/","title":{"rendered":"Konferenca p\u00ebr shtyp e trajnerit Oltijon K\u00ebrnaja dhe portierit Pano Qirko, n\u00eb prag t\u00eb takimit ndaj Flamurtarit"},"content":{"rendered":"<p><b>Si e prisni ndeshjen ndaj Flamurtarit &#8211;<\/b><\/p>\n<p><b>K\u00ebrnaja:<\/b>\u00a0Flamurtari \u00ebsht\u00eb nj\u00eb ekip p\u00ebr tu vler\u00ebsuar. Sigurisht ka b\u00ebr\u00eb mir\u00eb n\u00eb k\u00ebto jav\u00ebt e fundit, panvar\u00ebsisht ndeshjes s\u00eb fundit me Dinamo City. Esht\u00eb nj\u00eb ndeshje e v\u00ebshtir\u00eb, por besoj q\u00eb \u00e7unat t\u00eb gjith\u00eb n\u00eb fush\u00eb do t\u00eb japin maksimumin dhe do ta p\u00ebrballojm\u00eb me sukses.<\/p>\n<p><img loading=\"lazy\" decoding=\"async\" class=\"alignnone size-full wp-image-65253\" src=\"https:\/\/partizani.al\/sq\/wp-content\/uploads\/2025\/12\/GJK_3278.jpg\" alt=\"\" width=\"1920\" height=\"1281\" srcset=\"https:\/\/partizani.al\/sq\/wp-content\/uploads\/2025\/12\/GJK_3278.jpg 1920w, https:\/\/partizani.al\/sq\/wp-content\/uploads\/2025\/12\/GJK_3278-300x200.jpg 300w, https:\/\/partizani.al\/sq\/wp-content\/uploads\/2025\/12\/GJK_3278-1024x683.jpg 1024w, https:\/\/partizani.al\/sq\/wp-content\/uploads\/2025\/12\/GJK_3278-768x512.jpg 768w, https:\/\/partizani.al\/sq\/wp-content\/uploads\/2025\/12\/GJK_3278-1536x1025.jpg 1536w, https:\/\/partizani.al\/sq\/wp-content\/uploads\/2025\/12\/GJK_3278-128x85.jpg 128w, https:\/\/partizani.al\/sq\/wp-content\/uploads\/2025\/12\/GJK_3278-32x21.jpg 32w, https:\/\/partizani.al\/sq\/wp-content\/uploads\/2025\/12\/GJK_3278-500x334.jpg 500w, https:\/\/partizani.al\/sq\/wp-content\/uploads\/2025\/12\/GJK_3278-800x534.jpg 800w, https:\/\/partizani.al\/sq\/wp-content\/uploads\/2025\/12\/GJK_3278-1280x854.jpg 1280w, https:\/\/partizani.al\/sq\/wp-content\/uploads\/2025\/12\/GJK_3278-899x600.jpg 899w, https:\/\/partizani.al\/sq\/wp-content\/uploads\/2025\/12\/GJK_3278-1140x761.jpg 1140w, https:\/\/partizani.al\/sq\/wp-content\/uploads\/2025\/12\/GJK_3278-200x133.jpg 200w, https:\/\/partizani.al\/sq\/wp-content\/uploads\/2025\/12\/GJK_3278-450x300.jpg 450w\" sizes=\"auto, (max-width: 1920px) 100vw, 1920px\" \/><\/p>\n<p><b>Si \u00ebsht\u00eb gjendja e skuadr\u00ebs &#8211;<\/b><\/p>\n<p><b>K\u00ebrnaja:<\/b>\u00a0Lojtar\u00eb t\u00eb d\u00ebmtuar si\u00e7 dihet tashm\u00eb p\u00ebrve\u00e7 Prek\u00ebs q\u00eb vazhdon t\u00eb jet\u00eb d\u00ebmtuar i \u00ebsht\u00eb shtuar edhe Arafat Dumbia i cili u d\u00ebmtua n\u00eb ndeshjen me Tiran\u00ebn. P\u00ebr shkak kartonash gjithashtu do t\u00eb na mungoj edhe Ismaili.<br \/>\n<b><br \/>\n<\/b><\/p>\n<div>\n<p><b><img loading=\"lazy\" decoding=\"async\" class=\"alignnone size-full wp-image-65254\" src=\"https:\/\/partizani.al\/sq\/wp-content\/uploads\/2025\/12\/GJK_3270.jpg\" alt=\"\" width=\"1920\" height=\"1281\" srcset=\"https:\/\/partizani.al\/sq\/wp-content\/uploads\/2025\/12\/GJK_3270.jpg 1920w, https:\/\/partizani.al\/sq\/wp-content\/uploads\/2025\/12\/GJK_3270-300x200.jpg 300w, https:\/\/partizani.al\/sq\/wp-content\/uploads\/2025\/12\/GJK_3270-1024x683.jpg 1024w, https:\/\/partizani.al\/sq\/wp-content\/uploads\/2025\/12\/GJK_3270-768x512.jpg 768w, https:\/\/partizani.al\/sq\/wp-content\/uploads\/2025\/12\/GJK_3270-1536x1025.jpg 1536w, https:\/\/partizani.al\/sq\/wp-content\/uploads\/2025\/12\/GJK_3270-128x85.jpg 128w, https:\/\/partizani.al\/sq\/wp-content\/uploads\/2025\/12\/GJK_3270-32x21.jpg 32w, https:\/\/partizani.al\/sq\/wp-content\/uploads\/2025\/12\/GJK_3270-500x334.jpg 500w, https:\/\/partizani.al\/sq\/wp-content\/uploads\/2025\/12\/GJK_3270-800x534.jpg 800w, https:\/\/partizani.al\/sq\/wp-content\/uploads\/2025\/12\/GJK_3270-1280x854.jpg 1280w, https:\/\/partizani.al\/sq\/wp-content\/uploads\/2025\/12\/GJK_3270-899x600.jpg 899w, https:\/\/partizani.al\/sq\/wp-content\/uploads\/2025\/12\/GJK_3270-1140x761.jpg 1140w, https:\/\/partizani.al\/sq\/wp-content\/uploads\/2025\/12\/GJK_3270-200x133.jpg 200w, https:\/\/partizani.al\/sq\/wp-content\/uploads\/2025\/12\/GJK_3270-450x300.jpg 450w\" sizes=\"auto, (max-width: 1920px) 100vw, 1920px\" \/>I druheni sulmuesit Maksuti &#8211;<\/b><\/p>\n<p><b>Qirko<\/b><b>:<\/b>\u00a0Mendoj se ndeshjet gjithmon\u00eb jan\u00eb t\u00eb v\u00ebshtira. Besoj se Shqip\u00ebria ka sulmues t\u00eb mir\u00eb. Sulmuesi Maksuti \u00ebsht\u00eb lojtar i mir\u00eb,\u00a0 por nuk i druhem, sepse jam shum\u00eb i lumtur edhe me pjes\u00ebn difensive t\u00eb ekipit. Kemi b\u00ebr\u00eb shum\u00eb ndeshje dhe kemi treguar q\u00eb jemi solid. Mendoj se k\u00ebt\u00eb p\u00ebrballje nuk kemi euforin\u00eb e ndedhjes derbi, jemi me k\u00ebmb\u00eb n\u00eb tok\u00eb dhe besoj se \u00e7do gj\u00eb funksionon.<\/p>\n<\/div>\n<div><img loading=\"lazy\" decoding=\"async\" class=\"alignnone size-full wp-image-65256\" src=\"https:\/\/partizani.al\/sq\/wp-content\/uploads\/2025\/12\/GJK_3300.jpg\" alt=\"\" width=\"1920\" height=\"1281\" srcset=\"https:\/\/partizani.al\/sq\/wp-content\/uploads\/2025\/12\/GJK_3300.jpg 1920w, https:\/\/partizani.al\/sq\/wp-content\/uploads\/2025\/12\/GJK_3300-300x200.jpg 300w, https:\/\/partizani.al\/sq\/wp-content\/uploads\/2025\/12\/GJK_3300-1024x683.jpg 1024w, https:\/\/partizani.al\/sq\/wp-content\/uploads\/2025\/12\/GJK_3300-768x512.jpg 768w, https:\/\/partizani.al\/sq\/wp-content\/uploads\/2025\/12\/GJK_3300-1536x1025.jpg 1536w, https:\/\/partizani.al\/sq\/wp-content\/uploads\/2025\/12\/GJK_3300-128x85.jpg 128w, https:\/\/partizani.al\/sq\/wp-content\/uploads\/2025\/12\/GJK_3300-32x21.jpg 32w, https:\/\/partizani.al\/sq\/wp-content\/uploads\/2025\/12\/GJK_3300-500x334.jpg 500w, https:\/\/partizani.al\/sq\/wp-content\/uploads\/2025\/12\/GJK_3300-800x534.jpg 800w, https:\/\/partizani.al\/sq\/wp-content\/uploads\/2025\/12\/GJK_3300-1280x854.jpg 1280w, https:\/\/partizani.al\/sq\/wp-content\/uploads\/2025\/12\/GJK_3300-899x600.jpg 899w, https:\/\/partizani.al\/sq\/wp-content\/uploads\/2025\/12\/GJK_3300-1140x761.jpg 1140w, https:\/\/partizani.al\/sq\/wp-content\/uploads\/2025\/12\/GJK_3300-200x133.jpg 200w, https:\/\/partizani.al\/sq\/wp-content\/uploads\/2025\/12\/GJK_3300-450x300.jpg 450w\" sizes=\"auto, (max-width: 1920px) 100vw, 1920px\" \/><\/div>\n","protected":false},"excerpt":{"rendered":"<p>Si e prisni ndeshjen ndaj Flamurtarit &#8211; K\u00ebrnaja:\u00a0Flamurtari \u00ebsht\u00eb nj\u00eb ekip p\u00ebr tu vler\u00ebsuar. Sigurisht ka b\u00ebr\u00eb mir\u00eb n\u00eb k\u00ebto jav\u00ebt e fundit, panvar\u00ebsisht ndeshjes s\u00eb fundit me Dinamo City&#8230;.<\/p>\n","protected":false},"author":1,"featured_media":65265,"comment_status":"closed","ping_status":"closed","sticky":false,"template":"","format":"standard","meta":{"_seopress_robots_primary_cat":"none","_seopress_titles_title":"","_seopress_titles_desc":"","_seopress_robots_index":"","_vp_format_video_url":"","_vp_image_focal_point":[],"footnotes":""},"categories":[107,202],"tags":[],"class_list":["post-65249","post","type-post","status-publish","format-standard","has-post-thumbnail","hentry","category-ekipi_i_pare","category-press-conference"],"_links":{"self":[{"href":"https:\/\/partizani.al\/sq\/wp-json\/wp\/v2\/posts\/65249","targetHints":{"allow":["GET"]}}],"collection":[{"href":"https:\/\/partizani.al\/sq\/wp-json\/wp\/v2\/posts"}],"about":[{"href":"https:\/\/partizani.al\/sq\/wp-json\/wp\/v2\/types\/post"}],"author":[{"embeddable":true,"href":"https:\/\/partizani.al\/sq\/wp-json\/wp\/v2\/users\/1"}],"replies":[{"embeddable":true,"href":"https:\/\/partizani.al\/sq\/wp-json\/wp\/v2\/comments?post=65249"}],"version-history":[{"count":3,"href":"https:\/\/partizani.al\/sq\/wp-json\/wp\/v2\/posts\/65249\/revisions"}],"predecessor-version":[{"id":65266,"href":"https:\/\/partizani.al\/sq\/wp-json\/wp\/v2\/posts\/65249\/revisions\/65266"}],"wp:featuredmedia":[{"embeddable":true,"href":"https:\/\/partizani.al\/sq\/wp-json\/wp\/v2\/media\/65265"}],"wp:attachment":[{"href":"https:\/\/partizani.al\/sq\/wp-json\/wp\/v2\/media?parent=65249"}],"wp:term":[{"taxonomy":"category","embeddable":true,"href":"https:\/\/partizani.al\/sq\/wp-json\/wp\/v2\/categories?post=65249"},{"taxonomy":"post_tag","embeddable":true,"href":"https:\/\/partizani.al\/sq\/wp-json\/wp\/v2\/tags?post=65249"}],"curies":[{"name":"wp","href":"https:\/\/api.w.org\/{rel}","templated":true}]}}