{"id":65027,"date":"2025-12-01T22:52:17","date_gmt":"2025-12-01T20:52:17","guid":{"rendered":"https:\/\/partizani.al\/sq\/?p=65027"},"modified":"2025-12-01T22:53:49","modified_gmt":"2025-12-01T20:53:49","slug":"akademia-partizani-rezultatet-e-javes-se-10-te-per-u17-u18-dhe-u19","status":"publish","type":"post","link":"https:\/\/partizani.al\/sq\/akademia-partizani-rezultatet-e-javes-se-10-te-per-u17-u18-dhe-u19\/","title":{"rendered":"Akademia Partizani \u2013 Rezultatet e Jav\u00ebs s\u00eb 10-t\u00eb p\u00ebr U17, U18 dhe U19"},"content":{"rendered":"<p><strong>Akademia Partizani \u2013 Rezultatet e Jav\u00ebs s\u00eb 10-t\u00eb p\u00ebr U17, U18 dhe U19<\/strong><\/p>\n<p><img loading=\"lazy\" decoding=\"async\" class=\"alignnone size-full wp-image-65030\" src=\"https:\/\/partizani.al\/sq\/wp-content\/uploads\/2025\/12\/6V5A4284-scaled.jpg\" alt=\"\" width=\"2560\" height=\"2048\" srcset=\"https:\/\/partizani.al\/sq\/wp-content\/uploads\/2025\/12\/6V5A4284-scaled.jpg 2560w, https:\/\/partizani.al\/sq\/wp-content\/uploads\/2025\/12\/6V5A4284-300x240.jpg 300w, https:\/\/partizani.al\/sq\/wp-content\/uploads\/2025\/12\/6V5A4284-1024x819.jpg 1024w, https:\/\/partizani.al\/sq\/wp-content\/uploads\/2025\/12\/6V5A4284-768x614.jpg 768w, https:\/\/partizani.al\/sq\/wp-content\/uploads\/2025\/12\/6V5A4284-1536x1229.jpg 1536w, https:\/\/partizani.al\/sq\/wp-content\/uploads\/2025\/12\/6V5A4284-2048x1638.jpg 2048w, https:\/\/partizani.al\/sq\/wp-content\/uploads\/2025\/12\/6V5A4284-128x102.jpg 128w, https:\/\/partizani.al\/sq\/wp-content\/uploads\/2025\/12\/6V5A4284-32x26.jpg 32w, https:\/\/partizani.al\/sq\/wp-content\/uploads\/2025\/12\/6V5A4284-500x400.jpg 500w, https:\/\/partizani.al\/sq\/wp-content\/uploads\/2025\/12\/6V5A4284-800x640.jpg 800w, https:\/\/partizani.al\/sq\/wp-content\/uploads\/2025\/12\/6V5A4284-1280x1024.jpg 1280w, https:\/\/partizani.al\/sq\/wp-content\/uploads\/2025\/12\/6V5A4284-1920x1536.jpg 1920w, https:\/\/partizani.al\/sq\/wp-content\/uploads\/2025\/12\/6V5A4284-750x600.jpg 750w, https:\/\/partizani.al\/sq\/wp-content\/uploads\/2025\/12\/6V5A4284-1140x912.jpg 1140w, https:\/\/partizani.al\/sq\/wp-content\/uploads\/2025\/12\/6V5A4284-200x160.jpg 200w, https:\/\/partizani.al\/sq\/wp-content\/uploads\/2025\/12\/6V5A4284-450x360.jpg 450w\" sizes=\"auto, (max-width: 2560px) 100vw, 2560px\" \/>Akademia Partizani p\u00ebrmbylli nj\u00eb nga jav\u00ebt m\u00eb t\u00eb suksesshme t\u00eb k\u00ebtij sezoni, teksa t\u00eb tre skuadrat kryesore U17, U18 dhe U19\u00a0 arrit\u00ebn fitore t\u00eb r\u00ebnd\u00ebsishme ndaj rival\u00ebve direkt n\u00eb gar\u00ebn p\u00ebr kreun e renditjes. Me k\u00ebto rezultate, t\u00eb tre grupmoshat ngjiten n\u00eb vendin e par\u00eb, duke vendosur emrin e Akademis\u00eb s\u00eb Partizanit n\u00eb krye si rrall\u00ebher\u00eb m\u00eb par\u00eb.<\/p>\n<p><strong>U19 | Partizani \u2013 Bylis 2:1<\/strong><\/p>\n<p>T\u00eb premten, m\u00eb 28 n\u00ebntor, skuadra U19 e drejtuar nga Fatjon Muhameti mori nj\u00eb fitore shum\u00eb t\u00eb vlefshme ndaj Bylisit, n\u00eb nj\u00eb duel direkt p\u00ebr kreun.<\/p>\n<p><img decoding=\"async\" class=\"alignnone size-full wp-image-65031\" src=\"https:\/\/partizani.al\/sq\/wp-content\/uploads\/2025\/12\/IMG_20251130_110508_901.heic\" alt=\"\" \/><img loading=\"lazy\" decoding=\"async\" class=\"alignnone size-full wp-image-65032\" src=\"https:\/\/partizani.al\/sq\/wp-content\/uploads\/2025\/12\/IMG_20251130_110508_901_edit_286084779788001.jpg\" alt=\"\" width=\"1440\" height=\"1175\" srcset=\"https:\/\/partizani.al\/sq\/wp-content\/uploads\/2025\/12\/IMG_20251130_110508_901_edit_286084779788001.jpg 1440w, https:\/\/partizani.al\/sq\/wp-content\/uploads\/2025\/12\/IMG_20251130_110508_901_edit_286084779788001-300x245.jpg 300w, https:\/\/partizani.al\/sq\/wp-content\/uploads\/2025\/12\/IMG_20251130_110508_901_edit_286084779788001-1024x836.jpg 1024w, https:\/\/partizani.al\/sq\/wp-content\/uploads\/2025\/12\/IMG_20251130_110508_901_edit_286084779788001-768x627.jpg 768w, https:\/\/partizani.al\/sq\/wp-content\/uploads\/2025\/12\/IMG_20251130_110508_901_edit_286084779788001-128x104.jpg 128w, https:\/\/partizani.al\/sq\/wp-content\/uploads\/2025\/12\/IMG_20251130_110508_901_edit_286084779788001-32x26.jpg 32w, https:\/\/partizani.al\/sq\/wp-content\/uploads\/2025\/12\/IMG_20251130_110508_901_edit_286084779788001-500x408.jpg 500w, https:\/\/partizani.al\/sq\/wp-content\/uploads\/2025\/12\/IMG_20251130_110508_901_edit_286084779788001-800x653.jpg 800w, https:\/\/partizani.al\/sq\/wp-content\/uploads\/2025\/12\/IMG_20251130_110508_901_edit_286084779788001-1280x1044.jpg 1280w, https:\/\/partizani.al\/sq\/wp-content\/uploads\/2025\/12\/IMG_20251130_110508_901_edit_286084779788001-735x600.jpg 735w, https:\/\/partizani.al\/sq\/wp-content\/uploads\/2025\/12\/IMG_20251130_110508_901_edit_286084779788001-1140x930.jpg 1140w, https:\/\/partizani.al\/sq\/wp-content\/uploads\/2025\/12\/IMG_20251130_110508_901_edit_286084779788001-200x163.jpg 200w, https:\/\/partizani.al\/sq\/wp-content\/uploads\/2025\/12\/IMG_20251130_110508_901_edit_286084779788001-450x367.jpg 450w\" sizes=\"auto, (max-width: 1440px) 100vw, 1440px\" \/>Golat:<\/p>\n<p>62\u2019 \u2013 Erald Rrenga (nga pika e bardh\u00eb, i sakt\u00eb n\u00eb ekzekutim)<\/p>\n<p>87\u2019 \u2013 Musa Lleshaj (dyfishon avantazhin)<\/p>\n<p>Miqt\u00eb nga Ballshi ngushtuan rezultatin n\u00eb minutat e shtes\u00ebs, por Partizani administroi avantazhin dhe mbylli takimin 2:1.<\/p>\n<p>Ndeshja e ardhshme:<\/p>\n<p>T\u00eb mart\u00ebn n\u00eb or\u00ebn 12:00, t\u00eb kuqt\u00eb do t\u00eb luajn\u00eb ndeshjen e prapambetur ndaj Sk\u00ebnderbeut n\u00eb Aren\u00ebn e Demave.<\/p>\n<p>&nbsp;<\/p>\n<p><strong>U18 | Partizani \u2013 Tirana 2:1<\/strong><\/p>\n<p><img loading=\"lazy\" decoding=\"async\" class=\"alignnone size-full wp-image-65033\" src=\"https:\/\/partizani.al\/sq\/wp-content\/uploads\/2025\/12\/6V5A2417-scaled.jpg\" alt=\"\" width=\"2048\" height=\"2560\" srcset=\"https:\/\/partizani.al\/sq\/wp-content\/uploads\/2025\/12\/6V5A2417-scaled.jpg 2048w, https:\/\/partizani.al\/sq\/wp-content\/uploads\/2025\/12\/6V5A2417-240x300.jpg 240w, https:\/\/partizani.al\/sq\/wp-content\/uploads\/2025\/12\/6V5A2417-819x1024.jpg 819w, https:\/\/partizani.al\/sq\/wp-content\/uploads\/2025\/12\/6V5A2417-768x960.jpg 768w, https:\/\/partizani.al\/sq\/wp-content\/uploads\/2025\/12\/6V5A2417-1229x1536.jpg 1229w, https:\/\/partizani.al\/sq\/wp-content\/uploads\/2025\/12\/6V5A2417-1638x2048.jpg 1638w, https:\/\/partizani.al\/sq\/wp-content\/uploads\/2025\/12\/6V5A2417-102x128.jpg 102w, https:\/\/partizani.al\/sq\/wp-content\/uploads\/2025\/12\/6V5A2417-26x32.jpg 26w, https:\/\/partizani.al\/sq\/wp-content\/uploads\/2025\/12\/6V5A2417-500x625.jpg 500w, https:\/\/partizani.al\/sq\/wp-content\/uploads\/2025\/12\/6V5A2417-800x1000.jpg 800w, https:\/\/partizani.al\/sq\/wp-content\/uploads\/2025\/12\/6V5A2417-1280x1600.jpg 1280w, https:\/\/partizani.al\/sq\/wp-content\/uploads\/2025\/12\/6V5A2417-1920x2400.jpg 1920w, https:\/\/partizani.al\/sq\/wp-content\/uploads\/2025\/12\/6V5A2417-480x600.jpg 480w, https:\/\/partizani.al\/sq\/wp-content\/uploads\/2025\/12\/6V5A2417-912x1140.jpg 912w, https:\/\/partizani.al\/sq\/wp-content\/uploads\/2025\/12\/6V5A2417-160x200.jpg 160w, https:\/\/partizani.al\/sq\/wp-content\/uploads\/2025\/12\/6V5A2417-360x450.jpg 360w\" sizes=\"auto, (max-width: 2048px) 100vw, 2048px\" \/>Nj\u00eb fitore dramatike p\u00ebr t\u00eb besuarit e Aldo Duros, t\u00eb cil\u00ebt luftuan deri n\u00eb sekond\u00ebn e fundit p\u00ebr t\u00eb ruajtur dhe mbrojtur avantazhin.<\/p>\n<p>Golat:<\/p>\n<p>Rei Zekaj n\u00eb minut\u00ebn e 34&#8242;<\/p>\n<p>Orgito Lleshaj n\u00eb minut\u00ebn e 49&#8242;<\/p>\n<p>N\u00eb nj\u00eb duel t\u00eb luftuar ndaj Tiran\u00ebs, U18 tregoi karakter, disiplin\u00eb dhe sakrifikim, duke marr\u00eb nj\u00eb trepik\u00ebsh me shum\u00eb vler\u00eb p\u00ebr vazhdim\u00ebsin\u00eb e kampionatit.<\/p>\n<p>&nbsp;<\/p>\n<p><strong>U17 | Partizani \u2013 Tirana 2:1<\/strong><\/p>\n<p>Edhe U17 e Algert Hurdh\u00ebs siguroi nj\u00eb fitore t\u00eb madhe ndaj Tiran\u00ebs, me nj\u00eb moment\u00a0 dramatike q\u00eb kulmoi n\u00eb sekondat e fundit me fest\u00ebn e kuqe .<img loading=\"lazy\" decoding=\"async\" class=\"alignnone size-full wp-image-65034\" src=\"https:\/\/partizani.al\/sq\/wp-content\/uploads\/2025\/12\/6V5A4284-1-scaled.jpg\" alt=\"\" width=\"2560\" height=\"2048\" srcset=\"https:\/\/partizani.al\/sq\/wp-content\/uploads\/2025\/12\/6V5A4284-1-scaled.jpg 2560w, https:\/\/partizani.al\/sq\/wp-content\/uploads\/2025\/12\/6V5A4284-1-300x240.jpg 300w, https:\/\/partizani.al\/sq\/wp-content\/uploads\/2025\/12\/6V5A4284-1-1024x819.jpg 1024w, https:\/\/partizani.al\/sq\/wp-content\/uploads\/2025\/12\/6V5A4284-1-768x614.jpg 768w, https:\/\/partizani.al\/sq\/wp-content\/uploads\/2025\/12\/6V5A4284-1-1536x1229.jpg 1536w, https:\/\/partizani.al\/sq\/wp-content\/uploads\/2025\/12\/6V5A4284-1-2048x1638.jpg 2048w, https:\/\/partizani.al\/sq\/wp-content\/uploads\/2025\/12\/6V5A4284-1-128x102.jpg 128w, https:\/\/partizani.al\/sq\/wp-content\/uploads\/2025\/12\/6V5A4284-1-32x26.jpg 32w, https:\/\/partizani.al\/sq\/wp-content\/uploads\/2025\/12\/6V5A4284-1-500x400.jpg 500w, https:\/\/partizani.al\/sq\/wp-content\/uploads\/2025\/12\/6V5A4284-1-800x640.jpg 800w, https:\/\/partizani.al\/sq\/wp-content\/uploads\/2025\/12\/6V5A4284-1-1280x1024.jpg 1280w, https:\/\/partizani.al\/sq\/wp-content\/uploads\/2025\/12\/6V5A4284-1-1920x1536.jpg 1920w, https:\/\/partizani.al\/sq\/wp-content\/uploads\/2025\/12\/6V5A4284-1-750x600.jpg 750w, https:\/\/partizani.al\/sq\/wp-content\/uploads\/2025\/12\/6V5A4284-1-1140x912.jpg 1140w, https:\/\/partizani.al\/sq\/wp-content\/uploads\/2025\/12\/6V5A4284-1-200x160.jpg 200w, https:\/\/partizani.al\/sq\/wp-content\/uploads\/2025\/12\/6V5A4284-1-450x360.jpg 450w\" sizes=\"auto, (max-width: 2560px) 100vw, 2560px\" \/><\/p>\n<p>Golat:<\/p>\n<p>Odisea Gjati \u2013 sh\u00ebnon nj\u00eb supergol p\u00ebr avantazhin fillestar n\u00eb minut\u00ebn e 12&#8242;<\/p>\n<p>Bardheblut\u00eb barazojn\u00eb rezultatin me Matrakun nga pika e bardh\u00eb n\u00eb minut\u00ebn e 72&#8242;<\/p>\n<p>Nikolo Hykollari \u2013 sh\u00ebnon golin vendimtar n\u00eb sekond\u00ebn e fundit pas nj\u00eb goditjeje k\u00ebndi, duke vulosur fitoren 2:1 n\u00eb minut\u00ebn e 94&#8242;<\/p>\n<p>Nj\u00eb sfid\u00eb e luftuar, me rit\u00ebm, emocione dhe nj\u00eb fund t\u00eb zjarrt\u00eb.<\/p>\n<p><img loading=\"lazy\" decoding=\"async\" class=\"alignnone size-full wp-image-65035\" src=\"https:\/\/partizani.al\/sq\/wp-content\/uploads\/2025\/12\/IMG_20251129_203804_954.jpg\" alt=\"\" width=\"1170\" height=\"1560\" srcset=\"https:\/\/partizani.al\/sq\/wp-content\/uploads\/2025\/12\/IMG_20251129_203804_954.jpg 1170w, https:\/\/partizani.al\/sq\/wp-content\/uploads\/2025\/12\/IMG_20251129_203804_954-225x300.jpg 225w, https:\/\/partizani.al\/sq\/wp-content\/uploads\/2025\/12\/IMG_20251129_203804_954-768x1024.jpg 768w, https:\/\/partizani.al\/sq\/wp-content\/uploads\/2025\/12\/IMG_20251129_203804_954-1152x1536.jpg 1152w, https:\/\/partizani.al\/sq\/wp-content\/uploads\/2025\/12\/IMG_20251129_203804_954-96x128.jpg 96w, https:\/\/partizani.al\/sq\/wp-content\/uploads\/2025\/12\/IMG_20251129_203804_954-24x32.jpg 24w, https:\/\/partizani.al\/sq\/wp-content\/uploads\/2025\/12\/IMG_20251129_203804_954-500x667.jpg 500w, https:\/\/partizani.al\/sq\/wp-content\/uploads\/2025\/12\/IMG_20251129_203804_954-800x1067.jpg 800w, https:\/\/partizani.al\/sq\/wp-content\/uploads\/2025\/12\/IMG_20251129_203804_954-450x600.jpg 450w, https:\/\/partizani.al\/sq\/wp-content\/uploads\/2025\/12\/IMG_20251129_203804_954-855x1140.jpg 855w, https:\/\/partizani.al\/sq\/wp-content\/uploads\/2025\/12\/IMG_20251129_203804_954-150x200.jpg 150w, https:\/\/partizani.al\/sq\/wp-content\/uploads\/2025\/12\/IMG_20251129_203804_954-338x450.jpg 338w\" sizes=\"auto, (max-width: 1170px) 100vw, 1170px\" \/>Akademia Partizani n\u00eb Krye t\u00eb Renditjes<\/p>\n<p>Fitoret e tre grupmoshave soll\u00ebn nj\u00eb arritje fantastike :<\/p>\n<p>U17, U18 dhe U19 ngjiten t\u00eb gjitha n\u00eb vendin e par\u00eb n\u00eb tabelat respektive, duke e vendosur Akademin\u00eb e Partizanit si forc\u00ebn kryesore t\u00eb futbollit t\u00eb moshave n\u00eb k\u00ebt\u00eb moment t\u00eb sezonit.<\/p>\n<p>Performanca, karakteri,\u00a0 dhe fitoret ndaj rival\u00ebve direkt e b\u00ebjn\u00eb k\u00ebt\u00eb jav\u00eb nj\u00eb prej m\u00eb t\u00eb suksesshmeve t\u00eb viteve t\u00eb fundit p\u00ebr struktur\u00ebn e akademis\u00eb s\u00eb kuqe.<\/p>\n<p>&nbsp;<\/p>\n","protected":false},"excerpt":{"rendered":"<p>Akademia Partizani \u2013 Rezultatet e Jav\u00ebs s\u00eb 10-t\u00eb p\u00ebr U17, U18 dhe U19 Akademia Partizani p\u00ebrmbylli nj\u00eb nga jav\u00ebt m\u00eb t\u00eb suksesshme t\u00eb k\u00ebtij sezoni, teksa t\u00eb tre skuadrat kryesore&#8230;<\/p>\n","protected":false},"author":2,"featured_media":65035,"comment_status":"closed","ping_status":"closed","sticky":false,"template":"","format":"standard","meta":{"_seopress_robots_primary_cat":"none","_seopress_titles_title":"","_seopress_titles_desc":"","_seopress_robots_index":"","_vp_format_video_url":"","_vp_image_focal_point":[],"footnotes":""},"categories":[189,199,208,101,184,102],"tags":[],"class_list":["post-65027","post","type-post","status-publish","format-standard","has-post-thumbnail","hentry","category-akademia","category-news","category-partizani-channel","category-u-17","category-u-18","category-u-19"],"_links":{"self":[{"href":"https:\/\/partizani.al\/sq\/wp-json\/wp\/v2\/posts\/65027","targetHints":{"allow":["GET"]}}],"collection":[{"href":"https:\/\/partizani.al\/sq\/wp-json\/wp\/v2\/posts"}],"about":[{"href":"https:\/\/partizani.al\/sq\/wp-json\/wp\/v2\/types\/post"}],"author":[{"embeddable":true,"href":"https:\/\/partizani.al\/sq\/wp-json\/wp\/v2\/users\/2"}],"replies":[{"embeddable":true,"href":"https:\/\/partizani.al\/sq\/wp-json\/wp\/v2\/comments?post=65027"}],"version-history":[{"count":2,"href":"https:\/\/partizani.al\/sq\/wp-json\/wp\/v2\/posts\/65027\/revisions"}],"predecessor-version":[{"id":65037,"href":"https:\/\/partizani.al\/sq\/wp-json\/wp\/v2\/posts\/65027\/revisions\/65037"}],"wp:featuredmedia":[{"embeddable":true,"href":"https:\/\/partizani.al\/sq\/wp-json\/wp\/v2\/media\/65035"}],"wp:attachment":[{"href":"https:\/\/partizani.al\/sq\/wp-json\/wp\/v2\/media?parent=65027"}],"wp:term":[{"taxonomy":"category","embeddable":true,"href":"https:\/\/partizani.al\/sq\/wp-json\/wp\/v2\/categories?post=65027"},{"taxonomy":"post_tag","embeddable":true,"href":"https:\/\/partizani.al\/sq\/wp-json\/wp\/v2\/tags?post=65027"}],"curies":[{"name":"wp","href":"https:\/\/api.w.org\/{rel}","templated":true}]}}