{"id":64838,"date":"2025-11-22T17:22:10","date_gmt":"2025-11-22T15:22:10","guid":{"rendered":"https:\/\/partizani.al\/sq\/?p=64838"},"modified":"2025-11-22T17:22:10","modified_gmt":"2025-11-22T15:22:10","slug":"prononcimi-i-mbrojtesit-altin-bytyci-ne-konferencen-per-shtyp-ne-prag-te-takimit-ndaj-vllaznise","status":"publish","type":"post","link":"https:\/\/partizani.al\/sq\/prononcimi-i-mbrojtesit-altin-bytyci-ne-konferencen-per-shtyp-ne-prag-te-takimit-ndaj-vllaznise\/","title":{"rendered":"Prononcimi i mbrojt\u00ebsit Altin Byty\u00e7i n\u00eb konferenc\u00ebn p\u00ebr shtyp, n\u00eb prag t\u00eb takimit ndaj Vllaznis\u00eb"},"content":{"rendered":"<p><b>Si \u00ebsht\u00eb gjendja brenda grupit &#8211;<\/b><b><\/b><\/p>\n<p><b>Byty\u00e7i<\/b><b>:<\/b>\u00a0Gjendja brenda grupit \u00ebsht\u00eb mjaft e mir\u00eb. T\u00eb gjith\u00eb e din q\u00eb Partizani n\u00eb \u00e7do ndeshje futet p\u00ebr 3 pik\u00ebt, nuk e diskutojm\u00eb nj\u00eb tjet\u00ebr rezultat. Shpresoj te \u00e7unat dhe te stafi q\u00eb nes\u00ebr do t&#8217;ia dalim me kok\u00ebn lart.<\/p>\n<p><img loading=\"lazy\" decoding=\"async\" class=\"alignnone size-full wp-image-64841\" src=\"https:\/\/partizani.al\/sq\/wp-content\/uploads\/2025\/11\/GJK_9916.jpg\" alt=\"\" width=\"1920\" height=\"1281\" srcset=\"https:\/\/partizani.al\/sq\/wp-content\/uploads\/2025\/11\/GJK_9916.jpg 1920w, https:\/\/partizani.al\/sq\/wp-content\/uploads\/2025\/11\/GJK_9916-300x200.jpg 300w, https:\/\/partizani.al\/sq\/wp-content\/uploads\/2025\/11\/GJK_9916-1024x683.jpg 1024w, https:\/\/partizani.al\/sq\/wp-content\/uploads\/2025\/11\/GJK_9916-768x512.jpg 768w, https:\/\/partizani.al\/sq\/wp-content\/uploads\/2025\/11\/GJK_9916-1536x1025.jpg 1536w, https:\/\/partizani.al\/sq\/wp-content\/uploads\/2025\/11\/GJK_9916-128x85.jpg 128w, https:\/\/partizani.al\/sq\/wp-content\/uploads\/2025\/11\/GJK_9916-32x21.jpg 32w, https:\/\/partizani.al\/sq\/wp-content\/uploads\/2025\/11\/GJK_9916-500x334.jpg 500w, https:\/\/partizani.al\/sq\/wp-content\/uploads\/2025\/11\/GJK_9916-800x534.jpg 800w, https:\/\/partizani.al\/sq\/wp-content\/uploads\/2025\/11\/GJK_9916-1280x854.jpg 1280w, https:\/\/partizani.al\/sq\/wp-content\/uploads\/2025\/11\/GJK_9916-899x600.jpg 899w, https:\/\/partizani.al\/sq\/wp-content\/uploads\/2025\/11\/GJK_9916-1140x761.jpg 1140w, https:\/\/partizani.al\/sq\/wp-content\/uploads\/2025\/11\/GJK_9916-200x133.jpg 200w, https:\/\/partizani.al\/sq\/wp-content\/uploads\/2025\/11\/GJK_9916-450x300.jpg 450w\" sizes=\"auto, (max-width: 1920px) 100vw, 1920px\" \/><\/p>\n<p><b>Pozicioni Partizanit n\u00eb klasifikim &#8211;<\/b><b><\/b><\/p>\n<p><b>Byty\u00e7i<\/b><b>:<\/b>\u00a0Nuk \u00ebsht\u00eb nj\u00eb ndjesi e mir\u00eb kur shohim tabel\u00ebn e renditjes, nuk jemi aty ku e meritojm\u00eb. Besoj te \u00e7unat q\u00eb do t\u00eb ringrihemi shum\u00eb shpejt dhe ta \u00e7ojm\u00eb Partizanin aty ku e ka vendin e vet.<\/p>\n<p><b>Ndeshja me Vllaznin\u00eb &#8211;<\/b><b><\/b><\/p>\n<p><b>Byty\u00e7i<\/b><b>:<\/b> Kemi punuar gjat\u00eb jav\u00ebs. Kemi patur avantazh edhe pushimin prej komb\u00ebtares. Besoj q\u00eb kemi punuar gj\u00ebrat e duhura. Personalisht nga sfida e nes\u00ebrme pres q\u00eb t\u00eb marrim 3 pik\u00ebt.<\/p>\n<p><img loading=\"lazy\" decoding=\"async\" class=\"alignnone size-full wp-image-64842\" src=\"https:\/\/partizani.al\/sq\/wp-content\/uploads\/2025\/11\/GJK_9909.jpg\" alt=\"\" width=\"1281\" height=\"1920\" srcset=\"https:\/\/partizani.al\/sq\/wp-content\/uploads\/2025\/11\/GJK_9909.jpg 1281w, https:\/\/partizani.al\/sq\/wp-content\/uploads\/2025\/11\/GJK_9909-200x300.jpg 200w, https:\/\/partizani.al\/sq\/wp-content\/uploads\/2025\/11\/GJK_9909-683x1024.jpg 683w, https:\/\/partizani.al\/sq\/wp-content\/uploads\/2025\/11\/GJK_9909-768x1151.jpg 768w, https:\/\/partizani.al\/sq\/wp-content\/uploads\/2025\/11\/GJK_9909-1025x1536.jpg 1025w, https:\/\/partizani.al\/sq\/wp-content\/uploads\/2025\/11\/GJK_9909-85x128.jpg 85w, https:\/\/partizani.al\/sq\/wp-content\/uploads\/2025\/11\/GJK_9909-21x32.jpg 21w, https:\/\/partizani.al\/sq\/wp-content\/uploads\/2025\/11\/GJK_9909-500x749.jpg 500w, https:\/\/partizani.al\/sq\/wp-content\/uploads\/2025\/11\/GJK_9909-800x1199.jpg 800w, https:\/\/partizani.al\/sq\/wp-content\/uploads\/2025\/11\/GJK_9909-400x600.jpg 400w, https:\/\/partizani.al\/sq\/wp-content\/uploads\/2025\/11\/GJK_9909-761x1140.jpg 761w, https:\/\/partizani.al\/sq\/wp-content\/uploads\/2025\/11\/GJK_9909-133x200.jpg 133w, https:\/\/partizani.al\/sq\/wp-content\/uploads\/2025\/11\/GJK_9909-300x450.jpg 300w\" sizes=\"auto, (max-width: 1281px) 100vw, 1281px\" \/><\/p>\n","protected":false},"excerpt":{"rendered":"<p>Si \u00ebsht\u00eb gjendja brenda grupit &#8211; Byty\u00e7i:\u00a0Gjendja brenda grupit \u00ebsht\u00eb mjaft e mir\u00eb. T\u00eb gjith\u00eb e din q\u00eb Partizani n\u00eb \u00e7do ndeshje futet p\u00ebr 3 pik\u00ebt, nuk e diskutojm\u00eb nj\u00eb&#8230;<\/p>\n","protected":false},"author":1,"featured_media":64841,"comment_status":"closed","ping_status":"closed","sticky":false,"template":"","format":"standard","meta":{"_seopress_robots_primary_cat":"none","_seopress_titles_title":"","_seopress_titles_desc":"","_seopress_robots_index":"","_vp_format_video_url":"","_vp_image_focal_point":[],"footnotes":""},"categories":[107],"tags":[],"class_list":["post-64838","post","type-post","status-publish","format-standard","has-post-thumbnail","hentry","category-ekipi_i_pare"],"_links":{"self":[{"href":"https:\/\/partizani.al\/sq\/wp-json\/wp\/v2\/posts\/64838","targetHints":{"allow":["GET"]}}],"collection":[{"href":"https:\/\/partizani.al\/sq\/wp-json\/wp\/v2\/posts"}],"about":[{"href":"https:\/\/partizani.al\/sq\/wp-json\/wp\/v2\/types\/post"}],"author":[{"embeddable":true,"href":"https:\/\/partizani.al\/sq\/wp-json\/wp\/v2\/users\/1"}],"replies":[{"embeddable":true,"href":"https:\/\/partizani.al\/sq\/wp-json\/wp\/v2\/comments?post=64838"}],"version-history":[{"count":1,"href":"https:\/\/partizani.al\/sq\/wp-json\/wp\/v2\/posts\/64838\/revisions"}],"predecessor-version":[{"id":64843,"href":"https:\/\/partizani.al\/sq\/wp-json\/wp\/v2\/posts\/64838\/revisions\/64843"}],"wp:featuredmedia":[{"embeddable":true,"href":"https:\/\/partizani.al\/sq\/wp-json\/wp\/v2\/media\/64841"}],"wp:attachment":[{"href":"https:\/\/partizani.al\/sq\/wp-json\/wp\/v2\/media?parent=64838"}],"wp:term":[{"taxonomy":"category","embeddable":true,"href":"https:\/\/partizani.al\/sq\/wp-json\/wp\/v2\/categories?post=64838"},{"taxonomy":"post_tag","embeddable":true,"href":"https:\/\/partizani.al\/sq\/wp-json\/wp\/v2\/tags?post=64838"}],"curies":[{"name":"wp","href":"https:\/\/api.w.org\/{rel}","templated":true}]}}