{"id":64820,"date":"2025-11-21T23:10:23","date_gmt":"2025-11-21T21:10:23","guid":{"rendered":"https:\/\/partizani.al\/sq\/?p=64820"},"modified":"2025-11-21T23:10:23","modified_gmt":"2025-11-21T21:10:23","slug":"%f0%9f%94%b4-partizani-perfaqesohet-me-dy-futbolliste-ne-kombetaren-u-19-%f0%9f%87%a6%f0%9f%87%b1","status":"publish","type":"post","link":"https:\/\/partizani.al\/sq\/%f0%9f%94%b4-partizani-perfaqesohet-me-dy-futbolliste-ne-kombetaren-u-19-%f0%9f%87%a6%f0%9f%87%b1\/","title":{"rendered":"\ud83d\udd34 Partizani p\u00ebrfaq\u00ebsohet me dy futbolliste n\u00eb Komb\u00ebtaren U-19! \ud83c\udde6\ud83c\uddf1"},"content":{"rendered":"<p><strong>\ud83d\udd34 Partizani p\u00ebrfaq\u00ebsohet me dy futbolliste n\u00eb Komb\u00ebtaren U-19! \ud83c\udde6\ud83c\uddf1<\/strong><\/p>\n<p><img loading=\"lazy\" decoding=\"async\" class=\"alignnone size-full wp-image-64823\" src=\"https:\/\/partizani.al\/sq\/wp-content\/uploads\/2025\/11\/Screenshot_20251121_165520_com_instagram_android_InstagramMainActivity_edit_27988826967134.jpg\" alt=\"\" width=\"1023\" height=\"1217\" srcset=\"https:\/\/partizani.al\/sq\/wp-content\/uploads\/2025\/11\/Screenshot_20251121_165520_com_instagram_android_InstagramMainActivity_edit_27988826967134.jpg 1023w, https:\/\/partizani.al\/sq\/wp-content\/uploads\/2025\/11\/Screenshot_20251121_165520_com_instagram_android_InstagramMainActivity_edit_27988826967134-252x300.jpg 252w, https:\/\/partizani.al\/sq\/wp-content\/uploads\/2025\/11\/Screenshot_20251121_165520_com_instagram_android_InstagramMainActivity_edit_27988826967134-861x1024.jpg 861w, https:\/\/partizani.al\/sq\/wp-content\/uploads\/2025\/11\/Screenshot_20251121_165520_com_instagram_android_InstagramMainActivity_edit_27988826967134-768x914.jpg 768w, https:\/\/partizani.al\/sq\/wp-content\/uploads\/2025\/11\/Screenshot_20251121_165520_com_instagram_android_InstagramMainActivity_edit_27988826967134-108x128.jpg 108w, https:\/\/partizani.al\/sq\/wp-content\/uploads\/2025\/11\/Screenshot_20251121_165520_com_instagram_android_InstagramMainActivity_edit_27988826967134-27x32.jpg 27w, https:\/\/partizani.al\/sq\/wp-content\/uploads\/2025\/11\/Screenshot_20251121_165520_com_instagram_android_InstagramMainActivity_edit_27988826967134-500x595.jpg 500w, https:\/\/partizani.al\/sq\/wp-content\/uploads\/2025\/11\/Screenshot_20251121_165520_com_instagram_android_InstagramMainActivity_edit_27988826967134-800x952.jpg 800w, https:\/\/partizani.al\/sq\/wp-content\/uploads\/2025\/11\/Screenshot_20251121_165520_com_instagram_android_InstagramMainActivity_edit_27988826967134-504x600.jpg 504w, https:\/\/partizani.al\/sq\/wp-content\/uploads\/2025\/11\/Screenshot_20251121_165520_com_instagram_android_InstagramMainActivity_edit_27988826967134-958x1140.jpg 958w, https:\/\/partizani.al\/sq\/wp-content\/uploads\/2025\/11\/Screenshot_20251121_165520_com_instagram_android_InstagramMainActivity_edit_27988826967134-168x200.jpg 168w, https:\/\/partizani.al\/sq\/wp-content\/uploads\/2025\/11\/Screenshot_20251121_165520_com_instagram_android_InstagramMainActivity_edit_27988826967134-378x450.jpg 378w\" sizes=\"auto, (max-width: 1023px) 100vw, 1023px\" \/>Federata Shqip\u00ebtare e Futbollit ka publikuar list\u00ebn e Komb\u00ebtares U-19 p\u00ebr vajza p\u00ebr ndeshjet kualifikuese t\u00eb UEFA Women\u2019s U-19 Championship, q\u00eb do t\u00eb zhvillohen n\u00eb \u201cArena Egnatia\u201d.<\/p>\n<p>Me k\u00ebnaq\u00ebsi njoftojm\u00eb se dy futbollistet tona, Bora Bushati dhe Gelda Kadiolli, jan\u00eb grumbulluar nga trajnerja Daniela Kodra p\u00ebr tri sfidat e radh\u00ebs.<\/p>\n<p><img loading=\"lazy\" decoding=\"async\" class=\"alignnone wp-image-64824 size-full\" src=\"https:\/\/partizani.al\/sq\/wp-content\/uploads\/2025\/11\/Screenshot_20251121_165443_com_instagram_android_InstagramMainActivity_edit_28011432396500.jpg\" alt=\"\" width=\"1058\" height=\"1042\" srcset=\"https:\/\/partizani.al\/sq\/wp-content\/uploads\/2025\/11\/Screenshot_20251121_165443_com_instagram_android_InstagramMainActivity_edit_28011432396500.jpg 1058w, https:\/\/partizani.al\/sq\/wp-content\/uploads\/2025\/11\/Screenshot_20251121_165443_com_instagram_android_InstagramMainActivity_edit_28011432396500-300x295.jpg 300w, https:\/\/partizani.al\/sq\/wp-content\/uploads\/2025\/11\/Screenshot_20251121_165443_com_instagram_android_InstagramMainActivity_edit_28011432396500-1024x1009.jpg 1024w, https:\/\/partizani.al\/sq\/wp-content\/uploads\/2025\/11\/Screenshot_20251121_165443_com_instagram_android_InstagramMainActivity_edit_28011432396500-768x756.jpg 768w, https:\/\/partizani.al\/sq\/wp-content\/uploads\/2025\/11\/Screenshot_20251121_165443_com_instagram_android_InstagramMainActivity_edit_28011432396500-128x126.jpg 128w, https:\/\/partizani.al\/sq\/wp-content\/uploads\/2025\/11\/Screenshot_20251121_165443_com_instagram_android_InstagramMainActivity_edit_28011432396500-32x32.jpg 32w, https:\/\/partizani.al\/sq\/wp-content\/uploads\/2025\/11\/Screenshot_20251121_165443_com_instagram_android_InstagramMainActivity_edit_28011432396500-500x492.jpg 500w, https:\/\/partizani.al\/sq\/wp-content\/uploads\/2025\/11\/Screenshot_20251121_165443_com_instagram_android_InstagramMainActivity_edit_28011432396500-800x788.jpg 800w, https:\/\/partizani.al\/sq\/wp-content\/uploads\/2025\/11\/Screenshot_20251121_165443_com_instagram_android_InstagramMainActivity_edit_28011432396500-609x600.jpg 609w, https:\/\/partizani.al\/sq\/wp-content\/uploads\/2025\/11\/Screenshot_20251121_165443_com_instagram_android_InstagramMainActivity_edit_28011432396500-200x197.jpg 200w, https:\/\/partizani.al\/sq\/wp-content\/uploads\/2025\/11\/Screenshot_20251121_165443_com_instagram_android_InstagramMainActivity_edit_28011432396500-450x443.jpg 450w\" sizes=\"auto, (max-width: 1058px) 100vw, 1058px\" \/><\/p>\n<p>Kalendari i ndeshjeve:<\/p>\n<p>\u2022 25 N\u00ebntor, 14:00 \u2014 \ud83c\uddf1\ud83c\uddfa Shqip\u00ebri vs Luksemburg<\/p>\n<p>\u2022 28 N\u00ebntor, 14:00 \u2014 \ud83c\uddf8\ud83c\uddf0 Sllovaki vs Shqip\u00ebri<\/p>\n<p>\u2022 1 Dhjetor, 13:30 \u2014 \ud83c\uddf1\ud83c\uddee Lihtenshtejn vs Shqip\u00ebri<\/p>\n<p>Urime vajzave t\u00eb Partizanit p\u00ebr ftes\u00ebn dhe shum\u00eb suksese n\u00eb k\u00ebt\u00eb faz\u00eb kualifikuese \ud83c\udde6\ud83c\uddf1<\/p>\n<p>#PartizaniVajza #KombetarjaU19 #UEFAWomensU19Championship<\/p>\n","protected":false},"excerpt":{"rendered":"<p>\ud83d\udd34 Partizani p\u00ebrfaq\u00ebsohet me dy futbolliste n\u00eb Komb\u00ebtaren U-19! \ud83c\udde6\ud83c\uddf1 Federata Shqip\u00ebtare e Futbollit ka publikuar list\u00ebn e Komb\u00ebtares U-19 p\u00ebr vajza p\u00ebr ndeshjet kualifikuese t\u00eb UEFA Women\u2019s U-19 Championship,&#8230;<\/p>\n","protected":false},"author":2,"featured_media":64823,"comment_status":"closed","ping_status":"closed","sticky":false,"template":"","format":"standard","meta":{"_seopress_robots_primary_cat":"none","_seopress_titles_title":"","_seopress_titles_desc":"","_seopress_robots_index":"","_vp_format_video_url":"","_vp_image_focal_point":[],"footnotes":""},"categories":[206,199,207],"tags":[],"class_list":["post-64820","post","type-post","status-publish","format-standard","has-post-thumbnail","hentry","category-kombetarja","category-news","category-vajza"],"_links":{"self":[{"href":"https:\/\/partizani.al\/sq\/wp-json\/wp\/v2\/posts\/64820","targetHints":{"allow":["GET"]}}],"collection":[{"href":"https:\/\/partizani.al\/sq\/wp-json\/wp\/v2\/posts"}],"about":[{"href":"https:\/\/partizani.al\/sq\/wp-json\/wp\/v2\/types\/post"}],"author":[{"embeddable":true,"href":"https:\/\/partizani.al\/sq\/wp-json\/wp\/v2\/users\/2"}],"replies":[{"embeddable":true,"href":"https:\/\/partizani.al\/sq\/wp-json\/wp\/v2\/comments?post=64820"}],"version-history":[{"count":1,"href":"https:\/\/partizani.al\/sq\/wp-json\/wp\/v2\/posts\/64820\/revisions"}],"predecessor-version":[{"id":64825,"href":"https:\/\/partizani.al\/sq\/wp-json\/wp\/v2\/posts\/64820\/revisions\/64825"}],"wp:featuredmedia":[{"embeddable":true,"href":"https:\/\/partizani.al\/sq\/wp-json\/wp\/v2\/media\/64823"}],"wp:attachment":[{"href":"https:\/\/partizani.al\/sq\/wp-json\/wp\/v2\/media?parent=64820"}],"wp:term":[{"taxonomy":"category","embeddable":true,"href":"https:\/\/partizani.al\/sq\/wp-json\/wp\/v2\/categories?post=64820"},{"taxonomy":"post_tag","embeddable":true,"href":"https:\/\/partizani.al\/sq\/wp-json\/wp\/v2\/tags?post=64820"}],"curies":[{"name":"wp","href":"https:\/\/api.w.org\/{rel}","templated":true}]}}