{"id":64761,"date":"2025-11-14T13:47:44","date_gmt":"2025-11-14T11:47:44","guid":{"rendered":"https:\/\/partizani.al\/sq\/?p=64761"},"modified":"2025-11-14T13:47:44","modified_gmt":"2025-11-14T11:47:44","slug":"vajzat-e-partizanit-mposhten-0-2-nga-vllaznia","status":"publish","type":"post","link":"https:\/\/partizani.al\/sq\/vajzat-e-partizanit-mposhten-0-2-nga-vllaznia\/","title":{"rendered":"Vajzat e Partizanit mposhten 0\u20132 nga Vllaznia"},"content":{"rendered":"<p><strong>Vajzat e Partizanit mposhten 0\u20132 nga Vllaznia<\/strong><img loading=\"lazy\" decoding=\"async\" class=\"alignnone size-full wp-image-64766\" src=\"https:\/\/partizani.al\/sq\/wp-content\/uploads\/2025\/11\/IMG-20251101-WA0132_edit_166462569243997.jpg\" alt=\"\" width=\"1153\" height=\"960\" srcset=\"https:\/\/partizani.al\/sq\/wp-content\/uploads\/2025\/11\/IMG-20251101-WA0132_edit_166462569243997.jpg 1153w, https:\/\/partizani.al\/sq\/wp-content\/uploads\/2025\/11\/IMG-20251101-WA0132_edit_166462569243997-300x250.jpg 300w, https:\/\/partizani.al\/sq\/wp-content\/uploads\/2025\/11\/IMG-20251101-WA0132_edit_166462569243997-1024x853.jpg 1024w, https:\/\/partizani.al\/sq\/wp-content\/uploads\/2025\/11\/IMG-20251101-WA0132_edit_166462569243997-768x639.jpg 768w, https:\/\/partizani.al\/sq\/wp-content\/uploads\/2025\/11\/IMG-20251101-WA0132_edit_166462569243997-128x107.jpg 128w, https:\/\/partizani.al\/sq\/wp-content\/uploads\/2025\/11\/IMG-20251101-WA0132_edit_166462569243997-32x27.jpg 32w, https:\/\/partizani.al\/sq\/wp-content\/uploads\/2025\/11\/IMG-20251101-WA0132_edit_166462569243997-500x416.jpg 500w, https:\/\/partizani.al\/sq\/wp-content\/uploads\/2025\/11\/IMG-20251101-WA0132_edit_166462569243997-800x666.jpg 800w, https:\/\/partizani.al\/sq\/wp-content\/uploads\/2025\/11\/IMG-20251101-WA0132_edit_166462569243997-721x600.jpg 721w, https:\/\/partizani.al\/sq\/wp-content\/uploads\/2025\/11\/IMG-20251101-WA0132_edit_166462569243997-1140x949.jpg 1140w, https:\/\/partizani.al\/sq\/wp-content\/uploads\/2025\/11\/IMG-20251101-WA0132_edit_166462569243997-200x167.jpg 200w, https:\/\/partizani.al\/sq\/wp-content\/uploads\/2025\/11\/IMG-20251101-WA0132_edit_166462569243997-450x375.jpg 450w\" sizes=\"auto, (max-width: 1153px) 100vw, 1153px\" \/><\/p>\n<p>Partizani nuk ia doli t\u00eb marr\u00eb pik\u00eb n\u00eb \u201cAren\u00ebn e Demave\u201d, duke u mundur 0\u20132 nga Vllaznia. T\u00eb dy golat e ndeshjes erdh\u00ebn nga penalltia, n\u00eb minutat 17 dhe 41, t\u00eb realizuara nga Doci.<\/p>\n<p>Skuadra e drejtuar nga Cyme Lulaj u nd\u00ebshkua pas dy prekjesh me dor\u00eb n\u00eb zon\u00eb, por pavar\u00ebsisht k\u00ebsaj, vajzat treguan karakter dhe luftuan deri n\u00eb fund, duke konfirmuar rritjen e tyre edhe pse jan\u00eb nj\u00eb grup i ri n\u00eb mosh\u00eb.<\/p>\n<p>&nbsp;<\/p>\n<p>N\u00eb minutat e fundit u sh\u00ebnua edhe nj\u00eb moment tensioni, kur Egzona Gashi mori kartonin e dyt\u00eb t\u00eb verdh\u00eb dhe u p\u00ebrjashtua nga loja pas nj\u00eb vendimi shum\u00eb t\u00eb diskutuesh\u00ebm . Egzona do t\u00eb mungoj\u00eb n\u00eb ndeshjen e radh\u00ebs ndaj Apolonis\u00eb, m\u00eb 16 n\u00ebntor, po n\u00eb \u201cAren\u00ebn e Demave\u201d.<\/p>\n<p>&nbsp;<\/p>\n<p>Pas kat\u00ebr jav\u00ebve t\u00eb para, Vajzat e Partizanit renditen n\u00eb vendin e 5 me 9 pik\u00eb, vet\u00ebm tre pik\u00eb larg kryesueses Vllaznia.<\/p>\n<p>&nbsp;<\/p>\n","protected":false},"excerpt":{"rendered":"<p>Vajzat e Partizanit mposhten 0\u20132 nga Vllaznia Partizani nuk ia doli t\u00eb marr\u00eb pik\u00eb n\u00eb \u201cAren\u00ebn e Demave\u201d, duke u mundur 0\u20132 nga Vllaznia. T\u00eb dy golat e ndeshjes erdh\u00ebn&#8230;<\/p>\n","protected":false},"author":2,"featured_media":64766,"comment_status":"closed","ping_status":"closed","sticky":false,"template":"","format":"standard","meta":{"_seopress_robots_primary_cat":"none","_seopress_titles_title":"","_seopress_titles_desc":"","_seopress_robots_index":"","_vp_format_video_url":"","_vp_image_focal_point":[],"footnotes":""},"categories":[199,207],"tags":[],"class_list":["post-64761","post","type-post","status-publish","format-standard","has-post-thumbnail","hentry","category-news","category-vajza"],"_links":{"self":[{"href":"https:\/\/partizani.al\/sq\/wp-json\/wp\/v2\/posts\/64761","targetHints":{"allow":["GET"]}}],"collection":[{"href":"https:\/\/partizani.al\/sq\/wp-json\/wp\/v2\/posts"}],"about":[{"href":"https:\/\/partizani.al\/sq\/wp-json\/wp\/v2\/types\/post"}],"author":[{"embeddable":true,"href":"https:\/\/partizani.al\/sq\/wp-json\/wp\/v2\/users\/2"}],"replies":[{"embeddable":true,"href":"https:\/\/partizani.al\/sq\/wp-json\/wp\/v2\/comments?post=64761"}],"version-history":[{"count":1,"href":"https:\/\/partizani.al\/sq\/wp-json\/wp\/v2\/posts\/64761\/revisions"}],"predecessor-version":[{"id":64767,"href":"https:\/\/partizani.al\/sq\/wp-json\/wp\/v2\/posts\/64761\/revisions\/64767"}],"wp:featuredmedia":[{"embeddable":true,"href":"https:\/\/partizani.al\/sq\/wp-json\/wp\/v2\/media\/64766"}],"wp:attachment":[{"href":"https:\/\/partizani.al\/sq\/wp-json\/wp\/v2\/media?parent=64761"}],"wp:term":[{"taxonomy":"category","embeddable":true,"href":"https:\/\/partizani.al\/sq\/wp-json\/wp\/v2\/categories?post=64761"},{"taxonomy":"post_tag","embeddable":true,"href":"https:\/\/partizani.al\/sq\/wp-json\/wp\/v2\/tags?post=64761"}],"curies":[{"name":"wp","href":"https:\/\/api.w.org\/{rel}","templated":true}]}}