{"id":64615,"date":"2025-11-09T19:14:48","date_gmt":"2025-11-09T17:14:48","guid":{"rendered":"https:\/\/partizani.al\/sq\/?p=64615"},"modified":"2025-11-09T19:14:48","modified_gmt":"2025-11-09T17:14:48","slug":"akademia-partizani-rezultatet-e-fundjaves","status":"publish","type":"post","link":"https:\/\/partizani.al\/sq\/akademia-partizani-rezultatet-e-fundjaves\/","title":{"rendered":"Akademia Partizani \u2013 Rezultatet e Fundjav\u00ebs"},"content":{"rendered":"<p><strong>Akademia Partizani \u2013 Rezultatet e Fundjav\u00ebs<\/strong><\/p>\n<p><img loading=\"lazy\" decoding=\"async\" class=\"alignnone size-full wp-image-64618\" src=\"https:\/\/partizani.al\/sq\/wp-content\/uploads\/2025\/11\/IMG_4865-scaled.jpg\" alt=\"\" width=\"2048\" height=\"2560\" srcset=\"https:\/\/partizani.al\/sq\/wp-content\/uploads\/2025\/11\/IMG_4865-scaled.jpg 2048w, https:\/\/partizani.al\/sq\/wp-content\/uploads\/2025\/11\/IMG_4865-240x300.jpg 240w, https:\/\/partizani.al\/sq\/wp-content\/uploads\/2025\/11\/IMG_4865-819x1024.jpg 819w, https:\/\/partizani.al\/sq\/wp-content\/uploads\/2025\/11\/IMG_4865-768x960.jpg 768w, https:\/\/partizani.al\/sq\/wp-content\/uploads\/2025\/11\/IMG_4865-1229x1536.jpg 1229w, https:\/\/partizani.al\/sq\/wp-content\/uploads\/2025\/11\/IMG_4865-1639x2048.jpg 1639w, https:\/\/partizani.al\/sq\/wp-content\/uploads\/2025\/11\/IMG_4865-102x128.jpg 102w, https:\/\/partizani.al\/sq\/wp-content\/uploads\/2025\/11\/IMG_4865-26x32.jpg 26w, https:\/\/partizani.al\/sq\/wp-content\/uploads\/2025\/11\/IMG_4865-500x625.jpg 500w, https:\/\/partizani.al\/sq\/wp-content\/uploads\/2025\/11\/IMG_4865-800x1000.jpg 800w, https:\/\/partizani.al\/sq\/wp-content\/uploads\/2025\/11\/IMG_4865-1280x1600.jpg 1280w, https:\/\/partizani.al\/sq\/wp-content\/uploads\/2025\/11\/IMG_4865-1920x2400.jpg 1920w, https:\/\/partizani.al\/sq\/wp-content\/uploads\/2025\/11\/IMG_4865-480x600.jpg 480w, https:\/\/partizani.al\/sq\/wp-content\/uploads\/2025\/11\/IMG_4865-912x1140.jpg 912w, https:\/\/partizani.al\/sq\/wp-content\/uploads\/2025\/11\/IMG_4865-160x200.jpg 160w, https:\/\/partizani.al\/sq\/wp-content\/uploads\/2025\/11\/IMG_4865-360x450.jpg 360w\" sizes=\"auto, (max-width: 2048px) 100vw, 2048px\" \/>Nj\u00eb tjet\u00ebr fundjav\u00eb e mbushur me emocione p\u00ebr ekipet e Akademis\u00eb s\u00eb Partizanit, me disa fitore n\u00eb transfert\u00eb dhe paraqitje pozitive n\u00eb t\u00eb gjitha kategorit\u00eb.<\/p>\n<p>&nbsp;<\/p>\n<p>\ud83d\udd34 Partizani U13 \u2013 Pushim<\/p>\n<p>\ud83d\udd34 Partizani U14 \u2013 Pushim<\/p>\n<p>&nbsp;<\/p>\n<p>Partizani U15 regjistroi nj\u00eb fitore t\u00eb r\u00ebnd\u00ebsishme n\u00eb transfert\u00eb ndaj Apolonis\u00eb, me rezultatin 1\u20132.<\/p>\n<p>Golat p\u00ebr t\u00eb kuqt\u00eb u sh\u00ebnuan nga Dean Shkurti (9&#8242;) dhe Brajan Hykollari (50&#8242;).<\/p>\n<p>Pas jav\u00ebs s\u00eb 7-t\u00eb, ekipi renditet n\u00eb vendin e 3-t\u00eb me 15 pik\u00eb, nd\u00ebrsa n\u00eb jav\u00ebn e ardhshme do t\u00eb p\u00ebrballet n\u00eb transfert\u00eb me Pepean.<\/p>\n<p>&nbsp;<\/p>\n<p>Partizani U16 triumfoi bindsh\u00ebm n\u00eb Fier ndaj Apolonis\u00eb, me rezultatin 0\u20134.<\/p>\n<p>Autor\u00eb t\u00eb golave ishin Noel Hasa (2&#8242;), Lavid Dani (42&#8242;), Omar Gucija (69&#8242;) dhe Joan Hidri (73&#8242;).<\/p>\n<p>Pas jav\u00ebs s\u00eb 7-t\u00eb, skuadra pozicionohet n\u00eb vendin e 6-t\u00eb me 10 pik\u00eb, nd\u00ebrsa n\u00eb jav\u00ebn e ardhshme do t\u00eb luaj\u00eb n\u00eb transfert\u00eb ndaj Elbasanit.<\/p>\n<p>&nbsp;<\/p>\n<p>Partizani U17 u mposht n\u00eb transfert\u00eb ndaj Vor\u00ebs, me rezultatin 4\u20131, me nj\u00eb autogol t\u00eb Nezajt.<\/p>\n<p>Pas jav\u00ebs s\u00eb 8-t\u00eb, t\u00eb kuqt\u00eb zbresin n\u00eb vendin e 2-t\u00eb me 18 pik\u00eb, duke humbur kreun pas tet\u00eb jav\u00ebsh.<\/p>\n<p>Ndeshja e radh\u00ebs do t\u00eb zhvillohet n\u00eb Aren\u00ebn e Demave, ndaj Teut\u00ebs, m\u00eb 23 n\u00ebntor.<\/p>\n<p><img loading=\"lazy\" decoding=\"async\" class=\"alignnone size-full wp-image-64619\" src=\"https:\/\/partizani.al\/sq\/wp-content\/uploads\/2025\/11\/IMG_2499-scaled.jpg\" alt=\"\" width=\"2560\" height=\"1707\" srcset=\"https:\/\/partizani.al\/sq\/wp-content\/uploads\/2025\/11\/IMG_2499-scaled.jpg 2560w, https:\/\/partizani.al\/sq\/wp-content\/uploads\/2025\/11\/IMG_2499-300x200.jpg 300w, https:\/\/partizani.al\/sq\/wp-content\/uploads\/2025\/11\/IMG_2499-1024x683.jpg 1024w, https:\/\/partizani.al\/sq\/wp-content\/uploads\/2025\/11\/IMG_2499-768x512.jpg 768w, https:\/\/partizani.al\/sq\/wp-content\/uploads\/2025\/11\/IMG_2499-1536x1024.jpg 1536w, https:\/\/partizani.al\/sq\/wp-content\/uploads\/2025\/11\/IMG_2499-2048x1365.jpg 2048w, https:\/\/partizani.al\/sq\/wp-content\/uploads\/2025\/11\/IMG_2499-128x85.jpg 128w, https:\/\/partizani.al\/sq\/wp-content\/uploads\/2025\/11\/IMG_2499-32x21.jpg 32w, https:\/\/partizani.al\/sq\/wp-content\/uploads\/2025\/11\/IMG_2499-500x333.jpg 500w, https:\/\/partizani.al\/sq\/wp-content\/uploads\/2025\/11\/IMG_2499-800x533.jpg 800w, https:\/\/partizani.al\/sq\/wp-content\/uploads\/2025\/11\/IMG_2499-1280x853.jpg 1280w, https:\/\/partizani.al\/sq\/wp-content\/uploads\/2025\/11\/IMG_2499-1920x1280.jpg 1920w, https:\/\/partizani.al\/sq\/wp-content\/uploads\/2025\/11\/IMG_2499-900x600.jpg 900w, https:\/\/partizani.al\/sq\/wp-content\/uploads\/2025\/11\/IMG_2499-1140x760.jpg 1140w, https:\/\/partizani.al\/sq\/wp-content\/uploads\/2025\/11\/IMG_2499-200x133.jpg 200w, https:\/\/partizani.al\/sq\/wp-content\/uploads\/2025\/11\/IMG_2499-450x300.jpg 450w\" sizes=\"auto, (max-width: 2560px) 100vw, 2560px\" \/>Partizani U18 barazoi n\u00eb m\u00ebnyr\u00eb dramatike n\u00eb transfert\u00eb ndaj Vor\u00ebs, duke marr\u00eb nj\u00eb pik\u00eb pas nj\u00eb ndeshjeje t\u00eb fort\u00eb q\u00eb p\u00ebrfundoi 2\u20132.<\/p>\n<p>Golat p\u00ebr t\u00eb kuqt\u00eb u realizuan nga Ergit Hyka (77&#8242;) dhe Rei Zekaj (90+\u2019 pen.).<\/p>\n<p>Pas jav\u00ebs s\u00eb 8-t\u00eb, ekipi renditet n\u00eb vendin e 2-t\u00eb me 19 pik\u00eb, dhe ndeshjen e radh\u00ebs do ta zhvilloj\u00eb n\u00eb Aren\u00ebn e Demave, ndaj Teut\u00ebs, m\u00eb 23 n\u00ebntor.<\/p>\n<p><img loading=\"lazy\" decoding=\"async\" class=\"alignnone size-full wp-image-64620\" src=\"https:\/\/partizani.al\/sq\/wp-content\/uploads\/2025\/11\/IMG_4322-scaled.jpg\" alt=\"\" width=\"2560\" height=\"2048\" srcset=\"https:\/\/partizani.al\/sq\/wp-content\/uploads\/2025\/11\/IMG_4322-scaled.jpg 2560w, https:\/\/partizani.al\/sq\/wp-content\/uploads\/2025\/11\/IMG_4322-300x240.jpg 300w, https:\/\/partizani.al\/sq\/wp-content\/uploads\/2025\/11\/IMG_4322-1024x819.jpg 1024w, https:\/\/partizani.al\/sq\/wp-content\/uploads\/2025\/11\/IMG_4322-768x614.jpg 768w, https:\/\/partizani.al\/sq\/wp-content\/uploads\/2025\/11\/IMG_4322-1536x1229.jpg 1536w, https:\/\/partizani.al\/sq\/wp-content\/uploads\/2025\/11\/IMG_4322-2048x1638.jpg 2048w, https:\/\/partizani.al\/sq\/wp-content\/uploads\/2025\/11\/IMG_4322-128x102.jpg 128w, https:\/\/partizani.al\/sq\/wp-content\/uploads\/2025\/11\/IMG_4322-32x26.jpg 32w, https:\/\/partizani.al\/sq\/wp-content\/uploads\/2025\/11\/IMG_4322-500x400.jpg 500w, https:\/\/partizani.al\/sq\/wp-content\/uploads\/2025\/11\/IMG_4322-800x640.jpg 800w, https:\/\/partizani.al\/sq\/wp-content\/uploads\/2025\/11\/IMG_4322-1280x1024.jpg 1280w, https:\/\/partizani.al\/sq\/wp-content\/uploads\/2025\/11\/IMG_4322-1920x1536.jpg 1920w, https:\/\/partizani.al\/sq\/wp-content\/uploads\/2025\/11\/IMG_4322-750x600.jpg 750w, https:\/\/partizani.al\/sq\/wp-content\/uploads\/2025\/11\/IMG_4322-1140x912.jpg 1140w, https:\/\/partizani.al\/sq\/wp-content\/uploads\/2025\/11\/IMG_4322-200x160.jpg 200w, https:\/\/partizani.al\/sq\/wp-content\/uploads\/2025\/11\/IMG_4322-450x360.jpg 450w\" sizes=\"auto, (max-width: 2560px) 100vw, 2560px\" \/>Partizani U19 siguroi nj\u00eb tjet\u00ebr fitore t\u00eb past\u00ebr n\u00eb transfert\u00eb ndaj Vor\u00ebs, me rezultatin 0\u20132.<\/p>\n<p>Golat u sh\u00ebnuan nga Erald Rrenga (35&#8242;) dhe Musa Lleshaj (90+&#8217;).<\/p>\n<p>Pas jav\u00ebs s\u00eb 8-t\u00eb, ekipi renditet n\u00eb vendin e 2-t\u00eb me 17 pik\u00eb, t\u00eb barabarta me La\u00e7in, por me nj\u00eb ndeshje m\u00eb pak.<\/p>\n<p>T\u00eb kuqt\u00eb do t\u00eb p\u00ebrballen me Teut\u00ebn n\u00eb Aren\u00ebn e Demave, m\u00eb 23 n\u00ebntor.<\/p>\n","protected":false},"excerpt":{"rendered":"<p>Akademia Partizani \u2013 Rezultatet e Fundjav\u00ebs Nj\u00eb tjet\u00ebr fundjav\u00eb e mbushur me emocione p\u00ebr ekipet e Akademis\u00eb s\u00eb Partizanit, me disa fitore n\u00eb transfert\u00eb dhe paraqitje pozitive n\u00eb t\u00eb gjitha&#8230;<\/p>\n","protected":false},"author":2,"featured_media":64618,"comment_status":"closed","ping_status":"closed","sticky":false,"template":"","format":"standard","meta":{"_seopress_robots_primary_cat":"none","_seopress_titles_title":"","_seopress_titles_desc":"","_seopress_robots_index":"","_vp_format_video_url":"","_vp_image_focal_point":[],"footnotes":""},"categories":[189,199,100,101,184,102],"tags":[],"class_list":["post-64615","post","type-post","status-publish","format-standard","has-post-thumbnail","hentry","category-akademia","category-news","category-u-16","category-u-17","category-u-18","category-u-19"],"_links":{"self":[{"href":"https:\/\/partizani.al\/sq\/wp-json\/wp\/v2\/posts\/64615","targetHints":{"allow":["GET"]}}],"collection":[{"href":"https:\/\/partizani.al\/sq\/wp-json\/wp\/v2\/posts"}],"about":[{"href":"https:\/\/partizani.al\/sq\/wp-json\/wp\/v2\/types\/post"}],"author":[{"embeddable":true,"href":"https:\/\/partizani.al\/sq\/wp-json\/wp\/v2\/users\/2"}],"replies":[{"embeddable":true,"href":"https:\/\/partizani.al\/sq\/wp-json\/wp\/v2\/comments?post=64615"}],"version-history":[{"count":1,"href":"https:\/\/partizani.al\/sq\/wp-json\/wp\/v2\/posts\/64615\/revisions"}],"predecessor-version":[{"id":64621,"href":"https:\/\/partizani.al\/sq\/wp-json\/wp\/v2\/posts\/64615\/revisions\/64621"}],"wp:featuredmedia":[{"embeddable":true,"href":"https:\/\/partizani.al\/sq\/wp-json\/wp\/v2\/media\/64618"}],"wp:attachment":[{"href":"https:\/\/partizani.al\/sq\/wp-json\/wp\/v2\/media?parent=64615"}],"wp:term":[{"taxonomy":"category","embeddable":true,"href":"https:\/\/partizani.al\/sq\/wp-json\/wp\/v2\/categories?post=64615"},{"taxonomy":"post_tag","embeddable":true,"href":"https:\/\/partizani.al\/sq\/wp-json\/wp\/v2\/tags?post=64615"}],"curies":[{"name":"wp","href":"https:\/\/api.w.org\/{rel}","templated":true}]}}