{"id":63351,"date":"2025-09-02T20:05:29","date_gmt":"2025-09-02T18:05:29","guid":{"rendered":"https:\/\/partizani.al\/sq\/?p=63351"},"modified":"2025-09-03T02:00:27","modified_gmt":"2025-09-03T00:00:27","slug":"%f0%9f%a4%9d-zyrtare-rrok-toma-eshte-kuq","status":"publish","type":"post","link":"https:\/\/partizani.al\/sq\/%f0%9f%a4%9d-zyrtare-rrok-toma-eshte-kuq\/","title":{"rendered":"\ud83e\udd1d ZYRTARE | RROK TOMA \u00cbSHT\u00cb KUQ"},"content":{"rendered":"<p><strong>Rrok Toma\ud83e\udd1d ZYRTARE | RROK TOMA \u00cbSHT\u00cb KUQ<\/strong><\/p>\n<blockquote><p><img loading=\"lazy\" decoding=\"async\" class=\"alignnone size-full wp-image-63354\" src=\"https:\/\/partizani.al\/sq\/wp-content\/uploads\/2025\/09\/rrok_toma_kombetarja_u19_2.jpg\" alt=\"\" width=\"1152\" height=\"625\" srcset=\"https:\/\/partizani.al\/sq\/wp-content\/uploads\/2025\/09\/rrok_toma_kombetarja_u19_2.jpg 1152w, https:\/\/partizani.al\/sq\/wp-content\/uploads\/2025\/09\/rrok_toma_kombetarja_u19_2-300x163.jpg 300w, https:\/\/partizani.al\/sq\/wp-content\/uploads\/2025\/09\/rrok_toma_kombetarja_u19_2-1024x556.jpg 1024w, https:\/\/partizani.al\/sq\/wp-content\/uploads\/2025\/09\/rrok_toma_kombetarja_u19_2-768x417.jpg 768w, https:\/\/partizani.al\/sq\/wp-content\/uploads\/2025\/09\/rrok_toma_kombetarja_u19_2-128x69.jpg 128w, https:\/\/partizani.al\/sq\/wp-content\/uploads\/2025\/09\/rrok_toma_kombetarja_u19_2-32x17.jpg 32w, https:\/\/partizani.al\/sq\/wp-content\/uploads\/2025\/09\/rrok_toma_kombetarja_u19_2-500x271.jpg 500w, https:\/\/partizani.al\/sq\/wp-content\/uploads\/2025\/09\/rrok_toma_kombetarja_u19_2-800x434.jpg 800w, https:\/\/partizani.al\/sq\/wp-content\/uploads\/2025\/09\/rrok_toma_kombetarja_u19_2-1106x600.jpg 1106w, https:\/\/partizani.al\/sq\/wp-content\/uploads\/2025\/09\/rrok_toma_kombetarja_u19_2-1140x618.jpg 1140w, https:\/\/partizani.al\/sq\/wp-content\/uploads\/2025\/09\/rrok_toma_kombetarja_u19_2-200x109.jpg 200w, https:\/\/partizani.al\/sq\/wp-content\/uploads\/2025\/09\/rrok_toma_kombetarja_u19_2-450x244.jpg 450w\" sizes=\"auto, (max-width: 1152px) 100vw, 1152px\" \/>FK Partizani ka k\u00ebnaq\u00ebsin\u00eb t\u00eb prezantoj\u00eb sulmuesin 21-vje\u00e7ar Rrok Toma, i cili vjen nga ekipi italian UC AlbinoLeffe. Futbollisti ka firmosur nj\u00eb kontrat\u00eb 3-vje\u00e7are me opsion rinovimi edhe p\u00ebr nj\u00eb tjet\u00ebr sezon.<\/p><\/blockquote>\n<p>&nbsp;<\/p>\n<p>Toma \u00ebsht\u00eb pjes\u00eb e komb\u00ebtares Shqip\u00ebria U-21, dhe do t\u2019i bashkohet menj\u00ebher\u00eb t\u00eb kuqve pas p\u00ebrfundimit t\u00eb miq\u00ebsoreve ndaj Gjermanis\u00eb dhe Zvicr\u00ebs.<\/p>\n<p>\ud83d\udcca Karriera n\u00eb shifra<\/p>\n<p>&nbsp;<\/p>\n<p>Kategoria Superiore: 32 ndeshje \u2013 2 gola \u2013 2 asist<\/p>\n<p>&nbsp;<\/p>\n<p>Primavera 2 (Itali): 14 ndeshje \u2013 6 gola \u2013 4 asist<\/p>\n<p>&nbsp;<\/p>\n<p>Serie C: 5 ndeshje<\/p>\n<p>&nbsp;<\/p>\n<p>Coppa Serie C: 3 ndeshje<\/p>\n<p>&nbsp;<\/p>\n<p>U-17 (Itali &amp; Shqip\u00ebri): 10 ndeshje \u2013 2 gola \u2013 1 asist<\/p>\n<p>&nbsp;<\/p>\n<p>Kupa e Shqip\u00ebris\u00eb: 1 ndeshje<\/p>\n<p><img loading=\"lazy\" decoding=\"async\" class=\"alignnone size-full wp-image-63356\" src=\"https:\/\/partizani.al\/sq\/wp-content\/uploads\/2025\/09\/FB_IMG_1756832803279.jpg\" alt=\"\" width=\"1638\" height=\"2048\" srcset=\"https:\/\/partizani.al\/sq\/wp-content\/uploads\/2025\/09\/FB_IMG_1756832803279.jpg 1638w, https:\/\/partizani.al\/sq\/wp-content\/uploads\/2025\/09\/FB_IMG_1756832803279-240x300.jpg 240w, https:\/\/partizani.al\/sq\/wp-content\/uploads\/2025\/09\/FB_IMG_1756832803279-819x1024.jpg 819w, https:\/\/partizani.al\/sq\/wp-content\/uploads\/2025\/09\/FB_IMG_1756832803279-768x960.jpg 768w, https:\/\/partizani.al\/sq\/wp-content\/uploads\/2025\/09\/FB_IMG_1756832803279-1229x1536.jpg 1229w, https:\/\/partizani.al\/sq\/wp-content\/uploads\/2025\/09\/FB_IMG_1756832803279-102x128.jpg 102w, https:\/\/partizani.al\/sq\/wp-content\/uploads\/2025\/09\/FB_IMG_1756832803279-26x32.jpg 26w, https:\/\/partizani.al\/sq\/wp-content\/uploads\/2025\/09\/FB_IMG_1756832803279-500x625.jpg 500w, https:\/\/partizani.al\/sq\/wp-content\/uploads\/2025\/09\/FB_IMG_1756832803279-800x1000.jpg 800w, https:\/\/partizani.al\/sq\/wp-content\/uploads\/2025\/09\/FB_IMG_1756832803279-1280x1600.jpg 1280w, https:\/\/partizani.al\/sq\/wp-content\/uploads\/2025\/09\/FB_IMG_1756832803279-480x600.jpg 480w, https:\/\/partizani.al\/sq\/wp-content\/uploads\/2025\/09\/FB_IMG_1756832803279-912x1140.jpg 912w, https:\/\/partizani.al\/sq\/wp-content\/uploads\/2025\/09\/FB_IMG_1756832803279-160x200.jpg 160w, https:\/\/partizani.al\/sq\/wp-content\/uploads\/2025\/09\/FB_IMG_1756832803279-360x450.jpg 360w\" sizes=\"auto, (max-width: 1638px) 100vw, 1638px\" \/><\/p>\n<p>Me k\u00ebt\u00eb afrim, Partizani shton nj\u00eb element t\u00eb ri n\u00eb ofensiv\u00eb, duke forcuar skuadr\u00ebn p\u00ebr objektivat e sezonit.<\/p>\n<p>&nbsp;<\/p>\n<p>\ud83d\udd34 Mir\u00ebsevjen n\u00eb familjen e kuqe , Rrok Toma!<\/p>\n","protected":false},"excerpt":{"rendered":"<p>Rrok Toma\ud83e\udd1d ZYRTARE | RROK TOMA \u00cbSHT\u00cb KUQ FK Partizani ka k\u00ebnaq\u00ebsin\u00eb t\u00eb prezantoj\u00eb sulmuesin 21-vje\u00e7ar Rrok Toma, i cili vjen nga ekipi italian UC AlbinoLeffe. Futbollisti ka firmosur nj\u00eb&#8230;<\/p>\n","protected":false},"author":2,"featured_media":63357,"comment_status":"closed","ping_status":"closed","sticky":false,"template":"","format":"standard","meta":{"_seopress_robots_primary_cat":"none","_seopress_titles_title":"","_seopress_titles_desc":"","_seopress_robots_index":"","_vp_format_video_url":"","_vp_image_focal_point":[],"footnotes":""},"categories":[107,170,199],"tags":[],"class_list":["post-63351","post","type-post","status-publish","format-standard","has-post-thumbnail","hentry","category-ekipi_i_pare","category-merkato","category-news"],"_links":{"self":[{"href":"https:\/\/partizani.al\/sq\/wp-json\/wp\/v2\/posts\/63351","targetHints":{"allow":["GET"]}}],"collection":[{"href":"https:\/\/partizani.al\/sq\/wp-json\/wp\/v2\/posts"}],"about":[{"href":"https:\/\/partizani.al\/sq\/wp-json\/wp\/v2\/types\/post"}],"author":[{"embeddable":true,"href":"https:\/\/partizani.al\/sq\/wp-json\/wp\/v2\/users\/2"}],"replies":[{"embeddable":true,"href":"https:\/\/partizani.al\/sq\/wp-json\/wp\/v2\/comments?post=63351"}],"version-history":[{"count":5,"href":"https:\/\/partizani.al\/sq\/wp-json\/wp\/v2\/posts\/63351\/revisions"}],"predecessor-version":[{"id":63364,"href":"https:\/\/partizani.al\/sq\/wp-json\/wp\/v2\/posts\/63351\/revisions\/63364"}],"wp:featuredmedia":[{"embeddable":true,"href":"https:\/\/partizani.al\/sq\/wp-json\/wp\/v2\/media\/63357"}],"wp:attachment":[{"href":"https:\/\/partizani.al\/sq\/wp-json\/wp\/v2\/media?parent=63351"}],"wp:term":[{"taxonomy":"category","embeddable":true,"href":"https:\/\/partizani.al\/sq\/wp-json\/wp\/v2\/categories?post=63351"},{"taxonomy":"post_tag","embeddable":true,"href":"https:\/\/partizani.al\/sq\/wp-json\/wp\/v2\/tags?post=63351"}],"curies":[{"name":"wp","href":"https:\/\/api.w.org\/{rel}","templated":true}]}}