{"id":63264,"date":"2025-08-31T16:39:07","date_gmt":"2025-08-31T14:39:07","guid":{"rendered":"https:\/\/partizani.al\/sq\/?p=63264"},"modified":"2025-08-31T16:40:42","modified_gmt":"2025-08-31T14:40:42","slug":"%f0%9d%90%94%f0%9d%90%84%f0%9d%90%85%f0%9d%90%80-%f0%9d%90%96%f0%9d%90%8e%f0%9d%90%8c%f0%9d%90%84%f0%9d%90%8d%f0%9d%90%92-%f0%9d%90%84%f0%9d%90%94%f0%9d%90%91%f0%9d%90%8e%f0%9d%90%8f%f0%9d%90%80","status":"publish","type":"post","link":"https:\/\/partizani.al\/sq\/%f0%9d%90%94%f0%9d%90%84%f0%9d%90%85%f0%9d%90%80-%f0%9d%90%96%f0%9d%90%8e%f0%9d%90%8c%f0%9d%90%84%f0%9d%90%8d%f0%9d%90%92-%f0%9d%90%84%f0%9d%90%94%f0%9d%90%91%f0%9d%90%8e%f0%9d%90%8f%f0%9d%90%80\/","title":{"rendered":"\ud835\udc14\ud835\udc04\ud835\udc05\ud835\udc00 \ud835\udc16\ud835\udc0e\ud835\udc0c\ud835\udc04\ud835\udc0d&#8217;\ud835\udc12 \ud835\udc04\ud835\udc14\ud835\udc11\ud835\udc0e\ud835\udc0f\ud835\udc00 \ud835\udc02\ud835\udc14\ud835\udc0f | \ud835\udc13\ud835\udc14\ud835\udc11\ud835\udc08 \ud835\udc08  | FK PARTIZANI &#8211; FK SPARTAK SUBOTICA"},"content":{"rendered":"<blockquote><p>Shorti i hedhur n\u00eb Nyon t\u00eb Zvicr\u00ebs p\u00ebr UEFA Women\u2019s Europa Cup 2025-2026 ka p\u00ebrcaktuar kund\u00ebrshtarin e vajzave t\u00eb kuqe n\u00eb raundin e par\u00eb kualifikues do t\u00eb jet\u00eb Spartak Subotica, nj\u00eb nga skuadrat m\u00eb t\u00eb njohura t\u00eb futbollit serb p\u00ebr femra.<img loading=\"lazy\" decoding=\"async\" class=\"alignnone size-full wp-image-63269\" src=\"https:\/\/partizani.al\/sq\/wp-content\/uploads\/2025\/08\/dsc4026.avif\" alt=\"\" width=\"988\" height=\"556\" srcset=\"https:\/\/partizani.al\/sq\/wp-content\/uploads\/2025\/08\/dsc4026.avif 988w, https:\/\/partizani.al\/sq\/wp-content\/uploads\/2025\/08\/dsc4026-300x169.avif 300w, https:\/\/partizani.al\/sq\/wp-content\/uploads\/2025\/08\/dsc4026-768x432.avif 768w, https:\/\/partizani.al\/sq\/wp-content\/uploads\/2025\/08\/dsc4026-128x72.avif 128w, https:\/\/partizani.al\/sq\/wp-content\/uploads\/2025\/08\/dsc4026-32x18.avif 32w, https:\/\/partizani.al\/sq\/wp-content\/uploads\/2025\/08\/dsc4026-500x281.avif 500w, https:\/\/partizani.al\/sq\/wp-content\/uploads\/2025\/08\/dsc4026-800x450.avif 800w, https:\/\/partizani.al\/sq\/wp-content\/uploads\/2025\/08\/dsc4026-200x113.avif 200w, https:\/\/partizani.al\/sq\/wp-content\/uploads\/2025\/08\/dsc4026-450x253.avif 450w\" sizes=\"auto, (max-width: 988px) 100vw, 988px\" \/><\/p><\/blockquote>\n<p>&nbsp;<\/p>\n<p>Skuadra jon\u00eb, e drejtuar k\u00ebt\u00eb sezon nga Cyme Lulaj, me nj\u00eb grup t\u00eb ri vajzash, po p\u00ebrgatitet p\u00ebr aventur\u00ebn europiane.<\/p>\n<p>&nbsp;<\/p>\n<p>&nbsp;<\/p>\n<p>\ud83d\udcc5 Ndeshja e par\u00eb: 10\/11 Shtator n\u00eb \u201cAren\u00ebn e Demave\u201d<\/p>\n<p>&nbsp;<\/p>\n<p>\ud83d\udcc5 Ndeshja e kthimit: 17\/18 Shtator n\u00eb Serbi<\/p>\n<p>&nbsp;<\/p>\n<p>#partizanichannel<\/p>\n<p style=\"text-align: center;\">#fshf #femra #partizanifemra<\/p>\n","protected":false},"excerpt":{"rendered":"<p>Shorti i hedhur n\u00eb Nyon t\u00eb Zvicr\u00ebs p\u00ebr UEFA Women\u2019s Europa Cup 2025-2026 ka p\u00ebrcaktuar kund\u00ebrshtarin e vajzave t\u00eb kuqe n\u00eb raundin e par\u00eb kualifikues do t\u00eb jet\u00eb Spartak Subotica,&#8230;<\/p>\n","protected":false},"author":2,"featured_media":63267,"comment_status":"closed","ping_status":"closed","sticky":false,"template":"","format":"standard","meta":{"_seopress_robots_primary_cat":"none","_seopress_titles_title":"","_seopress_titles_desc":"","_seopress_robots_index":"","_vp_format_video_url":"","_vp_image_focal_point":[],"footnotes":""},"categories":[104,199],"tags":[],"class_list":["post-63264","post","type-post","status-publish","format-standard","has-post-thumbnail","hentry","category-femrat","category-news"],"_links":{"self":[{"href":"https:\/\/partizani.al\/sq\/wp-json\/wp\/v2\/posts\/63264","targetHints":{"allow":["GET"]}}],"collection":[{"href":"https:\/\/partizani.al\/sq\/wp-json\/wp\/v2\/posts"}],"about":[{"href":"https:\/\/partizani.al\/sq\/wp-json\/wp\/v2\/types\/post"}],"author":[{"embeddable":true,"href":"https:\/\/partizani.al\/sq\/wp-json\/wp\/v2\/users\/2"}],"replies":[{"embeddable":true,"href":"https:\/\/partizani.al\/sq\/wp-json\/wp\/v2\/comments?post=63264"}],"version-history":[{"count":3,"href":"https:\/\/partizani.al\/sq\/wp-json\/wp\/v2\/posts\/63264\/revisions"}],"predecessor-version":[{"id":63271,"href":"https:\/\/partizani.al\/sq\/wp-json\/wp\/v2\/posts\/63264\/revisions\/63271"}],"wp:featuredmedia":[{"embeddable":true,"href":"https:\/\/partizani.al\/sq\/wp-json\/wp\/v2\/media\/63267"}],"wp:attachment":[{"href":"https:\/\/partizani.al\/sq\/wp-json\/wp\/v2\/media?parent=63264"}],"wp:term":[{"taxonomy":"category","embeddable":true,"href":"https:\/\/partizani.al\/sq\/wp-json\/wp\/v2\/categories?post=63264"},{"taxonomy":"post_tag","embeddable":true,"href":"https:\/\/partizani.al\/sq\/wp-json\/wp\/v2\/tags?post=63264"}],"curies":[{"name":"wp","href":"https:\/\/api.w.org\/{rel}","templated":true}]}}