{"id":63253,"date":"2025-08-29T18:56:11","date_gmt":"2025-08-29T16:56:11","guid":{"rendered":"https:\/\/partizani.al\/sq\/?p=63253"},"modified":"2025-08-29T18:56:11","modified_gmt":"2025-08-29T16:56:11","slug":"konferenca-per-shtyp-e-trajnerit-mladen-milinkovic-ne-prag-te-takimit-ndaj-teutes","status":"publish","type":"post","link":"https:\/\/partizani.al\/sq\/konferenca-per-shtyp-e-trajnerit-mladen-milinkovic-ne-prag-te-takimit-ndaj-teutes\/","title":{"rendered":"Konferenca p\u00ebr shtyp e trajnerit Mladen Milinkovic, n\u00eb prag t\u00eb takimit ndaj Teut\u00ebs"},"content":{"rendered":"<div><strong>Gjendja ekipit p\u00ebrpara ndeshjes me Teut\u00ebn &#8211;\u00a0<\/strong><\/div>\n<div><\/div>\n<div>Milinkovic: P\u00ebr ne e r\u00ebnd\u00ebsishme ishte q\u00eb n\u00eb ndeshjen e par\u00eb t\u00eb merrnim 3 pik\u00ebt dhe menj\u00ebher\u00eb kemi filluar p\u00ebrgatitjet p\u00ebr ndeshjen e radh\u00ebs. Gjat\u00eb k\u00ebsaj jave t\u00eb gjith\u00eb lojtar\u00ebt ishin t\u00eb gatsh\u00ebm. N\u00ebse pyet p\u00ebr Bintsuk\u00ebn, \u00ebsht\u00eb n\u00eb form\u00eb m\u00eb t\u00eb mir\u00eb tani. Gjat\u00eb k\u00ebsaj kohe kishte humbur p\u00ebrgatitjet, ndoshta mund t\u00eb jet\u00eb nes\u00ebr me skuadr\u00ebn<\/div>\n<div><\/div>\n<div><img loading=\"lazy\" decoding=\"async\" class=\"alignnone size-full wp-image-63257\" src=\"https:\/\/partizani.al\/sq\/wp-content\/uploads\/2025\/08\/GJK_7451.jpg\" alt=\"\" width=\"1919\" height=\"1280\" srcset=\"https:\/\/partizani.al\/sq\/wp-content\/uploads\/2025\/08\/GJK_7451.jpg 1919w, https:\/\/partizani.al\/sq\/wp-content\/uploads\/2025\/08\/GJK_7451-300x200.jpg 300w, https:\/\/partizani.al\/sq\/wp-content\/uploads\/2025\/08\/GJK_7451-1024x683.jpg 1024w, https:\/\/partizani.al\/sq\/wp-content\/uploads\/2025\/08\/GJK_7451-768x512.jpg 768w, https:\/\/partizani.al\/sq\/wp-content\/uploads\/2025\/08\/GJK_7451-1536x1025.jpg 1536w, https:\/\/partizani.al\/sq\/wp-content\/uploads\/2025\/08\/GJK_7451-128x85.jpg 128w, https:\/\/partizani.al\/sq\/wp-content\/uploads\/2025\/08\/GJK_7451-32x21.jpg 32w, https:\/\/partizani.al\/sq\/wp-content\/uploads\/2025\/08\/GJK_7451-500x334.jpg 500w, https:\/\/partizani.al\/sq\/wp-content\/uploads\/2025\/08\/GJK_7451-800x534.jpg 800w, https:\/\/partizani.al\/sq\/wp-content\/uploads\/2025\/08\/GJK_7451-1280x854.jpg 1280w, https:\/\/partizani.al\/sq\/wp-content\/uploads\/2025\/08\/GJK_7451-900x600.jpg 900w, https:\/\/partizani.al\/sq\/wp-content\/uploads\/2025\/08\/GJK_7451-1140x760.jpg 1140w, https:\/\/partizani.al\/sq\/wp-content\/uploads\/2025\/08\/GJK_7451-200x133.jpg 200w, https:\/\/partizani.al\/sq\/wp-content\/uploads\/2025\/08\/GJK_7451-450x300.jpg 450w\" sizes=\"auto, (max-width: 1919px) 100vw, 1919px\" \/><\/div>\n<div><strong>Mendoni t\u00eb ndryshoni di\u00e7ka p\u00ebr takimin ndaj Teut\u00ebs &#8211;\u00a0<\/strong><\/div>\n<div><\/div>\n<div>Milinkovic: Mendoj se nuk e nis\u00ebm mir\u00eb pjes\u00ebn e dyt\u00eb ndaj Vor\u00ebs. I lam ata t\u00eb luajn\u00eb, na vun\u00eb n\u00eb presion dhe kishin disa mund\u00ebsi t\u00eb mira p\u00ebr t\u00eb sh\u00ebnuar. Sigurisht q\u00eb nuk m\u00eb p\u00eblqen q\u00eb skuadra ime t\u00eb luaj n\u00eb k\u00ebt\u00eb m\u00ebnyr\u00eb. N\u00eb ndeshjen e nes\u00ebrme do t\u00eb p\u00ebrpiqemi t\u00eb b\u00ebjm\u00eb m\u00eb mir\u00eb gj\u00eb t\u00eb cil\u00ebn e b\u00ebm\u00eb n\u00eb pjes\u00ebn e par\u00eb ndaj Vor\u00ebs. Sigurisht q\u00eb nuk jemi n\u00eb momentin ton\u00eb m\u00eb t\u00eb mir\u00eb , \u00ebsht\u00eb vet\u00ebm fillimi. Shpresoj se pas pushimit t\u00eb kampionatit do t\u00eb b\u00ebjm\u00eb shum\u00eb m\u00eb mir\u00eb. Kjo \u00ebsht\u00eb di\u00e7ka q\u00eb duhet ta mendojm\u00eb pas ndeshjes, tani p\u00ebrpara ndeshjes duhet t\u00eb fokusohemi vet\u00ebm te sfida e nes\u00ebrme. T\u00eb p\u00ebrpiqemi t\u00eb marrim 3 pik\u00eb t\u00eb tjera dhe m\u00eb pas t\u00eb mendojm\u00eb p\u00ebr gjith\u00eb gj\u00ebrat e tjerat.<\/div>\n<div><\/div>\n<div><img loading=\"lazy\" decoding=\"async\" class=\"alignnone size-full wp-image-63258\" src=\"https:\/\/partizani.al\/sq\/wp-content\/uploads\/2025\/08\/GJK_7444.jpg\" alt=\"\" width=\"1919\" height=\"1280\" srcset=\"https:\/\/partizani.al\/sq\/wp-content\/uploads\/2025\/08\/GJK_7444.jpg 1919w, https:\/\/partizani.al\/sq\/wp-content\/uploads\/2025\/08\/GJK_7444-300x200.jpg 300w, https:\/\/partizani.al\/sq\/wp-content\/uploads\/2025\/08\/GJK_7444-1024x683.jpg 1024w, https:\/\/partizani.al\/sq\/wp-content\/uploads\/2025\/08\/GJK_7444-768x512.jpg 768w, https:\/\/partizani.al\/sq\/wp-content\/uploads\/2025\/08\/GJK_7444-1536x1025.jpg 1536w, https:\/\/partizani.al\/sq\/wp-content\/uploads\/2025\/08\/GJK_7444-128x85.jpg 128w, https:\/\/partizani.al\/sq\/wp-content\/uploads\/2025\/08\/GJK_7444-32x21.jpg 32w, https:\/\/partizani.al\/sq\/wp-content\/uploads\/2025\/08\/GJK_7444-500x334.jpg 500w, https:\/\/partizani.al\/sq\/wp-content\/uploads\/2025\/08\/GJK_7444-800x534.jpg 800w, https:\/\/partizani.al\/sq\/wp-content\/uploads\/2025\/08\/GJK_7444-1280x854.jpg 1280w, https:\/\/partizani.al\/sq\/wp-content\/uploads\/2025\/08\/GJK_7444-900x600.jpg 900w, https:\/\/partizani.al\/sq\/wp-content\/uploads\/2025\/08\/GJK_7444-1140x760.jpg 1140w, https:\/\/partizani.al\/sq\/wp-content\/uploads\/2025\/08\/GJK_7444-200x133.jpg 200w, https:\/\/partizani.al\/sq\/wp-content\/uploads\/2025\/08\/GJK_7444-450x300.jpg 450w\" sizes=\"auto, (max-width: 1919px) 100vw, 1919px\" \/><\/div>\n<div><strong>T\u00eb rinjt\u00eb &#8211;\u00a0<\/strong><\/div>\n<div><\/div>\n<div>Milinkovic: Ka shum\u00eb lojtar\u00eb q\u00eb jan\u00eb me ne. Zakonisht n\u00eb st\u00ebrvitje jan\u00eb 25-26 dhe 5-6 shum\u00eb t\u00eb talentuar, por duhet t\u00eb jesh shum\u00eb i duruesh\u00ebm me ta. M\u00eb p\u00eblqen t\u00eb punoj me lojtar\u00eb t\u00eb rinj, t\u2019u jap mund\u00ebsi, por \u00e7do gj\u00eb duhet t\u00eb vij\u00eb me koh\u00ebn. P\u00ebr momentin jan\u00eb me ne, por disa prej tyre si Qokthi q\u00eb mori mund\u00ebsin\u00eb, t\u00eb gjith\u00eb do e ken\u00eb nj\u00eb mund\u00ebsi gjat\u00eb vitit p\u00ebr t\u00eb treguar veten. Jan\u00eb e ardhmja, thjesht e p\u00ebrs\u00ebris q\u00eb nuk mund t\u00eb ushtrosh shum\u00eb presion tek ata dhe nuk mund t\u00eb pres\u00ebsh sepse jan\u00eb t\u00eb rinj. Kemi koh\u00eb, dhe besojm\u00eb tek ata. Besoj se disa prej tyre, n\u00ebse jo k\u00ebt\u00eb sezon, n\u00eb tjetrin do jen\u00eb lojtar\u00eb shum\u00eb t\u00eb r\u00ebnd\u00ebsish\u00ebm p\u00ebr Partizanin.<\/div>\n<div><\/div>\n<div><img loading=\"lazy\" decoding=\"async\" class=\"alignnone size-full wp-image-63256\" src=\"https:\/\/partizani.al\/sq\/wp-content\/uploads\/2025\/08\/GJK_7430.jpg\" alt=\"\" width=\"1919\" height=\"1280\" srcset=\"https:\/\/partizani.al\/sq\/wp-content\/uploads\/2025\/08\/GJK_7430.jpg 1919w, https:\/\/partizani.al\/sq\/wp-content\/uploads\/2025\/08\/GJK_7430-300x200.jpg 300w, https:\/\/partizani.al\/sq\/wp-content\/uploads\/2025\/08\/GJK_7430-1024x683.jpg 1024w, https:\/\/partizani.al\/sq\/wp-content\/uploads\/2025\/08\/GJK_7430-768x512.jpg 768w, https:\/\/partizani.al\/sq\/wp-content\/uploads\/2025\/08\/GJK_7430-1536x1025.jpg 1536w, https:\/\/partizani.al\/sq\/wp-content\/uploads\/2025\/08\/GJK_7430-128x85.jpg 128w, https:\/\/partizani.al\/sq\/wp-content\/uploads\/2025\/08\/GJK_7430-32x21.jpg 32w, https:\/\/partizani.al\/sq\/wp-content\/uploads\/2025\/08\/GJK_7430-500x334.jpg 500w, https:\/\/partizani.al\/sq\/wp-content\/uploads\/2025\/08\/GJK_7430-800x534.jpg 800w, https:\/\/partizani.al\/sq\/wp-content\/uploads\/2025\/08\/GJK_7430-1280x854.jpg 1280w, https:\/\/partizani.al\/sq\/wp-content\/uploads\/2025\/08\/GJK_7430-900x600.jpg 900w, https:\/\/partizani.al\/sq\/wp-content\/uploads\/2025\/08\/GJK_7430-1140x760.jpg 1140w, https:\/\/partizani.al\/sq\/wp-content\/uploads\/2025\/08\/GJK_7430-200x133.jpg 200w, https:\/\/partizani.al\/sq\/wp-content\/uploads\/2025\/08\/GJK_7430-450x300.jpg 450w\" sizes=\"auto, (max-width: 1919px) 100vw, 1919px\" \/><\/div>\n<div><\/div>\n<div><strong>Sa informacion keni p\u00ebr Teut\u00ebn &#8211;\u00a0<\/strong><\/div>\n<div><\/div>\n<div>Milinkovic: Nuk luajt\u00ebn n\u00eb ndeshjen e par\u00eb, ndeshjen e fundit e pat\u00ebn rreth 2 jav\u00eb m\u00eb par\u00eb. Kan\u00eb ndryshuar shum\u00eb lojtar\u00eb. Me informacionin q\u00eb kemi, kan\u00eb lojtar\u00eb shum\u00eb t\u00eb mir\u00eb. Pyetja \u00ebsht\u00eb n\u00ebse jan\u00eb kompakt, por nuk pres ndeshje t\u00eb leht\u00eb. Shum\u00eb lojtar\u00eb nga sezoni i ri dhe ato q\u00eb kan\u00eb ardhur kan\u00eb kualitet. Ndoshta kan\u00eb pak avantazh sepse na pan\u00eb neve. Besoj te lojtar\u00ebt tan\u00eb dhe do jen\u00eb n\u00eb nivel t\u00eb mir\u00eb dhe do k\u00ebrkojn\u00eb 3 pik\u00eb si me Vor\u00ebn. Dhe shpresojm\u00eb t\u00eb gjith\u00eb p\u00ebr m\u00eb t\u00eb mir\u00ebn.<\/div>\n<div><img loading=\"lazy\" decoding=\"async\" class=\"alignnone size-full wp-image-63259\" src=\"https:\/\/partizani.al\/sq\/wp-content\/uploads\/2025\/08\/GJK_7465.jpg\" alt=\"\" width=\"854\" height=\"1280\" srcset=\"https:\/\/partizani.al\/sq\/wp-content\/uploads\/2025\/08\/GJK_7465.jpg 854w, https:\/\/partizani.al\/sq\/wp-content\/uploads\/2025\/08\/GJK_7465-200x300.jpg 200w, https:\/\/partizani.al\/sq\/wp-content\/uploads\/2025\/08\/GJK_7465-683x1024.jpg 683w, https:\/\/partizani.al\/sq\/wp-content\/uploads\/2025\/08\/GJK_7465-768x1151.jpg 768w, https:\/\/partizani.al\/sq\/wp-content\/uploads\/2025\/08\/GJK_7465-85x128.jpg 85w, https:\/\/partizani.al\/sq\/wp-content\/uploads\/2025\/08\/GJK_7465-21x32.jpg 21w, https:\/\/partizani.al\/sq\/wp-content\/uploads\/2025\/08\/GJK_7465-500x749.jpg 500w, https:\/\/partizani.al\/sq\/wp-content\/uploads\/2025\/08\/GJK_7465-800x1199.jpg 800w, https:\/\/partizani.al\/sq\/wp-content\/uploads\/2025\/08\/GJK_7465-400x600.jpg 400w, https:\/\/partizani.al\/sq\/wp-content\/uploads\/2025\/08\/GJK_7465-761x1140.jpg 761w, https:\/\/partizani.al\/sq\/wp-content\/uploads\/2025\/08\/GJK_7465-133x200.jpg 133w, https:\/\/partizani.al\/sq\/wp-content\/uploads\/2025\/08\/GJK_7465-300x450.jpg 300w\" sizes=\"auto, (max-width: 854px) 100vw, 854px\" \/><\/div>\n","protected":false},"excerpt":{"rendered":"<p>Gjendja ekipit p\u00ebrpara ndeshjes me Teut\u00ebn &#8211;\u00a0 Milinkovic: P\u00ebr ne e r\u00ebnd\u00ebsishme ishte q\u00eb n\u00eb ndeshjen e par\u00eb t\u00eb merrnim 3 pik\u00ebt dhe menj\u00ebher\u00eb kemi filluar p\u00ebrgatitjet p\u00ebr ndeshjen e&#8230;<\/p>\n","protected":false},"author":1,"featured_media":63256,"comment_status":"closed","ping_status":"closed","sticky":false,"template":"","format":"standard","meta":{"_seopress_robots_primary_cat":"none","_seopress_titles_title":"","_seopress_titles_desc":"","_seopress_robots_index":"","_vp_format_video_url":"","_vp_image_focal_point":[],"footnotes":""},"categories":[107],"tags":[],"class_list":["post-63253","post","type-post","status-publish","format-standard","has-post-thumbnail","hentry","category-ekipi_i_pare"],"_links":{"self":[{"href":"https:\/\/partizani.al\/sq\/wp-json\/wp\/v2\/posts\/63253","targetHints":{"allow":["GET"]}}],"collection":[{"href":"https:\/\/partizani.al\/sq\/wp-json\/wp\/v2\/posts"}],"about":[{"href":"https:\/\/partizani.al\/sq\/wp-json\/wp\/v2\/types\/post"}],"author":[{"embeddable":true,"href":"https:\/\/partizani.al\/sq\/wp-json\/wp\/v2\/users\/1"}],"replies":[{"embeddable":true,"href":"https:\/\/partizani.al\/sq\/wp-json\/wp\/v2\/comments?post=63253"}],"version-history":[{"count":1,"href":"https:\/\/partizani.al\/sq\/wp-json\/wp\/v2\/posts\/63253\/revisions"}],"predecessor-version":[{"id":63260,"href":"https:\/\/partizani.al\/sq\/wp-json\/wp\/v2\/posts\/63253\/revisions\/63260"}],"wp:featuredmedia":[{"embeddable":true,"href":"https:\/\/partizani.al\/sq\/wp-json\/wp\/v2\/media\/63256"}],"wp:attachment":[{"href":"https:\/\/partizani.al\/sq\/wp-json\/wp\/v2\/media?parent=63253"}],"wp:term":[{"taxonomy":"category","embeddable":true,"href":"https:\/\/partizani.al\/sq\/wp-json\/wp\/v2\/categories?post=63253"},{"taxonomy":"post_tag","embeddable":true,"href":"https:\/\/partizani.al\/sq\/wp-json\/wp\/v2\/tags?post=63253"}],"curies":[{"name":"wp","href":"https:\/\/api.w.org\/{rel}","templated":true}]}}