{"id":63248,"date":"2025-08-28T14:55:35","date_gmt":"2025-08-28T12:55:35","guid":{"rendered":"https:\/\/partizani.al\/sq\/?p=63248"},"modified":"2025-08-28T14:55:35","modified_gmt":"2025-08-28T12:55:35","slug":"%f0%9f%93%a2-njoftim-per-mediat-konference-per-shtyp","status":"publish","type":"post","link":"https:\/\/partizani.al\/sq\/%f0%9f%93%a2-njoftim-per-mediat-konference-per-shtyp\/","title":{"rendered":"\ud83d\udce2 Njoftim p\u00ebr Mediat | Konferenc\u00eb p\u00ebr shtyp"},"content":{"rendered":"<p><strong>\ud83d\udce2 Njoftim p\u00ebr Mediat | Konferenc\u00eb p\u00ebr shtyp<\/strong><\/p>\n<p>&nbsp;<\/p>\n<p>Klubi i Futbollit Partizani njofton se nes\u00ebr, n\u00eb or\u00ebn 17:30, n\u00eb ambientet e stadiumit \u201cArena e Demave\u201d, do t\u00eb zhvillohet konferenca p\u00ebr shtyp e trajnerit Mladen Milinkovi\u00e7, n\u00eb prag t\u00eb takimit ndaj Teut\u00ebs .<\/p>\n<p>&nbsp;<\/p>\n<p>T\u00eb gjitha mediat e interesuara p\u00ebr t\u00eb qen\u00eb t\u00eb pranishme ftohen t\u00eb marrin pjes\u00eb .<\/p>\n<p>&nbsp;<\/p>\n<p>#pressconference #FKPartizani #partizanichannel #arenaedemave\ud83d\udd34\ud83c\udfdf #perjetmetypartizan\ud83d\udd34\ud83d\udd34<\/p>\n","protected":false},"excerpt":{"rendered":"<p>\ud83d\udce2 Njoftim p\u00ebr Mediat | Konferenc\u00eb p\u00ebr shtyp &nbsp; Klubi i Futbollit Partizani njofton se nes\u00ebr, n\u00eb or\u00ebn 17:30, n\u00eb ambientet e stadiumit \u201cArena e Demave\u201d, do t\u00eb zhvillohet konferenca&#8230;<\/p>\n","protected":false},"author":2,"featured_media":63251,"comment_status":"closed","ping_status":"closed","sticky":false,"template":"","format":"standard","meta":{"_seopress_robots_primary_cat":"none","_seopress_titles_title":"","_seopress_titles_desc":"","_seopress_robots_index":"","_vp_format_video_url":"","_vp_image_focal_point":[],"footnotes":""},"categories":[107,199,202],"tags":[],"class_list":["post-63248","post","type-post","status-publish","format-standard","has-post-thumbnail","hentry","category-ekipi_i_pare","category-news","category-press-conference"],"_links":{"self":[{"href":"https:\/\/partizani.al\/sq\/wp-json\/wp\/v2\/posts\/63248","targetHints":{"allow":["GET"]}}],"collection":[{"href":"https:\/\/partizani.al\/sq\/wp-json\/wp\/v2\/posts"}],"about":[{"href":"https:\/\/partizani.al\/sq\/wp-json\/wp\/v2\/types\/post"}],"author":[{"embeddable":true,"href":"https:\/\/partizani.al\/sq\/wp-json\/wp\/v2\/users\/2"}],"replies":[{"embeddable":true,"href":"https:\/\/partizani.al\/sq\/wp-json\/wp\/v2\/comments?post=63248"}],"version-history":[{"count":1,"href":"https:\/\/partizani.al\/sq\/wp-json\/wp\/v2\/posts\/63248\/revisions"}],"predecessor-version":[{"id":63252,"href":"https:\/\/partizani.al\/sq\/wp-json\/wp\/v2\/posts\/63248\/revisions\/63252"}],"wp:featuredmedia":[{"embeddable":true,"href":"https:\/\/partizani.al\/sq\/wp-json\/wp\/v2\/media\/63251"}],"wp:attachment":[{"href":"https:\/\/partizani.al\/sq\/wp-json\/wp\/v2\/media?parent=63248"}],"wp:term":[{"taxonomy":"category","embeddable":true,"href":"https:\/\/partizani.al\/sq\/wp-json\/wp\/v2\/categories?post=63248"},{"taxonomy":"post_tag","embeddable":true,"href":"https:\/\/partizani.al\/sq\/wp-json\/wp\/v2\/tags?post=63248"}],"curies":[{"name":"wp","href":"https:\/\/api.w.org\/{rel}","templated":true}]}}