{"id":63235,"date":"2025-08-28T12:10:15","date_gmt":"2025-08-28T10:10:15","guid":{"rendered":"https:\/\/partizani.al\/sq\/?p=63235"},"modified":"2025-08-28T12:10:15","modified_gmt":"2025-08-28T10:10:15","slug":"%f0%9f%87%aa%f0%9f%87%ba-kjo-fundjave-sjell-shortin-per-partizani-vajza-ne-uefa-womens-europa-cup","status":"publish","type":"post","link":"https:\/\/partizani.al\/sq\/%f0%9f%87%aa%f0%9f%87%ba-kjo-fundjave-sjell-shortin-per-partizani-vajza-ne-uefa-womens-europa-cup\/","title":{"rendered":"\ud83c\uddea\ud83c\uddfa Kjo fundjav\u00eb sjell shortin p\u00ebr Partizani Vajza n\u00eb UEFA Women&#8217;s Europa Cup"},"content":{"rendered":"<p>\ud83c\uddea\ud83c\uddfa Kjo fundjav\u00eb sjell shortin p\u00ebr Partizani Vajza n\u00eb UEFA Women&#8217;s Europa Cup<\/p>\n<p>&nbsp;<\/p>\n<p>\ud83d\udd34 Skuadra e femrave e Partizanit do t\u00eb marr\u00eb pjes\u00eb p\u00ebr her\u00eb t\u00eb par\u00eb n\u00eb UEFA Women&#8217;s Europa Cup n\u00eb sezonin 2025\/26. Shorti p\u00ebr raundin e par\u00eb kualifikues do t\u00eb hidhet m\u00eb 31 gusht n\u00eb ora 13:00 n\u00eb Nyon t\u00eb Zvicr\u00ebs . Ndeshjet e para do t\u00eb zhvillohen m\u00eb 10 dhe 11 shtator, nd\u00ebrsa ndeshjet e kthimit m\u00eb 17 dhe 18 shtator.<\/p>\n<p>&nbsp;<\/p>\n<p>\u26bd Skuadra jon\u00eb po p\u00ebrgatitet n\u00ebn drejtimin e trajneres Cyme Lulaj p\u00ebr k\u00ebt\u00eb sfid\u00eb europiane.<\/p>\n<p>&nbsp;<\/p>\n<p>\u2139\ufe0f UEFA Women&#8217;s Europa Cup do t\u00eb nis\u00eb sezonin e saj inaugural n\u00eb vitin 2025\/26, duke sjell\u00eb nj\u00eb gar\u00eb t\u00eb dyt\u00eb p\u00ebr klubet e femrave n\u00eb futbollin europian, krahas UEFA Women&#8217;s Champions League. N\u00eb k\u00ebt\u00eb turne do t\u00eb marrin pjes\u00eb 43 skuadra, t\u00eb cilat do t\u00eb garojn\u00eb n\u00eb format eliminues me dy ndeshje n\u00eb \u00e7do faz\u00eb, p\u00ebrfshir\u00eb edhe finalen.<\/p>\n<p>&nbsp;<\/p>\n<p>#partizanifemra #uefa #partizanichannel<\/p>\n","protected":false},"excerpt":{"rendered":"<p>\ud83c\uddea\ud83c\uddfa Kjo fundjav\u00eb sjell shortin p\u00ebr Partizani Vajza n\u00eb UEFA Women&#8217;s Europa Cup &nbsp; \ud83d\udd34 Skuadra e femrave e Partizanit do t\u00eb marr\u00eb pjes\u00eb p\u00ebr her\u00eb t\u00eb par\u00eb n\u00eb UEFA&#8230;<\/p>\n","protected":false},"author":2,"featured_media":63238,"comment_status":"closed","ping_status":"closed","sticky":false,"template":"","format":"standard","meta":{"_seopress_robots_primary_cat":"none","_seopress_titles_title":"","_seopress_titles_desc":"","_seopress_robots_index":"","_vp_format_video_url":"","_vp_image_focal_point":[],"footnotes":""},"categories":[104,199],"tags":[],"class_list":["post-63235","post","type-post","status-publish","format-standard","has-post-thumbnail","hentry","category-femrat","category-news"],"_links":{"self":[{"href":"https:\/\/partizani.al\/sq\/wp-json\/wp\/v2\/posts\/63235","targetHints":{"allow":["GET"]}}],"collection":[{"href":"https:\/\/partizani.al\/sq\/wp-json\/wp\/v2\/posts"}],"about":[{"href":"https:\/\/partizani.al\/sq\/wp-json\/wp\/v2\/types\/post"}],"author":[{"embeddable":true,"href":"https:\/\/partizani.al\/sq\/wp-json\/wp\/v2\/users\/2"}],"replies":[{"embeddable":true,"href":"https:\/\/partizani.al\/sq\/wp-json\/wp\/v2\/comments?post=63235"}],"version-history":[{"count":1,"href":"https:\/\/partizani.al\/sq\/wp-json\/wp\/v2\/posts\/63235\/revisions"}],"predecessor-version":[{"id":63239,"href":"https:\/\/partizani.al\/sq\/wp-json\/wp\/v2\/posts\/63235\/revisions\/63239"}],"wp:featuredmedia":[{"embeddable":true,"href":"https:\/\/partizani.al\/sq\/wp-json\/wp\/v2\/media\/63238"}],"wp:attachment":[{"href":"https:\/\/partizani.al\/sq\/wp-json\/wp\/v2\/media?parent=63235"}],"wp:term":[{"taxonomy":"category","embeddable":true,"href":"https:\/\/partizani.al\/sq\/wp-json\/wp\/v2\/categories?post=63235"},{"taxonomy":"post_tag","embeddable":true,"href":"https:\/\/partizani.al\/sq\/wp-json\/wp\/v2\/tags?post=63235"}],"curies":[{"name":"wp","href":"https:\/\/api.w.org\/{rel}","templated":true}]}}