{"id":63152,"date":"2025-08-22T22:05:07","date_gmt":"2025-08-22T20:05:07","guid":{"rendered":"https:\/\/partizani.al\/sq\/?p=63152"},"modified":"2025-08-22T22:05:07","modified_gmt":"2025-08-22T20:05:07","slug":"%f0%9f%93%a2-njoftim-konference-per-shtyp","status":"publish","type":"post","link":"https:\/\/partizani.al\/sq\/%f0%9f%93%a2-njoftim-konference-per-shtyp\/","title":{"rendered":"\ud83d\udce2 Njoftim | Konferenc\u00eb p\u00ebr shtyp"},"content":{"rendered":"<p>&nbsp;<\/p>\n<p><em>\ud83d\udce2 Njoftim | Konferenc\u00eb p\u00ebr shtyp<\/em><\/p>\n<p>&nbsp;<\/p>\n<p>Nes\u00ebr, n\u00eb or\u00ebn 17:30, n\u00eb ambientet e stadiumit &#8220;Arena e Demave&#8221;, do t\u00eb zhvillohet konferenca p\u00ebr shtyp e trajnerin Mladen Milinkovi\u00e7 n\u00eb prag t\u00eb takimit ndaj Vor\u00ebs .<\/p>\n<p>&nbsp;<\/p>\n<p>#pressconference #FKPartizani #partizanichannel #arenaedemave\ud83d\udd34\ud83c\udfdf #perjetmetypartizan\ud83d\udd34\ud83d\udd34<\/p>\n","protected":false},"excerpt":{"rendered":"<p>&nbsp; \ud83d\udce2 Njoftim | Konferenc\u00eb p\u00ebr shtyp &nbsp; Nes\u00ebr, n\u00eb or\u00ebn 17:30, n\u00eb ambientet e stadiumit &#8220;Arena e Demave&#8221;, do t\u00eb zhvillohet konferenca p\u00ebr shtyp e trajnerin Mladen Milinkovi\u00e7 n\u00eb&#8230;<\/p>\n","protected":false},"author":2,"featured_media":63151,"comment_status":"closed","ping_status":"closed","sticky":false,"template":"","format":"standard","meta":{"_seopress_robots_primary_cat":"none","_seopress_titles_title":"","_seopress_titles_desc":"","_seopress_robots_index":"","_vp_format_video_url":"","_vp_image_focal_point":[],"footnotes":""},"categories":[107,199,202],"tags":[],"class_list":["post-63152","post","type-post","status-publish","format-standard","has-post-thumbnail","hentry","category-ekipi_i_pare","category-news","category-press-conference"],"_links":{"self":[{"href":"https:\/\/partizani.al\/sq\/wp-json\/wp\/v2\/posts\/63152","targetHints":{"allow":["GET"]}}],"collection":[{"href":"https:\/\/partizani.al\/sq\/wp-json\/wp\/v2\/posts"}],"about":[{"href":"https:\/\/partizani.al\/sq\/wp-json\/wp\/v2\/types\/post"}],"author":[{"embeddable":true,"href":"https:\/\/partizani.al\/sq\/wp-json\/wp\/v2\/users\/2"}],"replies":[{"embeddable":true,"href":"https:\/\/partizani.al\/sq\/wp-json\/wp\/v2\/comments?post=63152"}],"version-history":[{"count":1,"href":"https:\/\/partizani.al\/sq\/wp-json\/wp\/v2\/posts\/63152\/revisions"}],"predecessor-version":[{"id":63155,"href":"https:\/\/partizani.al\/sq\/wp-json\/wp\/v2\/posts\/63152\/revisions\/63155"}],"wp:featuredmedia":[{"embeddable":true,"href":"https:\/\/partizani.al\/sq\/wp-json\/wp\/v2\/media\/63151"}],"wp:attachment":[{"href":"https:\/\/partizani.al\/sq\/wp-json\/wp\/v2\/media?parent=63152"}],"wp:term":[{"taxonomy":"category","embeddable":true,"href":"https:\/\/partizani.al\/sq\/wp-json\/wp\/v2\/categories?post=63152"},{"taxonomy":"post_tag","embeddable":true,"href":"https:\/\/partizani.al\/sq\/wp-json\/wp\/v2\/tags?post=63152"}],"curies":[{"name":"wp","href":"https:\/\/api.w.org\/{rel}","templated":true}]}}