{"id":63095,"date":"2025-08-13T22:09:01","date_gmt":"2025-08-13T20:09:01","guid":{"rendered":"https:\/\/partizani.al\/sq\/?p=63095"},"modified":"2025-08-13T22:09:39","modified_gmt":"2025-08-13T20:09:39","slug":"63095-2","status":"publish","type":"post","link":"https:\/\/partizani.al\/sq\/63095-2\/","title":{"rendered":"VAJZA | SEZONI I RI"},"content":{"rendered":"<p>Nes\u00ebr ora 14:30 , n\u00eb Stadiumin \u201cArena e Demave\u201d, ekipi Partizani Vajza , n\u00ebn drejtimin e trajneres Cyme Lulaj, nis zyrtarisht procesin st\u00ebrvitor n\u00eb kuad\u00ebr t\u00eb p\u00ebrgatitjeve p\u00ebr UEFA Women\u2019s Europa Cup 2025\/26 dhe Kampionatin Komb\u00ebtar \u2013 Kategoria Superiore p\u00ebr Femra .<\/p>\n<p>Gjat\u00eb k\u00ebsaj periudhe do t\u00eb zhvillohet edhe procesi i seleksionimeve p\u00ebr t\u00eb gjitha lojtaret e reja q\u00eb d\u00ebshirojn\u00eb t\u00eb provohen dhe t\u00eb b\u00ebhen pjes\u00eb e familjes kuqe<\/p>\n<p>&nbsp;<\/p>\n<p>#fkpartizanivajza\ud83d\udd34 #partizanichannel #arenaedemave #perjetmetypartizan<\/p>\n","protected":false},"excerpt":{"rendered":"<p>Nes\u00ebr ora 14:30 , n\u00eb Stadiumin \u201cArena e Demave\u201d, ekipi Partizani Vajza , n\u00ebn drejtimin e trajneres Cyme Lulaj, nis zyrtarisht procesin st\u00ebrvitor n\u00eb kuad\u00ebr t\u00eb p\u00ebrgatitjeve p\u00ebr UEFA Women\u2019s&#8230;<\/p>\n","protected":false},"author":2,"featured_media":63098,"comment_status":"closed","ping_status":"closed","sticky":false,"template":"","format":"standard","meta":{"_seopress_robots_primary_cat":"none","_seopress_titles_title":"","_seopress_titles_desc":"","_seopress_robots_index":"","_vp_format_video_url":"","_vp_image_focal_point":[],"footnotes":""},"categories":[104,199],"tags":[],"class_list":["post-63095","post","type-post","status-publish","format-standard","has-post-thumbnail","hentry","category-femrat","category-news"],"_links":{"self":[{"href":"https:\/\/partizani.al\/sq\/wp-json\/wp\/v2\/posts\/63095","targetHints":{"allow":["GET"]}}],"collection":[{"href":"https:\/\/partizani.al\/sq\/wp-json\/wp\/v2\/posts"}],"about":[{"href":"https:\/\/partizani.al\/sq\/wp-json\/wp\/v2\/types\/post"}],"author":[{"embeddable":true,"href":"https:\/\/partizani.al\/sq\/wp-json\/wp\/v2\/users\/2"}],"replies":[{"embeddable":true,"href":"https:\/\/partizani.al\/sq\/wp-json\/wp\/v2\/comments?post=63095"}],"version-history":[{"count":2,"href":"https:\/\/partizani.al\/sq\/wp-json\/wp\/v2\/posts\/63095\/revisions"}],"predecessor-version":[{"id":63100,"href":"https:\/\/partizani.al\/sq\/wp-json\/wp\/v2\/posts\/63095\/revisions\/63100"}],"wp:featuredmedia":[{"embeddable":true,"href":"https:\/\/partizani.al\/sq\/wp-json\/wp\/v2\/media\/63098"}],"wp:attachment":[{"href":"https:\/\/partizani.al\/sq\/wp-json\/wp\/v2\/media?parent=63095"}],"wp:term":[{"taxonomy":"category","embeddable":true,"href":"https:\/\/partizani.al\/sq\/wp-json\/wp\/v2\/categories?post=63095"},{"taxonomy":"post_tag","embeddable":true,"href":"https:\/\/partizani.al\/sq\/wp-json\/wp\/v2\/tags?post=63095"}],"curies":[{"name":"wp","href":"https:\/\/api.w.org\/{rel}","templated":true}]}}