{"id":61352,"date":"2025-04-03T00:15:39","date_gmt":"2025-04-02T22:15:39","guid":{"rendered":"https:\/\/partizani.al\/sq\/?p=61352"},"modified":"2025-04-03T00:47:23","modified_gmt":"2025-04-02T22:47:23","slug":"tre-lojtare-te-partizanit-thirren-nga-kombetaret-per-uefa-womens-nations-league","status":"publish","type":"post","link":"https:\/\/partizani.al\/sq\/tre-lojtare-te-partizanit-thirren-nga-kombetaret-per-uefa-womens-nations-league\/","title":{"rendered":"Tre lojtare t\u00eb Partizanit thirren nga komb\u00ebtaret p\u00ebr UEFA Women\u2019s Nations League"},"content":{"rendered":"<div class=\"xdj266r x11i5rnm xat24cr x1mh8g0r x1vvkbs x126k92a\"><\/div>\n<div class=\"x11i5rnm xat24cr x1mh8g0r x1vvkbs xtlvy1s x126k92a\">\n<div dir=\"auto\"><img loading=\"lazy\" decoding=\"async\" class=\"alignnone wp-image-61355 size-full\" src=\"https:\/\/partizani.al\/sq\/wp-content\/uploads\/2025\/04\/2b58237d-2dec-4bc7-b50d-b02e549decf1.jpg\" alt=\"\" width=\"1024\" height=\"1280\" srcset=\"https:\/\/partizani.al\/sq\/wp-content\/uploads\/2025\/04\/2b58237d-2dec-4bc7-b50d-b02e549decf1.jpg 1024w, https:\/\/partizani.al\/sq\/wp-content\/uploads\/2025\/04\/2b58237d-2dec-4bc7-b50d-b02e549decf1-240x300.jpg 240w, https:\/\/partizani.al\/sq\/wp-content\/uploads\/2025\/04\/2b58237d-2dec-4bc7-b50d-b02e549decf1-819x1024.jpg 819w, https:\/\/partizani.al\/sq\/wp-content\/uploads\/2025\/04\/2b58237d-2dec-4bc7-b50d-b02e549decf1-768x960.jpg 768w, https:\/\/partizani.al\/sq\/wp-content\/uploads\/2025\/04\/2b58237d-2dec-4bc7-b50d-b02e549decf1-102x128.jpg 102w, https:\/\/partizani.al\/sq\/wp-content\/uploads\/2025\/04\/2b58237d-2dec-4bc7-b50d-b02e549decf1-26x32.jpg 26w, https:\/\/partizani.al\/sq\/wp-content\/uploads\/2025\/04\/2b58237d-2dec-4bc7-b50d-b02e549decf1-500x625.jpg 500w, https:\/\/partizani.al\/sq\/wp-content\/uploads\/2025\/04\/2b58237d-2dec-4bc7-b50d-b02e549decf1-800x1000.jpg 800w, https:\/\/partizani.al\/sq\/wp-content\/uploads\/2025\/04\/2b58237d-2dec-4bc7-b50d-b02e549decf1-480x600.jpg 480w, https:\/\/partizani.al\/sq\/wp-content\/uploads\/2025\/04\/2b58237d-2dec-4bc7-b50d-b02e549decf1-912x1140.jpg 912w, https:\/\/partizani.al\/sq\/wp-content\/uploads\/2025\/04\/2b58237d-2dec-4bc7-b50d-b02e549decf1-160x200.jpg 160w, https:\/\/partizani.al\/sq\/wp-content\/uploads\/2025\/04\/2b58237d-2dec-4bc7-b50d-b02e549decf1-360x450.jpg 360w\" sizes=\"auto, (max-width: 1024px) 100vw, 1024px\" \/>Tre lojtare t\u00eb ekipit t\u00eb femrave t\u00eb Partizanit, Nora Dedgjonaj, Mikaela Metalla dhe Thekla Andreou, jan\u00eb grumbulluar nga komb\u00ebtaret e tyre p\u00ebr ndeshjet e UEFA Women\u2019s Nations League, t\u00eb cilat do t\u00eb zhvillohen m\u00eb 4 dhe 8 Prill.<\/div>\n<\/div>\n<div class=\"x11i5rnm xat24cr x1mh8g0r x1vvkbs xtlvy1s x126k92a\">\n<div dir=\"auto\"><span class=\"html-span xexx8yu x4uap5 x18d9i69 xkhd6sd x1hl2dhg x16tdsg8 x1vvkbs x3nfvp2 x1j61x8r x1fcty0u xdj266r xat24cr xgzva0m xhhsvwb xxymvpz xlup9mm x1kky2od\"><img loading=\"lazy\" decoding=\"async\" class=\"xz74otr x168nmei x13lgxp2 x5pf9jr xo71vjh\" src=\"https:\/\/static.xx.fbcdn.net\/images\/emoji.php\/v9\/t42\/1\/16\/1f1e6_1f1f1.png\" alt=\"\ud83c\udde6\ud83c\uddf1\" width=\"16\" height=\"16\" \/><\/span> Komb\u00ebtarja Shqiptare<\/div>\n<\/div>\n<div class=\"x11i5rnm xat24cr x1mh8g0r x1vvkbs xtlvy1s x126k92a\">\n<div dir=\"auto\">Dedgjonaj dhe Metalla jan\u00eb p\u00ebrfshir\u00eb n\u00eb list\u00ebn e Shqip\u00ebris\u00eb, e cila do t\u00eb p\u00ebrballet me Kroacin\u00eb n\u00eb nj\u00eb p\u00ebrballje t\u00eb dyfisht\u00eb vendimtare p\u00ebr rrug\u00ebtimin e kuqezinjve n\u00eb k\u00ebt\u00eb kompeticion.<\/div>\n<\/div>\n<div class=\"x11i5rnm xat24cr x1mh8g0r x1vvkbs xtlvy1s x126k92a\">\n<div dir=\"auto\">4 Prill 16:00 Shqip\u00ebri &#8211; Kroaci<\/div>\n<div dir=\"auto\">8 Prill 16:00 Kroaci &#8211; Shqip\u00ebri<\/div>\n<\/div>\n<div class=\"x11i5rnm xat24cr x1mh8g0r x1vvkbs xtlvy1s x126k92a\">\n<div dir=\"auto\"><span class=\"html-span xexx8yu x4uap5 x18d9i69 xkhd6sd x1hl2dhg x16tdsg8 x1vvkbs x3nfvp2 x1j61x8r x1fcty0u xdj266r xat24cr xgzva0m xhhsvwb xxymvpz xlup9mm x1kky2od\"><img loading=\"lazy\" decoding=\"async\" class=\"xz74otr x168nmei x13lgxp2 x5pf9jr xo71vjh\" src=\"https:\/\/static.xx.fbcdn.net\/images\/emoji.php\/v9\/tf8\/1\/16\/1f1e8_1f1fe.png\" alt=\"\ud83c\udde8\ud83c\uddfe\" width=\"16\" height=\"16\" \/><\/span> Komb\u00ebtarja Qipriote<\/div>\n<\/div>\n<div class=\"x11i5rnm xat24cr x1mh8g0r x1vvkbs xtlvy1s x126k92a\">\n<div dir=\"auto\">Nga ana tjet\u00ebr, Thekla Andreou \u00ebsht\u00eb thirrur nga Komb\u00ebtarja e Qipros p\u00ebr dy sfidat e saj ndaj Andorr\u00ebs .<\/div>\n<\/div>\n<div class=\"x11i5rnm xat24cr x1mh8g0r x1vvkbs xtlvy1s x126k92a\">\n<div dir=\"auto\">4 Prill Qipro &#8211; Andorra<\/div>\n<div dir=\"auto\">8 Prill Andorra &#8211; Qipro<\/div>\n<\/div>\n<div class=\"x11i5rnm xat24cr x1mh8g0r x1vvkbs xtlvy1s x126k92a\">\n<div dir=\"auto\"><span class=\"html-span xexx8yu x4uap5 x18d9i69 xkhd6sd x1hl2dhg x16tdsg8 x1vvkbs x3nfvp2 x1j61x8r x1fcty0u xdj266r xat24cr xgzva0m xhhsvwb xxymvpz xlup9mm x1kky2od\"><img loading=\"lazy\" decoding=\"async\" class=\"xz74otr x168nmei x13lgxp2 x5pf9jr xo71vjh\" src=\"https:\/\/static.xx.fbcdn.net\/images\/emoji.php\/v9\/t96\/1\/16\/1f1ec_1f1e7.png\" alt=\"\ud83c\uddec\ud83c\udde7\" width=\"16\" height=\"16\" \/><\/span> Three Partizani players called up for UEFA Women\u2019s Nations League<\/div>\n<\/div>\n<div class=\"x11i5rnm xat24cr x1mh8g0r x1vvkbs xtlvy1s x126k92a\">\n<div dir=\"auto\">Three players from Partizani\u2019s women\u2019s team, Nora Dedgjonaj, Mikaela Metalla, and Thekla Andreou, have been selected by their respective national teams for the UEFA Women\u2019s Nations League matches scheduled for April 4 and 8.<\/div>\n<\/div>\n<div class=\"x11i5rnm xat24cr x1mh8g0r x1vvkbs xtlvy1s x126k92a\">\n<div dir=\"auto\"><span class=\"html-span xexx8yu x4uap5 x18d9i69 xkhd6sd x1hl2dhg x16tdsg8 x1vvkbs x3nfvp2 x1j61x8r x1fcty0u xdj266r xat24cr xgzva0m xhhsvwb xxymvpz xlup9mm x1kky2od\"><img loading=\"lazy\" decoding=\"async\" class=\"xz74otr x168nmei x13lgxp2 x5pf9jr xo71vjh\" src=\"https:\/\/static.xx.fbcdn.net\/images\/emoji.php\/v9\/t42\/1\/16\/1f1e6_1f1f1.png\" alt=\"\ud83c\udde6\ud83c\uddf1\" width=\"16\" height=\"16\" \/><\/span> Albania\u2019s national team<\/div>\n<div dir=\"auto\">Dedgjonaj and Metalla have been included in Albania\u2019s squad, which will face Croatia in two crucial matches that could define their journey in the competition.<\/div>\n<\/div>\n<div class=\"x11i5rnm xat24cr x1mh8g0r x1vvkbs xtlvy1s x126k92a\">\n<div dir=\"auto\"><span class=\"html-span xexx8yu x4uap5 x18d9i69 xkhd6sd x1hl2dhg x16tdsg8 x1vvkbs x3nfvp2 x1j61x8r x1fcty0u xdj266r xat24cr xgzva0m xhhsvwb xxymvpz xlup9mm x1kky2od\"><img loading=\"lazy\" decoding=\"async\" class=\"xz74otr x168nmei x13lgxp2 x5pf9jr xo71vjh\" src=\"https:\/\/static.xx.fbcdn.net\/images\/emoji.php\/v9\/tf8\/1\/16\/1f1e8_1f1fe.png\" alt=\"\ud83c\udde8\ud83c\uddfe\" width=\"16\" height=\"16\" \/><\/span> Cyprus\u2019 national team<\/div>\n<div dir=\"auto\">Meanwhile, Thekla Andreou has received a call-up from Cyprus, which is set to play against Andorra in the same round of fixtures.<\/div>\n<\/div>\n<div class=\"x11i5rnm xat24cr x1mh8g0r x1vvkbs xtlvy1s x126k92a\">\n<div dir=\"auto\"><span class=\"html-span xdj266r x11i5rnm xat24cr x1mh8g0r xexx8yu x4uap5 x18d9i69 xkhd6sd x1hl2dhg x16tdsg8 x1vvkbs\"><a class=\"x1i10hfl xjbqb8w x1ejq31n xd10rxx x1sy0etr x17r0tee x972fbf xcfux6l x1qhh985 xm0m39n x9f619 x1ypdohk xt0psk2 xe8uvvx xdj266r x11i5rnm xat24cr x1mh8g0r xexx8yu x4uap5 x18d9i69 xkhd6sd x16tdsg8 x1hl2dhg xggy1nq x1a2a7pz xkrqix3 x1sur9pj x1fey0fg x1s688f\" tabindex=\"0\" role=\"link\" href=\"https:\/\/www.facebook.com\/hashtag\/partizaniwomen?__eep__=6&amp;__cft__[0]=AZVXqvN2gD7f7Ux-HW5J1H_N8ZvmrKle3eSzfvuQn9KTGmxqn-FqXpqWaLBmV_QiTa0CvSYfNF_YUsxm9W2DbGX70ArYW6p78ZXS33CZj8T4kHfZhAz1uMXxupJr_zuWW4NX_anWKw0qyXfh0gifSDEW029kGkM_6lE0l1KzzXZvULdl7Wxv95JYjfhaJ3mB1v4-wUXFe-mcyFYyUqz-Q-Fs&amp;__tn__=*NK-R\">#PartizaniWomen<\/a><\/span> <span class=\"html-span xdj266r x11i5rnm xat24cr x1mh8g0r xexx8yu x4uap5 x18d9i69 xkhd6sd x1hl2dhg x16tdsg8 x1vvkbs\"><a class=\"x1i10hfl xjbqb8w x1ejq31n xd10rxx x1sy0etr x17r0tee x972fbf xcfux6l x1qhh985 xm0m39n x9f619 x1ypdohk xt0psk2 xe8uvvx xdj266r x11i5rnm xat24cr x1mh8g0r xexx8yu x4uap5 x18d9i69 xkhd6sd x16tdsg8 x1hl2dhg xggy1nq x1a2a7pz xkrqix3 x1sur9pj x1fey0fg x1s688f\" tabindex=\"0\" role=\"link\" href=\"https:\/\/www.facebook.com\/hashtag\/womensfootball?__eep__=6&amp;__cft__[0]=AZVXqvN2gD7f7Ux-HW5J1H_N8ZvmrKle3eSzfvuQn9KTGmxqn-FqXpqWaLBmV_QiTa0CvSYfNF_YUsxm9W2DbGX70ArYW6p78ZXS33CZj8T4kHfZhAz1uMXxupJr_zuWW4NX_anWKw0qyXfh0gifSDEW029kGkM_6lE0l1KzzXZvULdl7Wxv95JYjfhaJ3mB1v4-wUXFe-mcyFYyUqz-Q-Fs&amp;__tn__=*NK-R\">#WomensFootball<\/a><\/span> <span class=\"html-span xdj266r x11i5rnm xat24cr x1mh8g0r xexx8yu x4uap5 x18d9i69 xkhd6sd x1hl2dhg x16tdsg8 x1vvkbs\"><a class=\"x1i10hfl xjbqb8w x1ejq31n xd10rxx x1sy0etr x17r0tee x972fbf xcfux6l x1qhh985 xm0m39n x9f619 x1ypdohk xt0psk2 xe8uvvx xdj266r x11i5rnm xat24cr x1mh8g0r xexx8yu x4uap5 x18d9i69 xkhd6sd x16tdsg8 x1hl2dhg xggy1nq x1a2a7pz xkrqix3 x1sur9pj x1fey0fg x1s688f\" tabindex=\"0\" role=\"link\" href=\"https:\/\/www.facebook.com\/hashtag\/uefawomensnationsleague?__eep__=6&amp;__cft__[0]=AZVXqvN2gD7f7Ux-HW5J1H_N8ZvmrKle3eSzfvuQn9KTGmxqn-FqXpqWaLBmV_QiTa0CvSYfNF_YUsxm9W2DbGX70ArYW6p78ZXS33CZj8T4kHfZhAz1uMXxupJr_zuWW4NX_anWKw0qyXfh0gifSDEW029kGkM_6lE0l1KzzXZvULdl7Wxv95JYjfhaJ3mB1v4-wUXFe-mcyFYyUqz-Q-Fs&amp;__tn__=*NK-R\">#UEFAWomensNationsLeague<\/a><\/span><\/div>\n<\/div>\n","protected":false},"excerpt":{"rendered":"<p>Tre lojtare t\u00eb ekipit t\u00eb femrave t\u00eb Partizanit, Nora Dedgjonaj, Mikaela Metalla dhe Thekla Andreou, jan\u00eb grumbulluar nga komb\u00ebtaret e tyre p\u00ebr ndeshjet e UEFA Women\u2019s Nations League, t\u00eb cilat&#8230;<\/p>\n","protected":false},"author":2,"featured_media":61355,"comment_status":"closed","ping_status":"closed","sticky":false,"template":"","format":"standard","meta":{"_seopress_robots_primary_cat":"none","_seopress_titles_title":"","_seopress_titles_desc":"","_seopress_robots_index":"","_vp_format_video_url":"","_vp_image_focal_point":[],"footnotes":""},"categories":[104],"tags":[],"class_list":["post-61352","post","type-post","status-publish","format-standard","has-post-thumbnail","hentry","category-femrat"],"_links":{"self":[{"href":"https:\/\/partizani.al\/sq\/wp-json\/wp\/v2\/posts\/61352","targetHints":{"allow":["GET"]}}],"collection":[{"href":"https:\/\/partizani.al\/sq\/wp-json\/wp\/v2\/posts"}],"about":[{"href":"https:\/\/partizani.al\/sq\/wp-json\/wp\/v2\/types\/post"}],"author":[{"embeddable":true,"href":"https:\/\/partizani.al\/sq\/wp-json\/wp\/v2\/users\/2"}],"replies":[{"embeddable":true,"href":"https:\/\/partizani.al\/sq\/wp-json\/wp\/v2\/comments?post=61352"}],"version-history":[{"count":2,"href":"https:\/\/partizani.al\/sq\/wp-json\/wp\/v2\/posts\/61352\/revisions"}],"predecessor-version":[{"id":61371,"href":"https:\/\/partizani.al\/sq\/wp-json\/wp\/v2\/posts\/61352\/revisions\/61371"}],"wp:featuredmedia":[{"embeddable":true,"href":"https:\/\/partizani.al\/sq\/wp-json\/wp\/v2\/media\/61355"}],"wp:attachment":[{"href":"https:\/\/partizani.al\/sq\/wp-json\/wp\/v2\/media?parent=61352"}],"wp:term":[{"taxonomy":"category","embeddable":true,"href":"https:\/\/partizani.al\/sq\/wp-json\/wp\/v2\/categories?post=61352"},{"taxonomy":"post_tag","embeddable":true,"href":"https:\/\/partizani.al\/sq\/wp-json\/wp\/v2\/tags?post=61352"}],"curies":[{"name":"wp","href":"https:\/\/api.w.org\/{rel}","templated":true}]}}