{"id":59709,"date":"2025-01-18T17:20:00","date_gmt":"2025-01-18T15:20:00","guid":{"rendered":"https:\/\/partizani.al\/sq\/?p=59709"},"modified":"2025-01-18T17:20:18","modified_gmt":"2025-01-18T15:20:18","slug":"konferenca-per-shtyp-e-trajnerit-aleksandar-veselinovic-ne-prag-te-takimit-ndaj-teutes-3","status":"publish","type":"post","link":"https:\/\/partizani.al\/sq\/konferenca-per-shtyp-e-trajnerit-aleksandar-veselinovic-ne-prag-te-takimit-ndaj-teutes-3\/","title":{"rendered":"Konferenca p\u00ebr shtyp e trajnerit Aleksandar Veselinovic n\u00eb prag t\u00eb takimit ndaj Teut\u00ebs"},"content":{"rendered":"<p class=\"p1\"><strong>Shorti i kup\u00ebs s\u00eb Shqip\u00ebris\u00eb n\u00eb turin \u00e7erekfinal ju ka p\u00ebrballur me La\u00e7in &#8211;<\/strong><\/p>\n<p class=\"p1\">Veselinovic: Nuk kam ndonj\u00eb koment t\u00eb ve\u00e7ant\u00eb p\u00ebr shortin e Kup\u00ebs. Duke qen\u00eb pjes\u00eb e shortit, kemi patur p\u00ebrball\u00eb 4 kund\u00ebrshtar\u00eb. Tashm\u00eb e dim\u00eb q\u00eb do t\u00eb luajm\u00eb kund\u00ebr La\u00e7it dhe ajo q\u00eb them gjithmon\u00eb \u00ebsht\u00eb q\u00eb duhet t\u00eb kemi respekt maksimal p\u00ebr La\u00e7in<\/p>\n<p class=\"p1\"><strong><img loading=\"lazy\" decoding=\"async\" class=\"alignnone size-full wp-image-59712\" src=\"https:\/\/partizani.al\/sq\/wp-content\/uploads\/2025\/01\/GJK_0760.jpg\" alt=\"\" width=\"1919\" height=\"1280\" srcset=\"https:\/\/partizani.al\/sq\/wp-content\/uploads\/2025\/01\/GJK_0760.jpg 1919w, https:\/\/partizani.al\/sq\/wp-content\/uploads\/2025\/01\/GJK_0760-300x200.jpg 300w, https:\/\/partizani.al\/sq\/wp-content\/uploads\/2025\/01\/GJK_0760-1024x683.jpg 1024w, https:\/\/partizani.al\/sq\/wp-content\/uploads\/2025\/01\/GJK_0760-768x512.jpg 768w, https:\/\/partizani.al\/sq\/wp-content\/uploads\/2025\/01\/GJK_0760-1536x1025.jpg 1536w, https:\/\/partizani.al\/sq\/wp-content\/uploads\/2025\/01\/GJK_0760-128x85.jpg 128w, https:\/\/partizani.al\/sq\/wp-content\/uploads\/2025\/01\/GJK_0760-32x21.jpg 32w, https:\/\/partizani.al\/sq\/wp-content\/uploads\/2025\/01\/GJK_0760-500x334.jpg 500w, https:\/\/partizani.al\/sq\/wp-content\/uploads\/2025\/01\/GJK_0760-800x534.jpg 800w, https:\/\/partizani.al\/sq\/wp-content\/uploads\/2025\/01\/GJK_0760-1280x854.jpg 1280w, https:\/\/partizani.al\/sq\/wp-content\/uploads\/2025\/01\/GJK_0760-900x600.jpg 900w, https:\/\/partizani.al\/sq\/wp-content\/uploads\/2025\/01\/GJK_0760-1140x760.jpg 1140w, https:\/\/partizani.al\/sq\/wp-content\/uploads\/2025\/01\/GJK_0760-200x133.jpg 200w, https:\/\/partizani.al\/sq\/wp-content\/uploads\/2025\/01\/GJK_0760-450x300.jpg 450w\" sizes=\"auto, (max-width: 1919px) 100vw, 1919px\" \/>Si e keni p\u00ebrgatitur sfid\u00ebn ndaj Teut\u00ebs &#8211;<\/strong><\/p>\n<p class=\"p1\">Veselinovic: Kjo \u00ebsht\u00eb ndeshja e tret\u00eb q\u00eb luajm\u00eb brenda 8 dit\u00ebve. Kemi luajtur ndaj Sk\u00ebnderbeut n\u00eb kampionat dhe Apolonis\u00eb p\u00ebr kup\u00eb. Patjet\u00ebr q\u00eb na pret nj\u00eb ndeshje e v\u00ebshtir\u00eb, kundrejt nj\u00eb kund\u00ebrshtari cil\u00ebsor dhe serioz. K\u00ebt\u00eb e kemi par\u00eb edhe n\u00eb p\u00ebrballjet q\u00eb kemi zhvilluar me Teut\u00ebn deri tani. Nuk kam aspak dyshime q\u00eb do t\u00eb jet\u00eb nj\u00eb ndeshje me p\u00ebrgjegj\u00ebsi dhe e fort\u00eb.<\/p>\n<p class=\"p1\"><strong>Gjendja e skuadr\u00ebs &#8211;<\/strong><\/p>\n<p class=\"p1\">Veselinovic: Domgjoni vazhdon t\u00eb q\u00ebndroj\u00eb jasht ekipit. P\u00ebrsa i p\u00ebrket pjes\u00ebs tjet\u00ebr \u00ebsht\u00eb pak e v\u00ebshtir\u00eb t\u00eb flas tani, pasi presim t\u00eb zhvillojm\u00eb edhe st\u00ebrvitjen e fundit p\u00ebr t\u00eb vendosur.<\/p>\n<p class=\"p1\"><strong><img loading=\"lazy\" decoding=\"async\" class=\"alignnone size-full wp-image-59713\" src=\"https:\/\/partizani.al\/sq\/wp-content\/uploads\/2025\/01\/GJK_0766.jpg\" alt=\"\" width=\"1919\" height=\"1280\" srcset=\"https:\/\/partizani.al\/sq\/wp-content\/uploads\/2025\/01\/GJK_0766.jpg 1919w, https:\/\/partizani.al\/sq\/wp-content\/uploads\/2025\/01\/GJK_0766-300x200.jpg 300w, https:\/\/partizani.al\/sq\/wp-content\/uploads\/2025\/01\/GJK_0766-1024x683.jpg 1024w, https:\/\/partizani.al\/sq\/wp-content\/uploads\/2025\/01\/GJK_0766-768x512.jpg 768w, https:\/\/partizani.al\/sq\/wp-content\/uploads\/2025\/01\/GJK_0766-1536x1025.jpg 1536w, https:\/\/partizani.al\/sq\/wp-content\/uploads\/2025\/01\/GJK_0766-128x85.jpg 128w, https:\/\/partizani.al\/sq\/wp-content\/uploads\/2025\/01\/GJK_0766-32x21.jpg 32w, https:\/\/partizani.al\/sq\/wp-content\/uploads\/2025\/01\/GJK_0766-500x334.jpg 500w, https:\/\/partizani.al\/sq\/wp-content\/uploads\/2025\/01\/GJK_0766-800x534.jpg 800w, https:\/\/partizani.al\/sq\/wp-content\/uploads\/2025\/01\/GJK_0766-1280x854.jpg 1280w, https:\/\/partizani.al\/sq\/wp-content\/uploads\/2025\/01\/GJK_0766-900x600.jpg 900w, https:\/\/partizani.al\/sq\/wp-content\/uploads\/2025\/01\/GJK_0766-1140x760.jpg 1140w, https:\/\/partizani.al\/sq\/wp-content\/uploads\/2025\/01\/GJK_0766-200x133.jpg 200w, https:\/\/partizani.al\/sq\/wp-content\/uploads\/2025\/01\/GJK_0766-450x300.jpg 450w\" sizes=\"auto, (max-width: 1919px) 100vw, 1919px\" \/>Mendoni se presioni m\u00eb i madh do t\u00eb jet\u00eb te Partizani apo te Teuta &#8211;<\/strong><\/p>\n<p class=\"p1\">Veselinovic: Normalisht q\u00eb jeta \u00e7do dit\u00eb ka presionet e saj dhe nuk e di t\u00eb them me cil\u00ebn nj\u00ebsi mat\u00ebse mund ta matim presionin me kilogram apo me lit\u00ebr. Kur ke 24 vite si trajner mund t\u00eb thuash q\u00eb ke goxha p\u00ebrvoj\u00eb. Normalisht q\u00eb kam 55 vite dhe kam p\u00ebrvoj\u00eb, por gjithmon\u00eb ka dit\u00eb q\u00eb ju befasojm\u00eb. Si\u00e7 e thash presioni si presion egziston \u00e7do dit\u00eb t\u00eb jet\u00ebs, por un\u00eb mendoj q\u00eb duhet pun\u00eb. Mendoj q\u00eb jemi t\u00eb privilegjuar q\u00eb merremi me k\u00ebt\u00eb pun\u00eb, q\u00eb nuk merren shum\u00eb njer\u00ebz n\u00eb bot\u00eb. Prandaj mendoj q\u00eb fillimisht \u00ebsht\u00eb privilegj dhe jo presion. Esht\u00eb pak e v\u00ebshtir\u00eb t\u00eb flasim p\u00ebr synimet, pasi ne jemi n\u00eb nj\u00eb situat\u00eb q\u00eb po ecim ndeshje pas ndeshje. Ndaj nuk preferoj t\u00eb komentoj edhe ekipet e tjera pasi gjithkush ka strategjin\u00eb e vet.<\/p>\n<p class=\"p1\"><strong><img loading=\"lazy\" decoding=\"async\" class=\"alignnone size-full wp-image-59716\" src=\"https:\/\/partizani.al\/sq\/wp-content\/uploads\/2025\/01\/GJK_0773.jpg\" alt=\"\" width=\"1919\" height=\"1280\" srcset=\"https:\/\/partizani.al\/sq\/wp-content\/uploads\/2025\/01\/GJK_0773.jpg 1919w, https:\/\/partizani.al\/sq\/wp-content\/uploads\/2025\/01\/GJK_0773-300x200.jpg 300w, https:\/\/partizani.al\/sq\/wp-content\/uploads\/2025\/01\/GJK_0773-1024x683.jpg 1024w, https:\/\/partizani.al\/sq\/wp-content\/uploads\/2025\/01\/GJK_0773-768x512.jpg 768w, https:\/\/partizani.al\/sq\/wp-content\/uploads\/2025\/01\/GJK_0773-1536x1025.jpg 1536w, https:\/\/partizani.al\/sq\/wp-content\/uploads\/2025\/01\/GJK_0773-128x85.jpg 128w, https:\/\/partizani.al\/sq\/wp-content\/uploads\/2025\/01\/GJK_0773-32x21.jpg 32w, https:\/\/partizani.al\/sq\/wp-content\/uploads\/2025\/01\/GJK_0773-500x334.jpg 500w, https:\/\/partizani.al\/sq\/wp-content\/uploads\/2025\/01\/GJK_0773-800x534.jpg 800w, https:\/\/partizani.al\/sq\/wp-content\/uploads\/2025\/01\/GJK_0773-1280x854.jpg 1280w, https:\/\/partizani.al\/sq\/wp-content\/uploads\/2025\/01\/GJK_0773-900x600.jpg 900w, https:\/\/partizani.al\/sq\/wp-content\/uploads\/2025\/01\/GJK_0773-1140x760.jpg 1140w, https:\/\/partizani.al\/sq\/wp-content\/uploads\/2025\/01\/GJK_0773-200x133.jpg 200w, https:\/\/partizani.al\/sq\/wp-content\/uploads\/2025\/01\/GJK_0773-450x300.jpg 450w\" sizes=\"auto, (max-width: 1919px) 100vw, 1919px\" \/>Partizani e ka kontigjentin e duhur p\u00ebr t\u00eb p\u00ebrballuar luft\u00ebn n\u00eb dy fronte, Kampionat dhe Kup\u00eb &#8211;<\/strong><\/p>\n<p class=\"p1\">Veselinovic: Momentalisht un\u00eb mund t\u00eb flas vet\u00ebm p\u00ebr ndeshjen me Teut\u00ebn. Gjith\u00e7ka q\u00eb lidhet me merkaton nuk \u00ebsht\u00eb pyetje p\u00ebr mua. Edhe n\u00eb konferenc\u00ebn e fundit e sakt\u00ebsova q\u00eb p\u00ebrgjegj\u00ebsia ime kryesore \u00ebsht\u00eb t\u00eb merrem me pro\u00e7esin st\u00ebrvitor, me planifikimin p\u00ebrsa i p\u00ebrket pjes\u00ebs s\u00eb fush\u00ebs. Afati i merkatos \u00ebsht\u00eb deri n\u00eb 31 janar, do t\u00eb shohim si do t\u00eb zhvillohen situatat dhe m\u00eb pas mund t\u00eb flasim p\u00ebr k\u00ebt\u00eb tem\u00eb.<\/p>\n<p><img loading=\"lazy\" decoding=\"async\" class=\"alignnone size-full wp-image-59715\" src=\"https:\/\/partizani.al\/sq\/wp-content\/uploads\/2025\/01\/GJK_0778.jpg\" alt=\"\" width=\"854\" height=\"1280\" srcset=\"https:\/\/partizani.al\/sq\/wp-content\/uploads\/2025\/01\/GJK_0778.jpg 854w, https:\/\/partizani.al\/sq\/wp-content\/uploads\/2025\/01\/GJK_0778-200x300.jpg 200w, https:\/\/partizani.al\/sq\/wp-content\/uploads\/2025\/01\/GJK_0778-683x1024.jpg 683w, https:\/\/partizani.al\/sq\/wp-content\/uploads\/2025\/01\/GJK_0778-768x1151.jpg 768w, https:\/\/partizani.al\/sq\/wp-content\/uploads\/2025\/01\/GJK_0778-85x128.jpg 85w, https:\/\/partizani.al\/sq\/wp-content\/uploads\/2025\/01\/GJK_0778-21x32.jpg 21w, https:\/\/partizani.al\/sq\/wp-content\/uploads\/2025\/01\/GJK_0778-500x749.jpg 500w, https:\/\/partizani.al\/sq\/wp-content\/uploads\/2025\/01\/GJK_0778-800x1199.jpg 800w, https:\/\/partizani.al\/sq\/wp-content\/uploads\/2025\/01\/GJK_0778-400x600.jpg 400w, https:\/\/partizani.al\/sq\/wp-content\/uploads\/2025\/01\/GJK_0778-761x1140.jpg 761w, https:\/\/partizani.al\/sq\/wp-content\/uploads\/2025\/01\/GJK_0778-133x200.jpg 133w, https:\/\/partizani.al\/sq\/wp-content\/uploads\/2025\/01\/GJK_0778-300x450.jpg 300w\" sizes=\"auto, (max-width: 854px) 100vw, 854px\" \/><\/p>\n","protected":false},"excerpt":{"rendered":"<p>Shorti i kup\u00ebs s\u00eb Shqip\u00ebris\u00eb n\u00eb turin \u00e7erekfinal ju ka p\u00ebrballur me La\u00e7in &#8211; Veselinovic: Nuk kam ndonj\u00eb koment t\u00eb ve\u00e7ant\u00eb p\u00ebr shortin e Kup\u00ebs. Duke qen\u00eb pjes\u00eb e shortit,&#8230;<\/p>\n","protected":false},"author":1,"featured_media":59716,"comment_status":"closed","ping_status":"closed","sticky":false,"template":"","format":"standard","meta":{"_seopress_robots_primary_cat":"none","_seopress_titles_title":"","_seopress_titles_desc":"","_seopress_robots_index":"","_vp_format_video_url":"","_vp_image_focal_point":[],"footnotes":""},"categories":[107],"tags":[],"class_list":["post-59709","post","type-post","status-publish","format-standard","has-post-thumbnail","hentry","category-ekipi_i_pare"],"_links":{"self":[{"href":"https:\/\/partizani.al\/sq\/wp-json\/wp\/v2\/posts\/59709","targetHints":{"allow":["GET"]}}],"collection":[{"href":"https:\/\/partizani.al\/sq\/wp-json\/wp\/v2\/posts"}],"about":[{"href":"https:\/\/partizani.al\/sq\/wp-json\/wp\/v2\/types\/post"}],"author":[{"embeddable":true,"href":"https:\/\/partizani.al\/sq\/wp-json\/wp\/v2\/users\/1"}],"replies":[{"embeddable":true,"href":"https:\/\/partizani.al\/sq\/wp-json\/wp\/v2\/comments?post=59709"}],"version-history":[{"count":1,"href":"https:\/\/partizani.al\/sq\/wp-json\/wp\/v2\/posts\/59709\/revisions"}],"predecessor-version":[{"id":59717,"href":"https:\/\/partizani.al\/sq\/wp-json\/wp\/v2\/posts\/59709\/revisions\/59717"}],"wp:featuredmedia":[{"embeddable":true,"href":"https:\/\/partizani.al\/sq\/wp-json\/wp\/v2\/media\/59716"}],"wp:attachment":[{"href":"https:\/\/partizani.al\/sq\/wp-json\/wp\/v2\/media?parent=59709"}],"wp:term":[{"taxonomy":"category","embeddable":true,"href":"https:\/\/partizani.al\/sq\/wp-json\/wp\/v2\/categories?post=59709"},{"taxonomy":"post_tag","embeddable":true,"href":"https:\/\/partizani.al\/sq\/wp-json\/wp\/v2\/tags?post=59709"}],"curies":[{"name":"wp","href":"https:\/\/api.w.org\/{rel}","templated":true}]}}