{"id":59424,"date":"2025-01-06T20:48:46","date_gmt":"2025-01-06T18:48:46","guid":{"rendered":"https:\/\/partizani.al\/sq\/?p=59424"},"modified":"2025-01-06T20:48:46","modified_gmt":"2025-01-06T18:48:46","slug":"%f0%9f%94%b4-bleona-koka-pershendet-futbollin-e-luajtur-pas-5-viteve-me-fanellen-e-partizanit-femrave","status":"publish","type":"post","link":"https:\/\/partizani.al\/sq\/%f0%9f%94%b4-bleona-koka-pershendet-futbollin-e-luajtur-pas-5-viteve-me-fanellen-e-partizanit-femrave\/","title":{"rendered":"\ud83d\udd34 Bleona Koka p\u00ebrsh\u00ebndet futbollin e luajtur pas 5 viteve me fanell\u00ebn e Partizanit Femrave !"},"content":{"rendered":"<p>Bleona Koka p\u00ebrsh\u00ebndet futbollin e luajtur pas 5 viteve me fanell\u00ebn e Partizanit Femrave !<\/p>\n<div dir=\"auto\"><\/div>\n<div dir=\"auto\">Klubi i Partizanit dhe drejtuesja e ekipit, Aurora Seranaj, i shprehin mir\u00ebnjohjen m\u00eb t\u00eb thell\u00eb Bleon\u00ebs p\u00ebr kontributin e saj t\u00eb jasht\u00ebzakonsh\u00ebm. Gjat\u00eb k\u00ebtyre viteve, ajo ka qen\u00eb shembull i p\u00ebrkushtimit, profesionalizmit dhe shpirtit t\u00eb skuadr\u00ebs.<\/div>\n<div dir=\"auto\"><\/div>\n<div dir=\"auto\">Faleminderit p\u00ebr gjith\u00e7ka q\u00eb ke dh\u00ebn\u00eb p\u00ebr k\u00ebt\u00eb ekip dhe p\u00ebr dashurin\u00eb q\u00eb ke sjell\u00eb n\u00eb familjen e kuqe. Suksese n\u00eb \u00e7do sfid\u00eb t\u00eb re q\u00eb t\u00eb pret p\u00ebrpara!\u00a0<img loading=\"lazy\" decoding=\"async\" class=\"an1\" draggable=\"false\" src=\"https:\/\/fonts.gstatic.com\/s\/e\/notoemoji\/16.0\/2764_fe0f\/72.png\" alt=\"\u2764\ufe0f\" width=\"22\" height=\"22\" data-emoji=\"\u2764\ufe0f\" aria-label=\"\u2764\ufe0f\" \/><\/div>\n<div dir=\"auto\"><\/div>\n<div dir=\"auto\">#Faleminderit #partizanifemra<\/div>\n<div dir=\"auto\">#FutbollFemra<\/div>\n","protected":false},"excerpt":{"rendered":"<p>Bleona Koka p\u00ebrsh\u00ebndet futbollin e luajtur pas 5 viteve me fanell\u00ebn e Partizanit Femrave ! Klubi i Partizanit dhe drejtuesja e ekipit, Aurora Seranaj, i shprehin mir\u00ebnjohjen m\u00eb t\u00eb thell\u00eb&#8230;<\/p>\n","protected":false},"author":2,"featured_media":59427,"comment_status":"closed","ping_status":"closed","sticky":false,"template":"","format":"standard","meta":{"_seopress_robots_primary_cat":"none","_seopress_titles_title":"","_seopress_titles_desc":"","_seopress_robots_index":"","_vp_format_video_url":"","_vp_image_focal_point":[],"footnotes":""},"categories":[104],"tags":[],"class_list":["post-59424","post","type-post","status-publish","format-standard","has-post-thumbnail","hentry","category-femrat"],"_links":{"self":[{"href":"https:\/\/partizani.al\/sq\/wp-json\/wp\/v2\/posts\/59424","targetHints":{"allow":["GET"]}}],"collection":[{"href":"https:\/\/partizani.al\/sq\/wp-json\/wp\/v2\/posts"}],"about":[{"href":"https:\/\/partizani.al\/sq\/wp-json\/wp\/v2\/types\/post"}],"author":[{"embeddable":true,"href":"https:\/\/partizani.al\/sq\/wp-json\/wp\/v2\/users\/2"}],"replies":[{"embeddable":true,"href":"https:\/\/partizani.al\/sq\/wp-json\/wp\/v2\/comments?post=59424"}],"version-history":[{"count":1,"href":"https:\/\/partizani.al\/sq\/wp-json\/wp\/v2\/posts\/59424\/revisions"}],"predecessor-version":[{"id":59428,"href":"https:\/\/partizani.al\/sq\/wp-json\/wp\/v2\/posts\/59424\/revisions\/59428"}],"wp:featuredmedia":[{"embeddable":true,"href":"https:\/\/partizani.al\/sq\/wp-json\/wp\/v2\/media\/59427"}],"wp:attachment":[{"href":"https:\/\/partizani.al\/sq\/wp-json\/wp\/v2\/media?parent=59424"}],"wp:term":[{"taxonomy":"category","embeddable":true,"href":"https:\/\/partizani.al\/sq\/wp-json\/wp\/v2\/categories?post=59424"},{"taxonomy":"post_tag","embeddable":true,"href":"https:\/\/partizani.al\/sq\/wp-json\/wp\/v2\/tags?post=59424"}],"curies":[{"name":"wp","href":"https:\/\/api.w.org\/{rel}","templated":true}]}}