{"id":59061,"date":"2024-12-13T19:38:50","date_gmt":"2024-12-13T17:38:50","guid":{"rendered":"https:\/\/partizani.al\/sq\/?p=59061"},"modified":"2024-12-13T19:38:50","modified_gmt":"2024-12-13T17:38:50","slug":"konferenca-per-shtyp-e-trajnerit-aleksandar-veselinovic-ne-prag-te-takimit-ndaj-elbasanit-2","status":"publish","type":"post","link":"https:\/\/partizani.al\/sq\/konferenca-per-shtyp-e-trajnerit-aleksandar-veselinovic-ne-prag-te-takimit-ndaj-elbasanit-2\/","title":{"rendered":"Konferenca p\u00ebr shtyp e trajnerit Aleksandar Veselinovi\u00e7 n\u00eb prag t\u00eb takimit ndaj Elbasanit"},"content":{"rendered":"<p class=\"p1\"><strong>Elbasani kund\u00ebrshtari radh\u00ebs, si e prisni k\u00ebt\u00eb takim-<\/strong><\/p>\n<p class=\"p1\">Veselinovic: Nuk \u00ebsht\u00eb se kemi shum\u00eb koh\u00eb t\u00eb mendojm\u00eb p\u00ebr ato q\u00eb kemi kaluar. Jam i sigurt\u00eb q\u00eb do t\u00eb jet\u00eb nj\u00eb ndeshje me shum\u00eb interes, e fort\u00eb dhe e v\u00ebshtir\u00eb. E kemi p\u00ebrgatitur skuadr\u00ebn si gjithmon\u00eb. Kemi p\u00ebr t\u00eb zhvilluar tani edhe seanc\u00ebn e fundit st\u00ebrvitore dhe do t\u00eb shohim kush do t\u00eb jet\u00eb gati. Jo me t\u00eb gjith\u00eb lojtar\u00ebt \u00ebsht\u00eb situat\u00eb e qart\u00eb kush do t\u00eb jet\u00eb i gatsh\u00ebm p\u00ebr nes\u00ebr. N\u00eb p\u00ebrfundim t\u00eb seanc\u00ebs s\u00eb sotme do t\u00eb marrim edhe p\u00ebrgjigjet e duhura.<\/p>\n<p class=\"p1\"><strong><img loading=\"lazy\" decoding=\"async\" class=\"alignnone size-full wp-image-59064\" src=\"https:\/\/partizani.al\/sq\/wp-content\/uploads\/2024\/12\/GJK_9775-Enhanced-NR.jpg\" alt=\"\" width=\"1919\" height=\"1280\" srcset=\"https:\/\/partizani.al\/sq\/wp-content\/uploads\/2024\/12\/GJK_9775-Enhanced-NR.jpg 1919w, https:\/\/partizani.al\/sq\/wp-content\/uploads\/2024\/12\/GJK_9775-Enhanced-NR-300x200.jpg 300w, https:\/\/partizani.al\/sq\/wp-content\/uploads\/2024\/12\/GJK_9775-Enhanced-NR-1024x683.jpg 1024w, https:\/\/partizani.al\/sq\/wp-content\/uploads\/2024\/12\/GJK_9775-Enhanced-NR-768x512.jpg 768w, https:\/\/partizani.al\/sq\/wp-content\/uploads\/2024\/12\/GJK_9775-Enhanced-NR-1536x1025.jpg 1536w, https:\/\/partizani.al\/sq\/wp-content\/uploads\/2024\/12\/GJK_9775-Enhanced-NR-128x85.jpg 128w, https:\/\/partizani.al\/sq\/wp-content\/uploads\/2024\/12\/GJK_9775-Enhanced-NR-32x21.jpg 32w, https:\/\/partizani.al\/sq\/wp-content\/uploads\/2024\/12\/GJK_9775-Enhanced-NR-500x334.jpg 500w, https:\/\/partizani.al\/sq\/wp-content\/uploads\/2024\/12\/GJK_9775-Enhanced-NR-800x534.jpg 800w, https:\/\/partizani.al\/sq\/wp-content\/uploads\/2024\/12\/GJK_9775-Enhanced-NR-1280x854.jpg 1280w, https:\/\/partizani.al\/sq\/wp-content\/uploads\/2024\/12\/GJK_9775-Enhanced-NR-900x600.jpg 900w, https:\/\/partizani.al\/sq\/wp-content\/uploads\/2024\/12\/GJK_9775-Enhanced-NR-1140x760.jpg 1140w, https:\/\/partizani.al\/sq\/wp-content\/uploads\/2024\/12\/GJK_9775-Enhanced-NR-200x133.jpg 200w, https:\/\/partizani.al\/sq\/wp-content\/uploads\/2024\/12\/GJK_9775-Enhanced-NR-450x300.jpg 450w\" sizes=\"auto, (max-width: 1919px) 100vw, 1919px\" \/>Kush prej lojtar\u00ebve pritet t\u00eb mungoj\u00eb &#8211;<\/strong><\/p>\n<p class=\"p1\">Veselinovic: Esht\u00eb e v\u00ebshtir\u00eb p\u00ebr mua ta them, p\u00ebrpiquni t\u00eb m\u00eb kuptoni. Jam i sigurt\u00eb q\u00eb dy lojtar\u00eb nes\u00ebr nuk do t\u00eb luajn\u00eb. P\u00ebrpiquni t\u00eb m\u00eb respektoni mua, pun\u00ebn time dhe un\u00eb p\u00ebrpiqem t\u00eb jem serioz dhe t&#8217;ju respektoj ju. Mendoj q\u00eb nuk \u00ebsht\u00eb korrekte n\u00eb pun\u00ebn ton\u00eb q\u00eb tju zbuloj emra, por e theksoj q\u00eb p\u00ebr nes\u00ebr dy lojtar\u00eb nuk do ti kemi n\u00eb dispozicion.<\/p>\n<p class=\"p1\"><strong>Ndryshimi i trajnerit t\u00eb Elbasanit nga Bordin te Gvozdenovic\u00a0 &#8211;<\/strong><\/p>\n<p class=\"p1\">Veselinovic: \u00c7do trajner ka ide t\u00eb ndryshme. Bordin kishte idet\u00eb e tij t\u00eb qarta , po ashtu e nj\u00ebjta gj\u00eb edhe p\u00ebr Gvozdenovic nga periudha q\u00eb ka punuar te Sk\u00ebnderbeu dhe tani te Elbasani ka idet\u00eb e tij. Prej dy jav\u00ebsh Gvozdenovic ka marr\u00eb Elbasanin, por ne kemi detyrat, pun\u00ebt dhe obligimet tona, ndaj nuk kam shum\u00eb hap\u00ebsir\u00eb dhe koh\u00eb t\u00eb mendoj p\u00ebr ata.<\/p>\n<p class=\"p1\"><strong>Merkato &#8211;<\/strong><\/p>\n<p class=\"p1\">Veselinovic: S\u00eb pari tani nuk kemi koh\u00eb t\u00eb mendojm\u00eb p\u00ebr merkaton. Kemi si detyr\u00eb t\u00eb p\u00ebrgatitemi maksimalisht p\u00ebr dy ndeshjet e fundit t\u00eb vitit. Normalisht q\u00eb t\u00eb gjith\u00eb njer\u00ebzit q\u00eb punojn\u00eb n\u00eb klub mendojn\u00eb p\u00ebr t\u00eb ardhmen. Gjithashtu duhet t\u00eb kemi parasysh q\u00eb vitin q\u00eb vjen nuk do t\u00eb mund t\u00eb zhvillojm\u00eb faz\u00eb p\u00ebrgatitore. Esht\u00eb nj\u00eb tem\u00eb specifike pasi si\u00e7 e dini n\u00eb 11 Janar do t\u00eb luajm\u00eb ndeshjen e par\u00eb, m\u00eb pas luajm\u00eb me Apolonin\u00eb n\u00eb kup\u00eb dhe pas 3 dit\u00ebsh ndaj Teut\u00ebs. P\u00ebr nj\u00eb jav\u00eb luajm\u00eb 3 ndeshje plus faktit q\u00eb nuk kemi koh\u00eb p\u00ebr p\u00ebrgatitje. Ka shum\u00eb tema, kush do t\u00eb largohet , kush do t\u00eb q\u00ebndroj\u00eb, kush do t\u00eb vij. Ne momentalisht jemi t\u00eb fokusuar totalisht te ndeshja e nes\u00ebrme sepse do t\u00eb jet\u00eb nj\u00eb ndeshje e v\u00ebshtir\u00eb.<\/p>\n<p class=\"p1\"><strong><img loading=\"lazy\" decoding=\"async\" class=\"alignnone size-full wp-image-59065\" src=\"https:\/\/partizani.al\/sq\/wp-content\/uploads\/2024\/12\/GJK_9707.jpg\" alt=\"\" width=\"1919\" height=\"1280\" srcset=\"https:\/\/partizani.al\/sq\/wp-content\/uploads\/2024\/12\/GJK_9707.jpg 1919w, https:\/\/partizani.al\/sq\/wp-content\/uploads\/2024\/12\/GJK_9707-300x200.jpg 300w, https:\/\/partizani.al\/sq\/wp-content\/uploads\/2024\/12\/GJK_9707-1024x683.jpg 1024w, https:\/\/partizani.al\/sq\/wp-content\/uploads\/2024\/12\/GJK_9707-768x512.jpg 768w, https:\/\/partizani.al\/sq\/wp-content\/uploads\/2024\/12\/GJK_9707-1536x1025.jpg 1536w, https:\/\/partizani.al\/sq\/wp-content\/uploads\/2024\/12\/GJK_9707-128x85.jpg 128w, https:\/\/partizani.al\/sq\/wp-content\/uploads\/2024\/12\/GJK_9707-32x21.jpg 32w, https:\/\/partizani.al\/sq\/wp-content\/uploads\/2024\/12\/GJK_9707-500x334.jpg 500w, https:\/\/partizani.al\/sq\/wp-content\/uploads\/2024\/12\/GJK_9707-800x534.jpg 800w, https:\/\/partizani.al\/sq\/wp-content\/uploads\/2024\/12\/GJK_9707-1280x854.jpg 1280w, https:\/\/partizani.al\/sq\/wp-content\/uploads\/2024\/12\/GJK_9707-900x600.jpg 900w, https:\/\/partizani.al\/sq\/wp-content\/uploads\/2024\/12\/GJK_9707-1140x760.jpg 1140w, https:\/\/partizani.al\/sq\/wp-content\/uploads\/2024\/12\/GJK_9707-200x133.jpg 200w, https:\/\/partizani.al\/sq\/wp-content\/uploads\/2024\/12\/GJK_9707-450x300.jpg 450w\" sizes=\"auto, (max-width: 1919px) 100vw, 1919px\" \/>Komenti juaj p\u00ebr shortin e kualifikueseve t\u00eb Bot\u00ebrorit 2026 &#8211;<\/strong><\/p>\n<p class=\"p1\">Veselinovic: Un\u00eb jam pjes\u00eb e Partizanit dhe jam i fokusuar t\u00ebresisht vetem te Partizani. Mendoj q\u00eb Shqip\u00ebria dhe Serbia ka njer\u00ebz shum\u00eb t\u00eb zgjuar, q\u00eb mund t\u00eb japin edhe p\u00ebrgjigje m\u00eb t\u00eb zgjuara se un\u00eb. Mendoj q\u00eb \u00ebsht\u00eb shum\u00eb e zgjuar nga ana ime t\u00eb flas vet\u00ebm p\u00ebr at\u00eb q\u00eb m\u00eb takon, p\u00ebr ekipin tim. P\u00ebrsonat q\u00eb jan\u00eb kompetent\u00eb p\u00ebr shortin ata duhet t\u00eb flasin.<\/p>\n","protected":false},"excerpt":{"rendered":"<p>Elbasani kund\u00ebrshtari radh\u00ebs, si e prisni k\u00ebt\u00eb takim- Veselinovic: Nuk \u00ebsht\u00eb se kemi shum\u00eb koh\u00eb t\u00eb mendojm\u00eb p\u00ebr ato q\u00eb kemi kaluar. Jam i sigurt\u00eb q\u00eb do t\u00eb jet\u00eb nj\u00eb&#8230;<\/p>\n","protected":false},"author":1,"featured_media":59066,"comment_status":"closed","ping_status":"closed","sticky":false,"template":"","format":"standard","meta":{"_seopress_robots_primary_cat":"none","_seopress_titles_title":"","_seopress_titles_desc":"","_seopress_robots_index":"","_vp_format_video_url":"","_vp_image_focal_point":[],"footnotes":""},"categories":[1],"tags":[],"class_list":["post-59061","post","type-post","status-publish","format-standard","has-post-thumbnail","hentry","category-uncategorized"],"_links":{"self":[{"href":"https:\/\/partizani.al\/sq\/wp-json\/wp\/v2\/posts\/59061","targetHints":{"allow":["GET"]}}],"collection":[{"href":"https:\/\/partizani.al\/sq\/wp-json\/wp\/v2\/posts"}],"about":[{"href":"https:\/\/partizani.al\/sq\/wp-json\/wp\/v2\/types\/post"}],"author":[{"embeddable":true,"href":"https:\/\/partizani.al\/sq\/wp-json\/wp\/v2\/users\/1"}],"replies":[{"embeddable":true,"href":"https:\/\/partizani.al\/sq\/wp-json\/wp\/v2\/comments?post=59061"}],"version-history":[{"count":1,"href":"https:\/\/partizani.al\/sq\/wp-json\/wp\/v2\/posts\/59061\/revisions"}],"predecessor-version":[{"id":59067,"href":"https:\/\/partizani.al\/sq\/wp-json\/wp\/v2\/posts\/59061\/revisions\/59067"}],"wp:featuredmedia":[{"embeddable":true,"href":"https:\/\/partizani.al\/sq\/wp-json\/wp\/v2\/media\/59066"}],"wp:attachment":[{"href":"https:\/\/partizani.al\/sq\/wp-json\/wp\/v2\/media?parent=59061"}],"wp:term":[{"taxonomy":"category","embeddable":true,"href":"https:\/\/partizani.al\/sq\/wp-json\/wp\/v2\/categories?post=59061"},{"taxonomy":"post_tag","embeddable":true,"href":"https:\/\/partizani.al\/sq\/wp-json\/wp\/v2\/tags?post=59061"}],"curies":[{"name":"wp","href":"https:\/\/api.w.org\/{rel}","templated":true}]}}