{"id":58735,"date":"2024-11-30T19:48:36","date_gmt":"2024-11-30T17:48:36","guid":{"rendered":"https:\/\/partizani.al\/sq\/?p=58735"},"modified":"2024-11-30T19:48:36","modified_gmt":"2024-11-30T17:48:36","slug":"konferenca-per-shtyp-e-trajnerit-aleksandar-veselinovic-ne-prag-te-takimit-ndaj-tiranes-2","status":"publish","type":"post","link":"https:\/\/partizani.al\/sq\/konferenca-per-shtyp-e-trajnerit-aleksandar-veselinovic-ne-prag-te-takimit-ndaj-tiranes-2\/","title":{"rendered":"Konferenca p\u00ebr shtyp e trajnerit Aleksandar Veselinovi\u00e7 n\u00eb prag t\u00eb takimit ndaj Tiran\u00ebs"},"content":{"rendered":"<p><strong>Si e prisni derbin ndaj Tiran\u00ebs, atmosfera n\u00eb skuad\u00ebr &#8211;\u00a0 <\/strong><\/p>\n<p><strong>Veselinovi\u00e7: <\/strong>Atmosfera \u00ebsht\u00eb e nj\u00ebta si p\u00ebrpara \u00e7do takimi. Djemt\u00eb jan\u00eb gati p\u00ebr t\u00eb luajtur. Nes\u00ebr do t\u00eb luajm\u00eb p\u00ebrball\u00eb nj\u00eb skuadre t\u00eb madhe Tiran\u00ebn. Mendoj q\u00eb \u00ebsht\u00eb nj\u00eb vendim i drejt\u00eb i Federat\u00ebs q\u00eb kjo ndeshje do t\u00eb luhet me tifoz\u00eb. Esht\u00eb di\u00e7ka shum\u00eb e mir\u00eb pasi t\u00eb gjith\u00eb do t\u00eb jen\u00eb pjes\u00eb e k\u00ebsaj ndeshje speciale t\u00eb futbollit shqiptar. Mesazhi im p\u00ebr t\u00eb gjith\u00eb ata q\u00eb do t\u00eb jen\u00eb nes\u00ebr present n\u00eb k\u00ebt\u00eb derbi duhet t\u00eb mendojn\u00eb vet\u00ebm nj\u00eb gj\u00eb, \u00ebsht\u00eb nj\u00eb mbr\u00ebmje festive p\u00ebr kryeqytetin dhe Shqip\u00ebrin\u00eb.<\/p>\n<p><strong><img loading=\"lazy\" decoding=\"async\" class=\"alignnone size-full wp-image-58738\" src=\"https:\/\/partizani.al\/sq\/wp-content\/uploads\/2024\/11\/GJK_7279-Enhanced-NR.jpg\" alt=\"\" width=\"1919\" height=\"1280\" srcset=\"https:\/\/partizani.al\/sq\/wp-content\/uploads\/2024\/11\/GJK_7279-Enhanced-NR.jpg 1919w, https:\/\/partizani.al\/sq\/wp-content\/uploads\/2024\/11\/GJK_7279-Enhanced-NR-300x200.jpg 300w, https:\/\/partizani.al\/sq\/wp-content\/uploads\/2024\/11\/GJK_7279-Enhanced-NR-1024x683.jpg 1024w, https:\/\/partizani.al\/sq\/wp-content\/uploads\/2024\/11\/GJK_7279-Enhanced-NR-768x512.jpg 768w, https:\/\/partizani.al\/sq\/wp-content\/uploads\/2024\/11\/GJK_7279-Enhanced-NR-1536x1025.jpg 1536w, https:\/\/partizani.al\/sq\/wp-content\/uploads\/2024\/11\/GJK_7279-Enhanced-NR-128x85.jpg 128w, https:\/\/partizani.al\/sq\/wp-content\/uploads\/2024\/11\/GJK_7279-Enhanced-NR-32x21.jpg 32w, https:\/\/partizani.al\/sq\/wp-content\/uploads\/2024\/11\/GJK_7279-Enhanced-NR-500x334.jpg 500w, https:\/\/partizani.al\/sq\/wp-content\/uploads\/2024\/11\/GJK_7279-Enhanced-NR-800x534.jpg 800w, https:\/\/partizani.al\/sq\/wp-content\/uploads\/2024\/11\/GJK_7279-Enhanced-NR-1280x854.jpg 1280w, https:\/\/partizani.al\/sq\/wp-content\/uploads\/2024\/11\/GJK_7279-Enhanced-NR-900x600.jpg 900w, https:\/\/partizani.al\/sq\/wp-content\/uploads\/2024\/11\/GJK_7279-Enhanced-NR-1140x760.jpg 1140w, https:\/\/partizani.al\/sq\/wp-content\/uploads\/2024\/11\/GJK_7279-Enhanced-NR-200x133.jpg 200w, https:\/\/partizani.al\/sq\/wp-content\/uploads\/2024\/11\/GJK_7279-Enhanced-NR-450x300.jpg 450w\" sizes=\"auto, (max-width: 1919px) 100vw, 1919px\" \/>Gjendja e skuadr\u00ebs &#8211;\u00a0\u00a0\u00a0\u00a0\u00a0\u00a0\u00a0 \u00a0\u00a0<\/strong><\/p>\n<p><strong>Veselinovi\u00e7: <\/strong>Duhet t\u00eb presim t\u00eb zhvillojm\u00eb edhe seanc\u00ebn e fundit st\u00ebrvitore, p\u00ebr t\u00eb m\u00ebsuar m\u00eb pas kush do t\u00eb jet\u00eb gati nes\u00ebr p\u00ebr ta nisur ndeshjen.<\/p>\n<p><strong>Ndryshimin i trajnerit te Tirana \u2013 <\/strong><\/p>\n<p><strong>Veselinovi\u00e7: <\/strong>Mendoj q\u00eb nuk \u00ebsht\u00eb korrekte nga ana ime t\u00eb komentoj \u00e7far\u00eb ndodh brenda klubeve t\u00eb tjera. Un\u00eb jam pjes\u00eb e Partizanit . Duhet t\u00eb mendoj vet\u00ebm rreth skuadr\u00ebs ton\u00eb dhe jo p\u00ebr ato gj\u00ebra q\u00eb ndodhin jasht klubit ton\u00eb. Jam i sigurt\u00eb q\u00eb Tirana \u00ebsht\u00eb nj\u00eb klub i madh me shum\u00eb tradit\u00eb dhe histori. Jam i bindur q\u00eb njer\u00ebzit brenda klubit t\u00eb Tiran\u00ebs kan\u00eb idet\u00eb e tyre t\u00eb qarta p\u00ebr vendimet q\u00eb marrin. Por ne duhet t\u00eb mendojm\u00eb p\u00ebr vet\u00ebn ton\u00eb dhe vet\u00ebm p\u00ebr Partizanin.<\/p>\n<p>E kam th\u00ebn\u00eb edhe m\u00eb par\u00eb q\u00eb ky kampionat \u00ebsht\u00eb si nj\u00eb maraton\u00eb. Ne duhet t\u00eb mendojm\u00eb hap pas hapi dhe ndeshje pas ndeshje p\u00ebr t\u00eb marr\u00eb 3 pik\u00ebt e radh\u00ebs. Deri n\u00eb fund t\u00eb kampionatit rruga do t\u00eb jet\u00eb e gjat\u00eb. Tirana \u00ebsht\u00eb nj\u00eb prej klubeve t\u00eb m\u00ebdha n\u00eb Shqip\u00ebri dhe \u00ebsht\u00eb konkurente s\u00eb bashku me Dinamon, Egnatian, Vllaznin\u00eb. N\u00eb k\u00ebt\u00eb moment duhet t\u00eb jemi t\u00eb kujdessh\u00ebm dhe ti marrim gj\u00ebrat hap pas hapi. Duhet t\u00eb p\u00ebrq\u00ebndrohemi vet\u00ebm te vetja jon\u00eb dhe idet\u00eb tona.<\/p>\n<p><strong><img loading=\"lazy\" decoding=\"async\" class=\"alignnone size-full wp-image-58739\" src=\"https:\/\/partizani.al\/sq\/wp-content\/uploads\/2024\/11\/GJK_7283-Enhanced-NR.jpg\" alt=\"\" width=\"1919\" height=\"1280\" srcset=\"https:\/\/partizani.al\/sq\/wp-content\/uploads\/2024\/11\/GJK_7283-Enhanced-NR.jpg 1919w, https:\/\/partizani.al\/sq\/wp-content\/uploads\/2024\/11\/GJK_7283-Enhanced-NR-300x200.jpg 300w, https:\/\/partizani.al\/sq\/wp-content\/uploads\/2024\/11\/GJK_7283-Enhanced-NR-1024x683.jpg 1024w, https:\/\/partizani.al\/sq\/wp-content\/uploads\/2024\/11\/GJK_7283-Enhanced-NR-768x512.jpg 768w, https:\/\/partizani.al\/sq\/wp-content\/uploads\/2024\/11\/GJK_7283-Enhanced-NR-1536x1025.jpg 1536w, https:\/\/partizani.al\/sq\/wp-content\/uploads\/2024\/11\/GJK_7283-Enhanced-NR-128x85.jpg 128w, https:\/\/partizani.al\/sq\/wp-content\/uploads\/2024\/11\/GJK_7283-Enhanced-NR-32x21.jpg 32w, https:\/\/partizani.al\/sq\/wp-content\/uploads\/2024\/11\/GJK_7283-Enhanced-NR-500x334.jpg 500w, https:\/\/partizani.al\/sq\/wp-content\/uploads\/2024\/11\/GJK_7283-Enhanced-NR-800x534.jpg 800w, https:\/\/partizani.al\/sq\/wp-content\/uploads\/2024\/11\/GJK_7283-Enhanced-NR-1280x854.jpg 1280w, https:\/\/partizani.al\/sq\/wp-content\/uploads\/2024\/11\/GJK_7283-Enhanced-NR-900x600.jpg 900w, https:\/\/partizani.al\/sq\/wp-content\/uploads\/2024\/11\/GJK_7283-Enhanced-NR-1140x760.jpg 1140w, https:\/\/partizani.al\/sq\/wp-content\/uploads\/2024\/11\/GJK_7283-Enhanced-NR-200x133.jpg 200w, https:\/\/partizani.al\/sq\/wp-content\/uploads\/2024\/11\/GJK_7283-Enhanced-NR-450x300.jpg 450w\" sizes=\"auto, (max-width: 1919px) 100vw, 1919px\" \/>E keni analizuar Tiran\u00ebn. Pikat e dob\u00ebta dhe t\u00eb forta t\u00eb kund\u00ebrshtarit &#8211;\u00a0\u00a0 \u00a0\u00a0\u00a0\u00a0\u00a0\u00a0\u00a0\u00a0\u00a0\u00a0\u00a0\u00a0\u00a0\u00a0\u00a0\u00a0\u00a0\u00a0<\/strong><\/p>\n<p><strong>Veselinovi\u00e7: <\/strong>Sigurisht q\u00eb e kemi analizuar. Puna jon\u00eb \u00ebsht\u00eb ti analizojm\u00eb t\u00eb gjith\u00eb kund\u00ebrshtar\u00ebt. Por nuk mund tju them strategjin\u00eb q\u00eb do t\u00eb p\u00ebrdorim nes\u00ebr. m\u00eb mir\u00eb ta mbajm\u00eb brenda familjes. Do ta shikojm\u00eb nes\u00ebr si do t\u00eb funksionoj\u00eb strategjia q\u00eb do t\u00eb p\u00ebrdorim. Kemi respekt p\u00ebr kund\u00ebrshtarin. Edhe ata na kan\u00eb analizuar ne. Un\u00eb i respektoj t\u00eb gjith\u00eb ekipet kund\u00ebrshtare.<\/p>\n<p><img loading=\"lazy\" decoding=\"async\" class=\"alignnone size-full wp-image-58740\" src=\"https:\/\/partizani.al\/sq\/wp-content\/uploads\/2024\/11\/GJK_7288-Enhanced-NR.jpg\" alt=\"\" width=\"1919\" height=\"1280\" srcset=\"https:\/\/partizani.al\/sq\/wp-content\/uploads\/2024\/11\/GJK_7288-Enhanced-NR.jpg 1919w, https:\/\/partizani.al\/sq\/wp-content\/uploads\/2024\/11\/GJK_7288-Enhanced-NR-300x200.jpg 300w, https:\/\/partizani.al\/sq\/wp-content\/uploads\/2024\/11\/GJK_7288-Enhanced-NR-1024x683.jpg 1024w, https:\/\/partizani.al\/sq\/wp-content\/uploads\/2024\/11\/GJK_7288-Enhanced-NR-768x512.jpg 768w, https:\/\/partizani.al\/sq\/wp-content\/uploads\/2024\/11\/GJK_7288-Enhanced-NR-1536x1025.jpg 1536w, https:\/\/partizani.al\/sq\/wp-content\/uploads\/2024\/11\/GJK_7288-Enhanced-NR-128x85.jpg 128w, https:\/\/partizani.al\/sq\/wp-content\/uploads\/2024\/11\/GJK_7288-Enhanced-NR-32x21.jpg 32w, https:\/\/partizani.al\/sq\/wp-content\/uploads\/2024\/11\/GJK_7288-Enhanced-NR-500x334.jpg 500w, https:\/\/partizani.al\/sq\/wp-content\/uploads\/2024\/11\/GJK_7288-Enhanced-NR-800x534.jpg 800w, https:\/\/partizani.al\/sq\/wp-content\/uploads\/2024\/11\/GJK_7288-Enhanced-NR-1280x854.jpg 1280w, https:\/\/partizani.al\/sq\/wp-content\/uploads\/2024\/11\/GJK_7288-Enhanced-NR-900x600.jpg 900w, https:\/\/partizani.al\/sq\/wp-content\/uploads\/2024\/11\/GJK_7288-Enhanced-NR-1140x760.jpg 1140w, https:\/\/partizani.al\/sq\/wp-content\/uploads\/2024\/11\/GJK_7288-Enhanced-NR-200x133.jpg 200w, https:\/\/partizani.al\/sq\/wp-content\/uploads\/2024\/11\/GJK_7288-Enhanced-NR-450x300.jpg 450w\" sizes=\"auto, (max-width: 1919px) 100vw, 1919px\" \/><\/p>\n","protected":false},"excerpt":{"rendered":"<p>Si e prisni derbin ndaj Tiran\u00ebs, atmosfera n\u00eb skuad\u00ebr &#8211;\u00a0 Veselinovi\u00e7: Atmosfera \u00ebsht\u00eb e nj\u00ebta si p\u00ebrpara \u00e7do takimi. Djemt\u00eb jan\u00eb gati p\u00ebr t\u00eb luajtur. Nes\u00ebr do t\u00eb luajm\u00eb p\u00ebrball\u00eb&#8230;<\/p>\n","protected":false},"author":1,"featured_media":58741,"comment_status":"closed","ping_status":"closed","sticky":false,"template":"","format":"standard","meta":{"_seopress_robots_primary_cat":"none","_seopress_titles_title":"","_seopress_titles_desc":"","_seopress_robots_index":"","_vp_format_video_url":"","_vp_image_focal_point":[],"footnotes":""},"categories":[107],"tags":[],"class_list":["post-58735","post","type-post","status-publish","format-standard","has-post-thumbnail","hentry","category-ekipi_i_pare"],"_links":{"self":[{"href":"https:\/\/partizani.al\/sq\/wp-json\/wp\/v2\/posts\/58735","targetHints":{"allow":["GET"]}}],"collection":[{"href":"https:\/\/partizani.al\/sq\/wp-json\/wp\/v2\/posts"}],"about":[{"href":"https:\/\/partizani.al\/sq\/wp-json\/wp\/v2\/types\/post"}],"author":[{"embeddable":true,"href":"https:\/\/partizani.al\/sq\/wp-json\/wp\/v2\/users\/1"}],"replies":[{"embeddable":true,"href":"https:\/\/partizani.al\/sq\/wp-json\/wp\/v2\/comments?post=58735"}],"version-history":[{"count":1,"href":"https:\/\/partizani.al\/sq\/wp-json\/wp\/v2\/posts\/58735\/revisions"}],"predecessor-version":[{"id":58742,"href":"https:\/\/partizani.al\/sq\/wp-json\/wp\/v2\/posts\/58735\/revisions\/58742"}],"wp:featuredmedia":[{"embeddable":true,"href":"https:\/\/partizani.al\/sq\/wp-json\/wp\/v2\/media\/58741"}],"wp:attachment":[{"href":"https:\/\/partizani.al\/sq\/wp-json\/wp\/v2\/media?parent=58735"}],"wp:term":[{"taxonomy":"category","embeddable":true,"href":"https:\/\/partizani.al\/sq\/wp-json\/wp\/v2\/categories?post=58735"},{"taxonomy":"post_tag","embeddable":true,"href":"https:\/\/partizani.al\/sq\/wp-json\/wp\/v2\/tags?post=58735"}],"curies":[{"name":"wp","href":"https:\/\/api.w.org\/{rel}","templated":true}]}}