{"id":58620,"date":"2024-11-23T17:57:49","date_gmt":"2024-11-23T15:57:49","guid":{"rendered":"https:\/\/partizani.al\/sq\/?p=58620"},"modified":"2024-11-23T17:57:49","modified_gmt":"2024-11-23T15:57:49","slug":"konferenca-per-shtyp-e-trajnerit-aleksandar-veselinovic-ne-prag-te-takimit-ndaj-lacit-2","status":"publish","type":"post","link":"https:\/\/partizani.al\/sq\/konferenca-per-shtyp-e-trajnerit-aleksandar-veselinovic-ne-prag-te-takimit-ndaj-lacit-2\/","title":{"rendered":"Konferenca p\u00ebr shtyp e trajnerit Aleksandar Veselinovi\u00e7 n\u00eb prag t\u00eb takimit ndaj La\u00e7it"},"content":{"rendered":"<p><strong>Si e shikoni takimin ndaj La\u00e7it, kund\u00ebrshtar i cili n\u00ebn drejtimin e Morieros nuk ka p\u00ebsuar humbje &#8211;\u00a0 <\/strong><\/p>\n<p><strong>Veselinovi\u00e7: <\/strong>Kam respekt p\u00ebr trajnerin e La\u00e7it. Jam i sigurt\u00eb q\u00eb do t\u00eb jet\u00eb nj\u00eb ndeshje shum\u00eb e fort\u00eb, pasi La\u00e7i luan mjaft mir\u00eb. T\u00eb gjitha takimet e fundit q\u00eb kan\u00eb zhvilluar, ndaj Tiran\u00ebs, Elbasanit, Egnatias apo Bylis jan\u00eb p\u00ebr tu kompletuar pasi kan\u00eb dhuruar performanca mjaft pozitive. Ata p\u00ebrpiqen t\u00eb luajn\u00eb futboll, kan\u00eb idet\u00eb e tyre t\u00eb qarta dhe i shoh mjaft t\u00eb motivuar. N\u00eb an\u00ebn tjet\u00ebr ne duhet t\u00eb mendojm\u00eb si gjithnj\u00eb p\u00ebr veten ton\u00eb.<\/p>\n<p><strong><img loading=\"lazy\" decoding=\"async\" class=\"alignnone size-full wp-image-58624\" src=\"https:\/\/partizani.al\/sq\/wp-content\/uploads\/2024\/11\/GJK_0911.jpg\" alt=\"\" width=\"1919\" height=\"1280\" srcset=\"https:\/\/partizani.al\/sq\/wp-content\/uploads\/2024\/11\/GJK_0911.jpg 1919w, https:\/\/partizani.al\/sq\/wp-content\/uploads\/2024\/11\/GJK_0911-300x200.jpg 300w, https:\/\/partizani.al\/sq\/wp-content\/uploads\/2024\/11\/GJK_0911-1024x683.jpg 1024w, https:\/\/partizani.al\/sq\/wp-content\/uploads\/2024\/11\/GJK_0911-768x512.jpg 768w, https:\/\/partizani.al\/sq\/wp-content\/uploads\/2024\/11\/GJK_0911-1536x1025.jpg 1536w, https:\/\/partizani.al\/sq\/wp-content\/uploads\/2024\/11\/GJK_0911-128x85.jpg 128w, https:\/\/partizani.al\/sq\/wp-content\/uploads\/2024\/11\/GJK_0911-32x21.jpg 32w, https:\/\/partizani.al\/sq\/wp-content\/uploads\/2024\/11\/GJK_0911-500x334.jpg 500w, https:\/\/partizani.al\/sq\/wp-content\/uploads\/2024\/11\/GJK_0911-800x534.jpg 800w, https:\/\/partizani.al\/sq\/wp-content\/uploads\/2024\/11\/GJK_0911-1280x854.jpg 1280w, https:\/\/partizani.al\/sq\/wp-content\/uploads\/2024\/11\/GJK_0911-900x600.jpg 900w, https:\/\/partizani.al\/sq\/wp-content\/uploads\/2024\/11\/GJK_0911-1140x760.jpg 1140w, https:\/\/partizani.al\/sq\/wp-content\/uploads\/2024\/11\/GJK_0911-200x133.jpg 200w, https:\/\/partizani.al\/sq\/wp-content\/uploads\/2024\/11\/GJK_0911-450x300.jpg 450w\" sizes=\"auto, (max-width: 1919px) 100vw, 1919px\" \/>Nd\u00ebrprerja e kampionatit &#8211;\u00a0\u00a0\u00a0\u00a0\u00a0\u00a0\u00a0 \u00a0<\/strong><\/p>\n<p><strong>Veselinovi\u00e7: <\/strong>Disa prej lojtar\u00ebve tan\u00eb kan\u00eb qen\u00eb t\u00eb impenjuar me ekipet p\u00ebrfaq\u00ebsuese. Kote , Hadroj, Binstouka. Nuk mund t\u00eb flas p\u00ebr skuadrat e tjera por p\u00ebrgjat\u00eb \u00e7do nd\u00ebrprerje t\u00eb kampionatit ne nuk kemi n\u00eb skuad\u00ebr 5 \u2013 6 lojtar\u00eb n\u00eb nj\u00eb program normal st\u00ebrvitor. Kjo \u00ebsht\u00eb jeta dhe ne duhet t\u00eb gjejm\u00eb disa zgjidhje. Kjo q\u00eb sapo thash\u00eb tani mund t\u00eb duket alibi, por gjithmon\u00eb p\u00ebrgjat\u00eb nd\u00ebrprerjeve t\u00eb kampionatit jemi n\u00eb k\u00ebto situate, pa patur grupin e plot\u00eb t\u00eb lojtar\u00ebve. E r\u00ebnd\u00ebsishme tani \u00ebsht\u00eb q\u00eb t\u00eb jemi t\u00eb p\u00ebrq\u00ebndruar dhe t\u00eb fokusuar p\u00ebr ndeshjen e nes\u00ebrme ndaj La\u00e7it.<\/p>\n<p><strong>Si \u00ebsht\u00eb gjendja e skuadr\u00ebs. Keni mungesa ndaj La\u00e7it \u2013 <\/strong><\/p>\n<p><strong>Veselinovi\u00e7: <\/strong>Kush \u00ebsht\u00eb gati 100% do t\u00eb jet\u00eb nes\u00ebr gati p\u00ebr t\u00eb nisur takimin. P\u00ebr momentin vet\u00ebm kaq mund tju them. Jemi n\u00eb kontakt t\u00eb vazhduesh\u00ebm me stafin mjek\u00ebsor. Kemi disa lojtar\u00eb q\u00eb nuk jan\u00eb gati p\u00ebr t\u00eb luajtur, apo lojtar\u00eb q\u00eb t\u00eb luajn\u00eb p\u00ebr 90 minuta. Pasdite do t\u00eb zhvillojm\u00eb edhe seanc\u00ebn e fundit dhe pas saj do t\u00eb jemi m\u00eb t\u00eb qart\u00eb p\u00ebrsa i p\u00ebrket lojtar\u00ebve q\u00eb do t\u00eb zbresin nes\u00ebr n\u00eb fush\u00eb. Por t\u00eb gjitha k\u00ebto situata nuk i ndryshojn\u00eb ambiciet tona.<\/p>\n<p><img loading=\"lazy\" decoding=\"async\" class=\"alignnone size-full wp-image-58625\" src=\"https:\/\/partizani.al\/sq\/wp-content\/uploads\/2024\/11\/GJK_0893.jpg\" alt=\"\" width=\"1919\" height=\"1280\" srcset=\"https:\/\/partizani.al\/sq\/wp-content\/uploads\/2024\/11\/GJK_0893.jpg 1919w, https:\/\/partizani.al\/sq\/wp-content\/uploads\/2024\/11\/GJK_0893-300x200.jpg 300w, https:\/\/partizani.al\/sq\/wp-content\/uploads\/2024\/11\/GJK_0893-1024x683.jpg 1024w, https:\/\/partizani.al\/sq\/wp-content\/uploads\/2024\/11\/GJK_0893-768x512.jpg 768w, https:\/\/partizani.al\/sq\/wp-content\/uploads\/2024\/11\/GJK_0893-1536x1025.jpg 1536w, https:\/\/partizani.al\/sq\/wp-content\/uploads\/2024\/11\/GJK_0893-128x85.jpg 128w, https:\/\/partizani.al\/sq\/wp-content\/uploads\/2024\/11\/GJK_0893-32x21.jpg 32w, https:\/\/partizani.al\/sq\/wp-content\/uploads\/2024\/11\/GJK_0893-500x334.jpg 500w, https:\/\/partizani.al\/sq\/wp-content\/uploads\/2024\/11\/GJK_0893-800x534.jpg 800w, https:\/\/partizani.al\/sq\/wp-content\/uploads\/2024\/11\/GJK_0893-1280x854.jpg 1280w, https:\/\/partizani.al\/sq\/wp-content\/uploads\/2024\/11\/GJK_0893-900x600.jpg 900w, https:\/\/partizani.al\/sq\/wp-content\/uploads\/2024\/11\/GJK_0893-1140x760.jpg 1140w, https:\/\/partizani.al\/sq\/wp-content\/uploads\/2024\/11\/GJK_0893-200x133.jpg 200w, https:\/\/partizani.al\/sq\/wp-content\/uploads\/2024\/11\/GJK_0893-450x300.jpg 450w\" sizes=\"auto, (max-width: 1919px) 100vw, 1919px\" \/><\/p>\n","protected":false},"excerpt":{"rendered":"<p>Si e shikoni takimin ndaj La\u00e7it, kund\u00ebrshtar i cili n\u00ebn drejtimin e Morieros nuk ka p\u00ebsuar humbje &#8211;\u00a0 Veselinovi\u00e7: Kam respekt p\u00ebr trajnerin e La\u00e7it. Jam i sigurt\u00eb q\u00eb do&#8230;<\/p>\n","protected":false},"author":1,"featured_media":58623,"comment_status":"closed","ping_status":"closed","sticky":false,"template":"","format":"standard","meta":{"_seopress_robots_primary_cat":"none","_seopress_titles_title":"","_seopress_titles_desc":"","_seopress_robots_index":"","_vp_format_video_url":"","_vp_image_focal_point":[],"footnotes":""},"categories":[107],"tags":[],"class_list":["post-58620","post","type-post","status-publish","format-standard","has-post-thumbnail","hentry","category-ekipi_i_pare"],"_links":{"self":[{"href":"https:\/\/partizani.al\/sq\/wp-json\/wp\/v2\/posts\/58620","targetHints":{"allow":["GET"]}}],"collection":[{"href":"https:\/\/partizani.al\/sq\/wp-json\/wp\/v2\/posts"}],"about":[{"href":"https:\/\/partizani.al\/sq\/wp-json\/wp\/v2\/types\/post"}],"author":[{"embeddable":true,"href":"https:\/\/partizani.al\/sq\/wp-json\/wp\/v2\/users\/1"}],"replies":[{"embeddable":true,"href":"https:\/\/partizani.al\/sq\/wp-json\/wp\/v2\/comments?post=58620"}],"version-history":[{"count":1,"href":"https:\/\/partizani.al\/sq\/wp-json\/wp\/v2\/posts\/58620\/revisions"}],"predecessor-version":[{"id":58626,"href":"https:\/\/partizani.al\/sq\/wp-json\/wp\/v2\/posts\/58620\/revisions\/58626"}],"wp:featuredmedia":[{"embeddable":true,"href":"https:\/\/partizani.al\/sq\/wp-json\/wp\/v2\/media\/58623"}],"wp:attachment":[{"href":"https:\/\/partizani.al\/sq\/wp-json\/wp\/v2\/media?parent=58620"}],"wp:term":[{"taxonomy":"category","embeddable":true,"href":"https:\/\/partizani.al\/sq\/wp-json\/wp\/v2\/categories?post=58620"},{"taxonomy":"post_tag","embeddable":true,"href":"https:\/\/partizani.al\/sq\/wp-json\/wp\/v2\/tags?post=58620"}],"curies":[{"name":"wp","href":"https:\/\/api.w.org\/{rel}","templated":true}]}}