{"id":57848,"date":"2024-10-04T18:19:25","date_gmt":"2024-10-04T16:19:25","guid":{"rendered":"https:\/\/partizani.al\/sq\/?p=57848"},"modified":"2024-10-04T18:19:25","modified_gmt":"2024-10-04T16:19:25","slug":"konferenca-per-shtyp-e-trajnerit-aleksandar-veselinovic-ne-prag-te-takimit-ndaj-bylis","status":"publish","type":"post","link":"https:\/\/partizani.al\/sq\/konferenca-per-shtyp-e-trajnerit-aleksandar-veselinovic-ne-prag-te-takimit-ndaj-bylis\/","title":{"rendered":"Konferenca p\u00ebr shtyp e trajnerit Aleksandar Veselinovi\u00e7 n\u00eb prag t\u00eb takimit ndaj Bylis"},"content":{"rendered":"<p><strong>Si \u00ebsht\u00eb atmosfera n\u00eb skuad\u00ebr pas fitores ndaj Egnatias \u2013<\/strong><em>\u00a0<\/em><\/p>\n<p><strong>Veselinovi\u00e7:<\/strong> Gjithmon\u00eb atmosfera \u00ebsht\u00eb fantastike brenda skuadr\u00ebs. Sigurisht \u00e7do fitore \u00ebsht\u00eb nj\u00eb plus p\u00ebr skuadr\u00ebn, por tani Egnatia ka kaluar dhe duhet t\u00eb mendojm\u00eb p\u00ebr kund\u00ebrshtarin q\u00eb do t\u00eb kemi p\u00ebrball\u00eb.<\/p>\n<p><strong><img loading=\"lazy\" decoding=\"async\" class=\"alignnone size-full wp-image-57851\" src=\"https:\/\/partizani.al\/sq\/wp-content\/uploads\/2024\/10\/GJK_9625.jpg\" alt=\"\" width=\"1919\" height=\"1280\" srcset=\"https:\/\/partizani.al\/sq\/wp-content\/uploads\/2024\/10\/GJK_9625.jpg 1919w, https:\/\/partizani.al\/sq\/wp-content\/uploads\/2024\/10\/GJK_9625-300x200.jpg 300w, https:\/\/partizani.al\/sq\/wp-content\/uploads\/2024\/10\/GJK_9625-1024x683.jpg 1024w, https:\/\/partizani.al\/sq\/wp-content\/uploads\/2024\/10\/GJK_9625-768x512.jpg 768w, https:\/\/partizani.al\/sq\/wp-content\/uploads\/2024\/10\/GJK_9625-1536x1025.jpg 1536w, https:\/\/partizani.al\/sq\/wp-content\/uploads\/2024\/10\/GJK_9625-128x85.jpg 128w, https:\/\/partizani.al\/sq\/wp-content\/uploads\/2024\/10\/GJK_9625-32x21.jpg 32w, https:\/\/partizani.al\/sq\/wp-content\/uploads\/2024\/10\/GJK_9625-500x334.jpg 500w, https:\/\/partizani.al\/sq\/wp-content\/uploads\/2024\/10\/GJK_9625-800x534.jpg 800w, https:\/\/partizani.al\/sq\/wp-content\/uploads\/2024\/10\/GJK_9625-1280x854.jpg 1280w, https:\/\/partizani.al\/sq\/wp-content\/uploads\/2024\/10\/GJK_9625-900x600.jpg 900w, https:\/\/partizani.al\/sq\/wp-content\/uploads\/2024\/10\/GJK_9625-1140x760.jpg 1140w, https:\/\/partizani.al\/sq\/wp-content\/uploads\/2024\/10\/GJK_9625-200x133.jpg 200w, https:\/\/partizani.al\/sq\/wp-content\/uploads\/2024\/10\/GJK_9625-450x300.jpg 450w\" sizes=\"auto, (max-width: 1919px) 100vw, 1919px\" \/>Opinioni juaj p\u00ebr Bylis<\/strong><strong> &#8211; \u00a0\u00a0\u00a0\u00a0\u00a0\u00a0\u00a0<\/strong><\/p>\n<p><strong>Veselinovi\u00e7:<\/strong> I kam par\u00eb t\u00eb gjitha ndeshjet e tyre, dhe mendoj q\u00eb kan\u00eb zhvilluar ndeshje t\u00eb mira, jan\u00eb nj\u00eb skuad\u00ebr e mir\u00eb. E kam th\u00ebn\u00eb q\u00eb n\u00eb k\u00ebt\u00eb kampionat nuk ka ndeshje t\u00eb lehta dhe pres nj\u00eb ndeshje t\u00eb fort\u00eb. N\u00eb ndeshjen e fundit ndaj Elbasanit, ata kan\u00eb luajtur s\u00ebrisht mir\u00eb dhe n\u00eb shumic\u00ebn e koh\u00ebs kan\u00eb qen\u00eb mjaft mir\u00eb t\u00eb vendosur n\u00eb fush\u00eb dhe p\u00ebr k\u00ebt\u00eb dua ti komplimentoj p\u00ebr loj\u00ebn e tyre dhe i respektoj. T\u00eb gjitha ekipet q\u00eb p\u00ebrpiqen t\u00eb luajn\u00eb futboll do t\u00eb ken\u00eb mb\u00ebshtetjen time.<\/p>\n<p><strong>P\u00ebrfshirja e mbrojt\u00ebsit Andi Hadroj n\u00eb list\u00ebn e ekipit p\u00ebrfaq\u00ebsues &#8211; \u00a0\u00a0\u00a0\u00a0\u00a0\u00a0\u00a0\u00a0\u00a0\u00a0<\/strong><\/p>\n<p><strong>Veselinovi\u00e7:<\/strong> Hadroj \u00ebsht\u00eb i vetmi lojtar nga kampionati shqiptar q\u00eb \u00ebsht\u00eb pjes\u00eb e k\u00ebsaj liste nj\u00eb informacion t\u00eb cilin sapo e m\u00ebsova. Jam mjaft i lumtur p\u00ebr ftes\u00ebn q\u00eb ka marr\u00eb. Mendoj q\u00eb Hadroj duhet t\u00eb jet\u00eb krenar q\u00eb luan me komb\u00ebtaren e tij. Ky do t\u00eb jet\u00eb nj\u00eb motivim m\u00eb shum\u00eb p\u00ebr Hadroj dhe n\u00eb t\u00eb ardhmen ndoshta mund t\u00eb kemi m\u00eb shum\u00eb lojtar me p\u00ebrfaq\u00ebsuesen, do t\u00eb ishte shum\u00eb mir\u00eb p\u00ebr t\u00eb gjith\u00eb.\u00a0 Hadroj \u00ebsht\u00eb nj\u00eb djal i shk\u00eblqyer nj\u00eb lojtar shum\u00eb i mir\u00eb dhe \u00ebsht\u00eb shum\u00eb i r\u00ebnd\u00ebsish\u00ebm p\u00ebr ne. T\u00eb gjith\u00eb n\u00eb klub jemi shum\u00eb t\u00eb lumtur q\u00eb ai \u00ebsht\u00eb pjes\u00eb e k\u00ebsaj liste.<\/p>\n<p><strong><img loading=\"lazy\" decoding=\"async\" class=\"alignnone size-full wp-image-57852\" src=\"https:\/\/partizani.al\/sq\/wp-content\/uploads\/2024\/10\/GJK_9584.jpg\" alt=\"\" width=\"1919\" height=\"1280\" srcset=\"https:\/\/partizani.al\/sq\/wp-content\/uploads\/2024\/10\/GJK_9584.jpg 1919w, https:\/\/partizani.al\/sq\/wp-content\/uploads\/2024\/10\/GJK_9584-300x200.jpg 300w, https:\/\/partizani.al\/sq\/wp-content\/uploads\/2024\/10\/GJK_9584-1024x683.jpg 1024w, https:\/\/partizani.al\/sq\/wp-content\/uploads\/2024\/10\/GJK_9584-768x512.jpg 768w, https:\/\/partizani.al\/sq\/wp-content\/uploads\/2024\/10\/GJK_9584-1536x1025.jpg 1536w, https:\/\/partizani.al\/sq\/wp-content\/uploads\/2024\/10\/GJK_9584-128x85.jpg 128w, https:\/\/partizani.al\/sq\/wp-content\/uploads\/2024\/10\/GJK_9584-32x21.jpg 32w, https:\/\/partizani.al\/sq\/wp-content\/uploads\/2024\/10\/GJK_9584-500x334.jpg 500w, https:\/\/partizani.al\/sq\/wp-content\/uploads\/2024\/10\/GJK_9584-800x534.jpg 800w, https:\/\/partizani.al\/sq\/wp-content\/uploads\/2024\/10\/GJK_9584-1280x854.jpg 1280w, https:\/\/partizani.al\/sq\/wp-content\/uploads\/2024\/10\/GJK_9584-900x600.jpg 900w, https:\/\/partizani.al\/sq\/wp-content\/uploads\/2024\/10\/GJK_9584-1140x760.jpg 1140w, https:\/\/partizani.al\/sq\/wp-content\/uploads\/2024\/10\/GJK_9584-200x133.jpg 200w, https:\/\/partizani.al\/sq\/wp-content\/uploads\/2024\/10\/GJK_9584-450x300.jpg 450w\" sizes=\"auto, (max-width: 1919px) 100vw, 1919px\" \/>Pauza e kampionatit mund t\u00eb jet\u00eb pozitive p\u00ebr ju\u00a0 &#8211;\u00a0\u00a0\u00a0\u00a0\u00a0\u00a0\u00a0\u00a0\u00a0 <\/strong><\/p>\n<p><strong>Veselinovi\u00e7:<\/strong> Esht\u00eb nj\u00eb pyetje e mir\u00eb , por p\u00ebr momentin fillimisht duhet t\u00eb mendojm\u00eb p\u00ebr ndeshjen me Bylis. Do ta shfryt\u00ebzojm\u00eb k\u00ebt\u00eb periudh\u00eb p\u00ebr tu p\u00ebrgatitur p\u00ebr t\u00eb gjitha situatat n\u00eb skuad\u00ebr.<\/p>\n<p><strong>Partizani nuk humbet me Bylis prej 5 vitesh &#8211;\u00a0\u00a0\u00a0 <\/strong><\/p>\n<p><strong>Veselinovi\u00e7:<\/strong> T\u00eb jem i sinqert\u00eb tani po i d\u00ebgjoj k\u00ebto statistika. Gjithmon\u00eb jam shprehur se ndeshja e radh\u00ebs \u00ebsht\u00eb nj\u00eb histori e re. Esht\u00eb nj\u00eb statistik\u00eb e mir\u00eb , por n\u00eb momentin nga nes\u00ebr q\u00eb gjyqtari do t\u00eb sinjalizoj\u00eb fillimin e takimit mendoj q\u00eb statistikat nuk jan\u00eb m\u00eb t\u00eb r\u00ebnd\u00ebsishme.<\/p>\n<p><strong>Gjendja e skuadr\u00ebs, ve\u00e7an\u00ebrisht Buxhelaj-\u00a0\u00a0\u00a0\u00a0\u00a0\u00a0\u00a0 <\/strong><\/p>\n<p><strong>Veselinovi\u00e7:<\/strong> Sot do t\u00eb zhvillojm\u00eb edhe seanc\u00ebn e fundit. Buxhelaj ndjehet mjaft mir\u00eb. Nga sa kam m\u00ebsuar Buxhelaj nuk \u00ebsht\u00eb grumbulluar nga ekipi p\u00ebrfaq\u00ebsues U-21 pasi \u00ebsht\u00eb i skualifikuar. Dua t\u00eb theksoj edhe faktin q\u00eb ndeshja q\u00eb zhvilluam ndaj Egnatias u luajt n\u00eb nj\u00eb terren t\u00eb shk\u00eblqyer. Nj\u00eb terren me bar natyral , nd\u00ebrkoh\u00eb q\u00eb ne punojm\u00eb n\u00eb nj\u00eb terren me bar artificial. Duhet t\u00eb m\u00eb besoni q\u00eb \u00ebsht\u00eb nj\u00eb problem i madh\u00a0 p\u00ebr lojtar\u00ebt. Cdo her\u00eb q\u00eb ne ndryshojm\u00eb terren nga natyral n\u00eb artificial \u00ebsht\u00eb problem p\u00ebr lojtar\u00ebt dhe kjo \u00ebsht\u00eb normale. Duhet t\u00eb jem i kujdessh\u00ebm n\u00eb p\u00ebrgjigjet q\u00eb jap p\u00ebr sa i p\u00ebrket gjendjes s\u00eb lojtar\u00ebve. Por jam i bindur se edhe trajner\u00ebt e tjer\u00eb si un\u00eb kan\u00eb t\u00eb nj\u00ebjtat probleme.<\/p>\n<p><strong>Cila \u00ebsht\u00eb situata e Zguros, do t\u00eb jet\u00eb pjes\u00eb e skuadr\u00ebs \u2013<\/strong><\/p>\n<p><strong>Veselinovi\u00e7:<\/strong> Mendoj se m\u00eb mir\u00eb kjo \u00ebsht\u00eb nj\u00eb pyetje q\u00eb i p\u00ebrket drejtuesve , klubit. Ata mund t\u00eb japin p\u00ebrgjigjen e duhur rreth tij, por duhet t\u00eb shohim.<\/p>\n<p><strong><img loading=\"lazy\" decoding=\"async\" class=\"alignnone size-full wp-image-57853\" src=\"https:\/\/partizani.al\/sq\/wp-content\/uploads\/2024\/10\/GJK_9608.jpg\" alt=\"\" width=\"1919\" height=\"1280\" srcset=\"https:\/\/partizani.al\/sq\/wp-content\/uploads\/2024\/10\/GJK_9608.jpg 1919w, https:\/\/partizani.al\/sq\/wp-content\/uploads\/2024\/10\/GJK_9608-300x200.jpg 300w, https:\/\/partizani.al\/sq\/wp-content\/uploads\/2024\/10\/GJK_9608-1024x683.jpg 1024w, https:\/\/partizani.al\/sq\/wp-content\/uploads\/2024\/10\/GJK_9608-768x512.jpg 768w, https:\/\/partizani.al\/sq\/wp-content\/uploads\/2024\/10\/GJK_9608-1536x1025.jpg 1536w, https:\/\/partizani.al\/sq\/wp-content\/uploads\/2024\/10\/GJK_9608-128x85.jpg 128w, https:\/\/partizani.al\/sq\/wp-content\/uploads\/2024\/10\/GJK_9608-32x21.jpg 32w, https:\/\/partizani.al\/sq\/wp-content\/uploads\/2024\/10\/GJK_9608-500x334.jpg 500w, https:\/\/partizani.al\/sq\/wp-content\/uploads\/2024\/10\/GJK_9608-800x534.jpg 800w, https:\/\/partizani.al\/sq\/wp-content\/uploads\/2024\/10\/GJK_9608-1280x854.jpg 1280w, https:\/\/partizani.al\/sq\/wp-content\/uploads\/2024\/10\/GJK_9608-900x600.jpg 900w, https:\/\/partizani.al\/sq\/wp-content\/uploads\/2024\/10\/GJK_9608-1140x760.jpg 1140w, https:\/\/partizani.al\/sq\/wp-content\/uploads\/2024\/10\/GJK_9608-200x133.jpg 200w, https:\/\/partizani.al\/sq\/wp-content\/uploads\/2024\/10\/GJK_9608-450x300.jpg 450w\" sizes=\"auto, (max-width: 1919px) 100vw, 1919px\" \/>Nj\u00eb pjes\u00eb e lojtar\u00ebve t\u00eb afruar gjat\u00eb ver\u00ebs nuk jan\u00eb aktivizuar aq sa pritej, Kur do t\u00eb vij mund\u00ebsia e tyre &#8211;\u00a0\u00a0\u00a0\u00a0 \u00a0\u00a0\u00a0\u00a0\u00a0\u00a0\u00a0\u00a0\u00a0\u00a0\u00a0\u00a0\u00a0\u00a0<\/strong><\/p>\n<p><strong>Veselinovi\u00e7:<\/strong> Kjo varet nga situatat. Disa prej tyre jan\u00eb t\u00eb d\u00ebmtuar, disa t\u00eb tjer\u00eb luajn\u00eb , p\u00ebr disa prej tyre kemi shum\u00eb zgjedhje p\u00ebrsa i p\u00ebrket pozicioneve. Ju mund ta shikoni n\u00eb \u00e7do ndeshje q\u00eb vjen ka emra t\u00eb rinj n\u00eb fush\u00eb. Esht\u00eb normale kjo situat\u00eb p\u00ebr mua , p\u00ebr stafin p\u00ebr t\u00eb gjith\u00eb. T\u00eb gjith\u00eb lojtar\u00ebt duhet t\u00eb jen\u00eb t\u00eb sigurt\u00eb, pasi un\u00eb mendoj p\u00ebr t\u00eb gjith\u00eb dhe secili \u00ebsht\u00eb shum\u00eb i r\u00ebnd\u00ebsish\u00ebm. Kampionati \u00ebsht\u00eb i gjat\u00eb do t\u00eb ket\u00eb d\u00ebmtime, skualifikime dhe normalisht duhet t\u00eb mendojm\u00eb p\u00ebr t\u00eb gjitha k\u00ebto situata. M\u00eb duhet t\u00eb zgjedh t\u00eb aktivizoj vet\u00ebm 11 lojtar\u00eb, do t\u00eb isha i lumtur n\u00ebse do t\u00eb mund t\u00eb aktiviziopa 20 por mundem t\u00eb zgjedh vet\u00ebm 11. Do t\u00eb p\u00ebrpiqemi q\u00eb p\u00ebrgjat\u00eb nd\u00ebrprerjes s\u00eb kampionatit t\u00eb organizojm\u00eb 1 ose 2 ndeshje miq\u00ebsore t\u00eb cilat do ti sh\u00ebrbejn\u00eb shum\u00eb atyre lojtar\u00ebve q\u00eb kan\u00eb kaluar d\u00ebmtime, atyre q\u00eb jan\u00eb t\u00eb rinj dhe kjo do t\u00eb jet\u00eb shum\u00eb e r\u00ebnd\u00ebsishme dhe shum\u00eb e mir\u00eb p\u00ebr t\u00eb gjith\u00eb.<\/p>\n<p><strong>Afrimi m\u00eb i fundit David Domgjoni &#8211;\u00a0 <\/strong><\/p>\n<p><strong>Veselinovi\u00e7:<\/strong> Mendoj se t\u00eb gjith\u00eb ju k\u00ebtu n\u00eb Shqip\u00ebri e njhini m\u00eb mir\u00eb Domgjonin, karrier\u00ebn e tij ku \u00ebsht\u00eb aktiviziuar n\u00eb disa klube serioze n\u00eb Turqi dhe Kazakistan. Gjendja e tij fizike \u00ebsht\u00eb fantastike.\u00a0 Nuk ka luajtur nga muaji qershor , por ai po m\u00eb tregon mua \u00e7do dit\u00eb q\u00eb \u00ebsht\u00eb nj\u00eb djal dhe lojtar shum\u00eb serioz dhe profesionist dhe jam i bindur q\u00eb do t\u00eb na ndihmoj\u00eb. Ai po tregon \u00e7do dit\u00eb dhe n\u00eb mjaft situata q\u00eb \u00ebsht\u00eb nj\u00eb person profesionist .<\/p>\n<p><img loading=\"lazy\" decoding=\"async\" class=\"alignnone size-full wp-image-57854\" src=\"https:\/\/partizani.al\/sq\/wp-content\/uploads\/2024\/10\/GJK_9600.jpg\" alt=\"\" width=\"1919\" height=\"1280\" srcset=\"https:\/\/partizani.al\/sq\/wp-content\/uploads\/2024\/10\/GJK_9600.jpg 1919w, https:\/\/partizani.al\/sq\/wp-content\/uploads\/2024\/10\/GJK_9600-300x200.jpg 300w, https:\/\/partizani.al\/sq\/wp-content\/uploads\/2024\/10\/GJK_9600-1024x683.jpg 1024w, https:\/\/partizani.al\/sq\/wp-content\/uploads\/2024\/10\/GJK_9600-768x512.jpg 768w, https:\/\/partizani.al\/sq\/wp-content\/uploads\/2024\/10\/GJK_9600-1536x1025.jpg 1536w, https:\/\/partizani.al\/sq\/wp-content\/uploads\/2024\/10\/GJK_9600-128x85.jpg 128w, https:\/\/partizani.al\/sq\/wp-content\/uploads\/2024\/10\/GJK_9600-32x21.jpg 32w, https:\/\/partizani.al\/sq\/wp-content\/uploads\/2024\/10\/GJK_9600-500x334.jpg 500w, https:\/\/partizani.al\/sq\/wp-content\/uploads\/2024\/10\/GJK_9600-800x534.jpg 800w, https:\/\/partizani.al\/sq\/wp-content\/uploads\/2024\/10\/GJK_9600-1280x854.jpg 1280w, https:\/\/partizani.al\/sq\/wp-content\/uploads\/2024\/10\/GJK_9600-900x600.jpg 900w, https:\/\/partizani.al\/sq\/wp-content\/uploads\/2024\/10\/GJK_9600-1140x760.jpg 1140w, https:\/\/partizani.al\/sq\/wp-content\/uploads\/2024\/10\/GJK_9600-200x133.jpg 200w, https:\/\/partizani.al\/sq\/wp-content\/uploads\/2024\/10\/GJK_9600-450x300.jpg 450w\" sizes=\"auto, (max-width: 1919px) 100vw, 1919px\" \/><\/p>\n","protected":false},"excerpt":{"rendered":"<p>Si \u00ebsht\u00eb atmosfera n\u00eb skuad\u00ebr pas fitores ndaj Egnatias \u2013\u00a0 Veselinovi\u00e7: Gjithmon\u00eb atmosfera \u00ebsht\u00eb fantastike brenda skuadr\u00ebs. Sigurisht \u00e7do fitore \u00ebsht\u00eb nj\u00eb plus p\u00ebr skuadr\u00ebn, por tani Egnatia ka kaluar&#8230;<\/p>\n","protected":false},"author":1,"featured_media":57853,"comment_status":"closed","ping_status":"closed","sticky":false,"template":"","format":"standard","meta":{"_seopress_robots_primary_cat":"none","_seopress_titles_title":"","_seopress_titles_desc":"","_seopress_robots_index":"","_vp_format_video_url":"","_vp_image_focal_point":[],"footnotes":""},"categories":[107],"tags":[],"class_list":["post-57848","post","type-post","status-publish","format-standard","has-post-thumbnail","hentry","category-ekipi_i_pare"],"_links":{"self":[{"href":"https:\/\/partizani.al\/sq\/wp-json\/wp\/v2\/posts\/57848","targetHints":{"allow":["GET"]}}],"collection":[{"href":"https:\/\/partizani.al\/sq\/wp-json\/wp\/v2\/posts"}],"about":[{"href":"https:\/\/partizani.al\/sq\/wp-json\/wp\/v2\/types\/post"}],"author":[{"embeddable":true,"href":"https:\/\/partizani.al\/sq\/wp-json\/wp\/v2\/users\/1"}],"replies":[{"embeddable":true,"href":"https:\/\/partizani.al\/sq\/wp-json\/wp\/v2\/comments?post=57848"}],"version-history":[{"count":1,"href":"https:\/\/partizani.al\/sq\/wp-json\/wp\/v2\/posts\/57848\/revisions"}],"predecessor-version":[{"id":57855,"href":"https:\/\/partizani.al\/sq\/wp-json\/wp\/v2\/posts\/57848\/revisions\/57855"}],"wp:featuredmedia":[{"embeddable":true,"href":"https:\/\/partizani.al\/sq\/wp-json\/wp\/v2\/media\/57853"}],"wp:attachment":[{"href":"https:\/\/partizani.al\/sq\/wp-json\/wp\/v2\/media?parent=57848"}],"wp:term":[{"taxonomy":"category","embeddable":true,"href":"https:\/\/partizani.al\/sq\/wp-json\/wp\/v2\/categories?post=57848"},{"taxonomy":"post_tag","embeddable":true,"href":"https:\/\/partizani.al\/sq\/wp-json\/wp\/v2\/tags?post=57848"}],"curies":[{"name":"wp","href":"https:\/\/api.w.org\/{rel}","templated":true}]}}