{"id":57581,"date":"2024-09-20T20:25:26","date_gmt":"2024-09-20T18:25:26","guid":{"rendered":"https:\/\/partizani.al\/sq\/?p=57581"},"modified":"2024-09-20T20:25:26","modified_gmt":"2024-09-20T18:25:26","slug":"konferenca-per-shtyp-e-trajnerit-aleksandar-veselinovic-ne-prag-te-takimit-ndaj-tiranes","status":"publish","type":"post","link":"https:\/\/partizani.al\/sq\/konferenca-per-shtyp-e-trajnerit-aleksandar-veselinovic-ne-prag-te-takimit-ndaj-tiranes\/","title":{"rendered":"Konferenca p\u00ebr shtyp e trajnerit Aleksandar Veselinovi\u00e7 n\u00eb prag t\u00eb takimit ndaj Tiran\u00ebs"},"content":{"rendered":"<p><strong>Si e pret Partizani derbin dhe si \u00ebsht\u00eb gjendja e skuadr\u00ebs &#8211; <\/strong><em>\u00a0<\/em><\/p>\n<p><strong>Veselinovi\u00e7:<\/strong> Esht\u00eb shum\u00eb e r\u00ebnd\u00ebsishme ta them edhe pse kam pak koh\u00eb n\u00eb k\u00ebtu. Nes\u00ebr do t\u00eb jet\u00eb nj\u00eb dit\u00eb feste p\u00ebr futbollin n\u00eb Shqip\u00ebri. Esht\u00eb di\u00e7ka fantastike jo vet\u00ebm p\u00ebr futbollin, por edhe p\u00ebr njer\u00ebzit, p\u00ebr vendin. Mendoj se \u00e7do kush q\u00eb ka lindur n\u00eb Shqip\u00ebri shpreson q\u00eb t\u00eb jet\u00eb protagonist, ta shijoj apo t\u00eb luaj k\u00ebt\u00eb derbi. Un\u00eb jam shum\u00eb i lumtur sepse do t\u00eb jem pjes\u00eb e k\u00ebsaj atmosfere festive. P\u00ebrsa i p\u00ebrket skuadr\u00ebs ton\u00eb, ne jemi p\u00ebrgatitur maksimalisht. E kemi p\u00ebrgatitur ndeshjen ashtu si p\u00ebrgatisim t\u00eb gjitha ndeshjet e tjera duke i dh\u00ebn\u00eb r\u00ebnd\u00ebsin\u00eb e duhur. \u00c7do ndeshje dhe \u00e7do kund\u00ebrshtar ndryshon. Tirana \u00ebsht\u00eb nj\u00eb klub me histori , me tradita dhe ne e respektojm\u00eb Tiran\u00ebn, por edhe Partizani \u00ebsht\u00eb nj\u00eb klub i madh dhe ne gjithmon\u00eb n\u00eb radh\u00eb t\u00eb par\u00eb duhet t\u00eb respektojm\u00eb veten ton\u00eb.<\/p>\n<p>P\u00ebr nes\u00ebr t\u00eb gjith\u00eb lojtar\u00ebt jan\u00eb t\u00eb gatsh\u00ebm. Kemi p\u00ebr t\u00eb zhvilluar edhe seanc\u00ebn e fundit p\u00ebrpara ndeshjes dhe n\u00eb p\u00ebrfundim t\u00eb saj do t\u00eb jemi edhe m\u00eb t\u00eb qart\u00eb p\u00ebrsa i p\u00ebrket formacionit. Mos harrojm\u00eb q\u00eb kan\u00eb kaluar 4 dit\u00eb nga ndeshja n\u00eb La\u00e7, e cila u zhvillua n\u00eb nj\u00eb terr\u00ebn t\u00eb v\u00ebshtir\u00eb dhe disa lojtar\u00eb kan\u00eb patur disa shqet\u00ebsime t\u00eb vogla pas ndeshjes, \u00ebsht\u00eb normale.<\/p>\n<p><strong><img loading=\"lazy\" decoding=\"async\" class=\"alignnone size-full wp-image-57584\" src=\"https:\/\/partizani.al\/sq\/wp-content\/uploads\/2024\/09\/GJK_8623-scaled.jpg\" alt=\"\" width=\"2560\" height=\"1708\" srcset=\"https:\/\/partizani.al\/sq\/wp-content\/uploads\/2024\/09\/GJK_8623-scaled.jpg 2560w, https:\/\/partizani.al\/sq\/wp-content\/uploads\/2024\/09\/GJK_8623-300x200.jpg 300w, https:\/\/partizani.al\/sq\/wp-content\/uploads\/2024\/09\/GJK_8623-1024x683.jpg 1024w, https:\/\/partizani.al\/sq\/wp-content\/uploads\/2024\/09\/GJK_8623-768x512.jpg 768w, https:\/\/partizani.al\/sq\/wp-content\/uploads\/2024\/09\/GJK_8623-1536x1025.jpg 1536w, https:\/\/partizani.al\/sq\/wp-content\/uploads\/2024\/09\/GJK_8623-2048x1366.jpg 2048w, https:\/\/partizani.al\/sq\/wp-content\/uploads\/2024\/09\/GJK_8623-128x85.jpg 128w, https:\/\/partizani.al\/sq\/wp-content\/uploads\/2024\/09\/GJK_8623-32x21.jpg 32w, https:\/\/partizani.al\/sq\/wp-content\/uploads\/2024\/09\/GJK_8623-500x334.jpg 500w, https:\/\/partizani.al\/sq\/wp-content\/uploads\/2024\/09\/GJK_8623-800x534.jpg 800w, https:\/\/partizani.al\/sq\/wp-content\/uploads\/2024\/09\/GJK_8623-1280x854.jpg 1280w, https:\/\/partizani.al\/sq\/wp-content\/uploads\/2024\/09\/GJK_8623-1920x1281.jpg 1920w, https:\/\/partizani.al\/sq\/wp-content\/uploads\/2024\/09\/GJK_8623-899x600.jpg 899w, https:\/\/partizani.al\/sq\/wp-content\/uploads\/2024\/09\/GJK_8623-1140x760.jpg 1140w, https:\/\/partizani.al\/sq\/wp-content\/uploads\/2024\/09\/GJK_8623-200x133.jpg 200w, https:\/\/partizani.al\/sq\/wp-content\/uploads\/2024\/09\/GJK_8623-450x300.jpg 450w\" sizes=\"auto, (max-width: 2560px) 100vw, 2560px\" \/>Keni mjaftuesh\u00ebm informacion p\u00ebr Tiran\u00ebn \u2013 <\/strong><\/p>\n<p><strong>Veselinovi\u00e7:<\/strong> N\u00eb k\u00ebt\u00eb moment nuk d\u00ebshiroj t\u00eb flas p\u00ebr Tiran\u00ebn. Dua t\u00eb them q\u00eb ata kan\u00eb mjaft lojtar\u00eb t\u00eb mir\u00eb t\u00eb rinj, jan\u00eb nj\u00eb skuad\u00ebr e re. E thash q\u00eb ne i respektojm\u00eb ata, por duhet t\u00eb mendojm\u00eb p\u00ebr veten ton\u00eb dhe jemi t\u00eb fokusuar vet\u00ebm n\u00eb pun\u00ebn ton\u00eb.<\/p>\n<p><strong>Tirana vjen n\u00eb k\u00ebt\u00eb p\u00ebrballje pas 5 barazimesh \u2013 <\/strong><\/p>\n<p><strong>Veselinovi\u00e7:<\/strong> \u00c7do ndeshje q\u00eb vjen \u00ebsht\u00eb ndryshe. E kam p\u00ebrmenduar edhe n\u00eb konferec\u00ebn e fundit \u00e7do pik\u00eb e fituar n\u00eb k\u00ebt\u00eb kampionat \u00ebsht\u00eb shum\u00eb e r\u00ebnd\u00ebsishme. Elbasani n\u00eb minut\u00ebn e fundit humbi penallti, Dinamo City n\u00eb minut\u00ebn e fundit sh\u00ebnoj golin e dyt\u00eb. N\u00eb \u00e7do ndeshje ne duhet t\u00eb p\u00ebrmir\u00ebsohemi m\u00eb shum\u00eb dhe t\u00eb marrim m\u00eb t\u00eb mir\u00ebn e mundshme. Un\u00eb jam nj\u00eb trajner q\u00eb mendoj vet\u00ebm p\u00ebr skuadr\u00ebn time. P\u00ebrpiqemi \u00e7do dit\u00eb n\u00eb st\u00ebrvitje q\u00eb t\u00eb p\u00ebrmir\u00ebsohemi gjithnj\u00eb e m\u00eb shum\u00eb.<\/p>\n<p><img loading=\"lazy\" decoding=\"async\" class=\"alignnone size-full wp-image-57585\" src=\"https:\/\/partizani.al\/sq\/wp-content\/uploads\/2024\/09\/GJK_8640.jpg\" alt=\"\" width=\"1919\" height=\"1280\" srcset=\"https:\/\/partizani.al\/sq\/wp-content\/uploads\/2024\/09\/GJK_8640.jpg 1919w, https:\/\/partizani.al\/sq\/wp-content\/uploads\/2024\/09\/GJK_8640-300x200.jpg 300w, https:\/\/partizani.al\/sq\/wp-content\/uploads\/2024\/09\/GJK_8640-1024x683.jpg 1024w, https:\/\/partizani.al\/sq\/wp-content\/uploads\/2024\/09\/GJK_8640-768x512.jpg 768w, https:\/\/partizani.al\/sq\/wp-content\/uploads\/2024\/09\/GJK_8640-1536x1025.jpg 1536w, https:\/\/partizani.al\/sq\/wp-content\/uploads\/2024\/09\/GJK_8640-128x85.jpg 128w, https:\/\/partizani.al\/sq\/wp-content\/uploads\/2024\/09\/GJK_8640-32x21.jpg 32w, https:\/\/partizani.al\/sq\/wp-content\/uploads\/2024\/09\/GJK_8640-500x334.jpg 500w, https:\/\/partizani.al\/sq\/wp-content\/uploads\/2024\/09\/GJK_8640-800x534.jpg 800w, https:\/\/partizani.al\/sq\/wp-content\/uploads\/2024\/09\/GJK_8640-1280x854.jpg 1280w, https:\/\/partizani.al\/sq\/wp-content\/uploads\/2024\/09\/GJK_8640-900x600.jpg 900w, https:\/\/partizani.al\/sq\/wp-content\/uploads\/2024\/09\/GJK_8640-1140x760.jpg 1140w, https:\/\/partizani.al\/sq\/wp-content\/uploads\/2024\/09\/GJK_8640-200x133.jpg 200w, https:\/\/partizani.al\/sq\/wp-content\/uploads\/2024\/09\/GJK_8640-450x300.jpg 450w\" sizes=\"auto, (max-width: 1919px) 100vw, 1919px\" \/><\/p>\n<p><strong>Tirana ka ndryshuar shum\u00eb, sa e ndihmon Partizanin ky fakt \u2013 <\/strong><\/p>\n<p><strong>Veselinovi\u00e7:<\/strong> Tirana \u00ebsht\u00eb nj\u00eb klub i madh. Jam i sigurt\u00eb q\u00eb njer\u00ebzit q\u00eb punojn\u00eb aty jan\u00eb serioz\u00eb. Ata kan\u00eb b\u00ebr\u00eb p\u00ebrzgjedhjet e tyre p\u00ebr t\u00eb marr\u00eb m\u00eb t\u00eb mir\u00ebn\u00a0 n\u00eb objektivat q\u00eb kan\u00eb. Por un\u00eb jam pjes\u00eb e Partizanit dhe m\u00eb duhet t\u00eb mendoj p\u00ebr skuadr\u00ebn time p\u00ebr klubin tim. Jam i fokusuar vet\u00ebm te Partizani.<\/p>\n<p><strong>Ka presion te Partizani p\u00ebrpara k\u00ebsaj ndeshje \u2013 <\/strong><\/p>\n<p><strong>Veselinovi\u00e7:<\/strong> Nes\u00ebr do t\u00eb jet\u00eb nj\u00eb dit\u00eb feste, nuk ka presion p\u00ebr k\u00ebt\u00eb ndeshje. Un\u00eb nuk ndjej apo shoh t\u00eb ket\u00eb presion , un\u00eb ndjej di\u00e7ka festive. T\u00eb gjith\u00eb ata q\u00eb do t\u00eb jen\u00eb nes\u00ebr t\u00eb pranish\u00ebm n\u00eb stadium, trajner\u00ebt,\u00a0 lojtar\u00ebt n\u00eb fush\u00eb dhe tifoz\u00ebt n\u00eb tribuna duhet ta p\u00ebrjetojn\u00eb k\u00ebt\u00eb ndeshje si nj\u00eb fest\u00eb. Lojtar\u00ebt tan\u00eb dhe ata t\u00eb Tiran\u00ebs do t\u00eb jen\u00eb aktor\u00ebt n\u00eb fush\u00eb, nd\u00ebrsa njer\u00ebzit q\u00eb do t\u00eb vijn\u00eb do t\u00eb mund ta shijojn\u00eb k\u00ebt\u00eb shfaqe. Personalisht e p\u00ebrjetoj k\u00ebt\u00eb ndeshje pa presion, nes\u00ebr do t\u00eb jet\u00eb nj\u00eb dit\u00eb fest\u00eb dhe k\u00ebt\u00eb p\u00ebrpiqem tia p\u00ebrcjell edhe lojtar\u00ebve.<\/p>\n<p><img loading=\"lazy\" decoding=\"async\" class=\"alignnone size-full wp-image-57586\" src=\"https:\/\/partizani.al\/sq\/wp-content\/uploads\/2024\/09\/GJK_8634.jpg\" alt=\"\" width=\"1919\" height=\"1280\" srcset=\"https:\/\/partizani.al\/sq\/wp-content\/uploads\/2024\/09\/GJK_8634.jpg 1919w, https:\/\/partizani.al\/sq\/wp-content\/uploads\/2024\/09\/GJK_8634-300x200.jpg 300w, https:\/\/partizani.al\/sq\/wp-content\/uploads\/2024\/09\/GJK_8634-1024x683.jpg 1024w, https:\/\/partizani.al\/sq\/wp-content\/uploads\/2024\/09\/GJK_8634-768x512.jpg 768w, https:\/\/partizani.al\/sq\/wp-content\/uploads\/2024\/09\/GJK_8634-1536x1025.jpg 1536w, https:\/\/partizani.al\/sq\/wp-content\/uploads\/2024\/09\/GJK_8634-128x85.jpg 128w, https:\/\/partizani.al\/sq\/wp-content\/uploads\/2024\/09\/GJK_8634-32x21.jpg 32w, https:\/\/partizani.al\/sq\/wp-content\/uploads\/2024\/09\/GJK_8634-500x334.jpg 500w, https:\/\/partizani.al\/sq\/wp-content\/uploads\/2024\/09\/GJK_8634-800x534.jpg 800w, https:\/\/partizani.al\/sq\/wp-content\/uploads\/2024\/09\/GJK_8634-1280x854.jpg 1280w, https:\/\/partizani.al\/sq\/wp-content\/uploads\/2024\/09\/GJK_8634-900x600.jpg 900w, https:\/\/partizani.al\/sq\/wp-content\/uploads\/2024\/09\/GJK_8634-1140x760.jpg 1140w, https:\/\/partizani.al\/sq\/wp-content\/uploads\/2024\/09\/GJK_8634-200x133.jpg 200w, https:\/\/partizani.al\/sq\/wp-content\/uploads\/2024\/09\/GJK_8634-450x300.jpg 450w\" sizes=\"auto, (max-width: 1919px) 100vw, 1919px\" \/><\/p>\n","protected":false},"excerpt":{"rendered":"<p>Si e pret Partizani derbin dhe si \u00ebsht\u00eb gjendja e skuadr\u00ebs &#8211; \u00a0 Veselinovi\u00e7: Esht\u00eb shum\u00eb e r\u00ebnd\u00ebsishme ta them edhe pse kam pak koh\u00eb n\u00eb k\u00ebtu. Nes\u00ebr do t\u00eb&#8230;<\/p>\n","protected":false},"author":1,"featured_media":57586,"comment_status":"closed","ping_status":"closed","sticky":false,"template":"","format":"standard","meta":{"_seopress_robots_primary_cat":"none","_seopress_titles_title":"","_seopress_titles_desc":"","_seopress_robots_index":"","_vp_format_video_url":"","_vp_image_focal_point":[],"footnotes":""},"categories":[107],"tags":[],"class_list":["post-57581","post","type-post","status-publish","format-standard","has-post-thumbnail","hentry","category-ekipi_i_pare"],"_links":{"self":[{"href":"https:\/\/partizani.al\/sq\/wp-json\/wp\/v2\/posts\/57581","targetHints":{"allow":["GET"]}}],"collection":[{"href":"https:\/\/partizani.al\/sq\/wp-json\/wp\/v2\/posts"}],"about":[{"href":"https:\/\/partizani.al\/sq\/wp-json\/wp\/v2\/types\/post"}],"author":[{"embeddable":true,"href":"https:\/\/partizani.al\/sq\/wp-json\/wp\/v2\/users\/1"}],"replies":[{"embeddable":true,"href":"https:\/\/partizani.al\/sq\/wp-json\/wp\/v2\/comments?post=57581"}],"version-history":[{"count":1,"href":"https:\/\/partizani.al\/sq\/wp-json\/wp\/v2\/posts\/57581\/revisions"}],"predecessor-version":[{"id":57587,"href":"https:\/\/partizani.al\/sq\/wp-json\/wp\/v2\/posts\/57581\/revisions\/57587"}],"wp:featuredmedia":[{"embeddable":true,"href":"https:\/\/partizani.al\/sq\/wp-json\/wp\/v2\/media\/57586"}],"wp:attachment":[{"href":"https:\/\/partizani.al\/sq\/wp-json\/wp\/v2\/media?parent=57581"}],"wp:term":[{"taxonomy":"category","embeddable":true,"href":"https:\/\/partizani.al\/sq\/wp-json\/wp\/v2\/categories?post=57581"},{"taxonomy":"post_tag","embeddable":true,"href":"https:\/\/partizani.al\/sq\/wp-json\/wp\/v2\/tags?post=57581"}],"curies":[{"name":"wp","href":"https:\/\/api.w.org\/{rel}","templated":true}]}}