{"id":57491,"date":"2024-09-15T16:26:38","date_gmt":"2024-09-15T14:26:38","guid":{"rendered":"https:\/\/partizani.al\/sq\/?p=57491"},"modified":"2024-09-15T16:26:38","modified_gmt":"2024-09-15T14:26:38","slug":"konferenca-per-shtyp-e-trajnerit-aleksandar-veselinovic-ne-prag-te-takimit-ndaj-lacit","status":"publish","type":"post","link":"https:\/\/partizani.al\/sq\/konferenca-per-shtyp-e-trajnerit-aleksandar-veselinovic-ne-prag-te-takimit-ndaj-lacit\/","title":{"rendered":"Konferenca p\u00ebr shtyp e trajnerit Aleksandar Veselinovi\u00e7 n\u00eb prag t\u00eb takimit ndaj La\u00e7it"},"content":{"rendered":"<p><strong>\u00c7far\u00eb mendoni t\u00eb ndryshoni nga ndeshja me Dinamon &#8211; <\/strong><em>\u00a0<\/em><\/p>\n<p><strong>Veselinovi\u00e7:<\/strong> \u00c7do kund\u00ebrshtar \u00ebsht\u00eb i ndrysh\u00ebm. Dinamo \u00ebsht\u00eb nj\u00eb ekip ndryshe nga La\u00e7i dhe \u00e7do p\u00ebrgatitje p\u00ebr kund\u00ebrshtarin e radh\u00ebs \u00ebsht\u00eb ndryshe. Nj\u00eb prej situatave \u00ebsht\u00eb q\u00eb koha \u00ebsht\u00eb mjaft e shkurt\u00ebr p\u00ebr t\u00eb p\u00ebrgatitur ndeshjen me La\u00e7in. Nj\u00eb ndryshim mjaft i madh \u00ebsht\u00eb edhe fusha e La\u00e7it e cila \u00ebsht\u00eb me bar natyral, nd\u00ebrsa ne punojn\u00eb dhe st\u00ebrvitemi n\u00eb terren me bar artificial. Nj\u00eb tjet\u00ebr situat\u00eb jan\u00eb edhe reshjet e shiut q\u00eb kan\u00eb r\u00ebn\u00eb gjat\u00eb k\u00ebtyre dit\u00ebve dhe ne kemi punuar si ti p\u00ebrshtatemi terrenit n\u00eb La\u00e7. Kemi analizuar k\u00ebto dit\u00eb ndeshjen me Dinamon dhe kemi nxjerr konkluzionet \u00e7far\u00eb \u00ebsht\u00eb b\u00ebr\u00eb mir\u00eb dhe \u00e7far\u00eb nuk ka shkuar mir\u00eb. Ne k\u00ebrkojm\u00eb q\u00eb ndeshje pas ndeshje t\u00eb b\u00ebjm\u00eb gjithmon\u00eb m\u00eb mir\u00eb. \u00c7do trajner p\u00ebrfshir\u00eb edhe mua k\u00ebrkon t\u00eb b\u00ebj\u00eb gjith\u00e7ka perfekt, por \u00ebsht\u00eb e pamundur q\u00eb gjithmon\u00eb t\u00eb b\u00ebsh nj\u00eb ndeshje p\u00ebrfekte gjat\u00eb gjith\u00eb 90 minutave. Ndeshja me Dinamon mendoj se ishte e nj\u00eb niveli t\u00eb mir\u00eb , por n\u00eb disa momente ne mund t\u00eb b\u00ebnin edhe m\u00eb mir\u00eb.<\/p>\n<p><strong><img loading=\"lazy\" decoding=\"async\" class=\"alignnone size-full wp-image-57486\" src=\"https:\/\/partizani.al\/sq\/wp-content\/uploads\/2022\/11\/GJK_7862.jpg\" alt=\"\" width=\"1919\" height=\"1280\" srcset=\"https:\/\/partizani.al\/sq\/wp-content\/uploads\/2022\/11\/GJK_7862.jpg 1919w, https:\/\/partizani.al\/sq\/wp-content\/uploads\/2022\/11\/GJK_7862-300x200.jpg 300w, https:\/\/partizani.al\/sq\/wp-content\/uploads\/2022\/11\/GJK_7862-1024x683.jpg 1024w, https:\/\/partizani.al\/sq\/wp-content\/uploads\/2022\/11\/GJK_7862-768x512.jpg 768w, https:\/\/partizani.al\/sq\/wp-content\/uploads\/2022\/11\/GJK_7862-1536x1025.jpg 1536w, https:\/\/partizani.al\/sq\/wp-content\/uploads\/2022\/11\/GJK_7862-128x85.jpg 128w, https:\/\/partizani.al\/sq\/wp-content\/uploads\/2022\/11\/GJK_7862-32x21.jpg 32w, https:\/\/partizani.al\/sq\/wp-content\/uploads\/2022\/11\/GJK_7862-500x334.jpg 500w, https:\/\/partizani.al\/sq\/wp-content\/uploads\/2022\/11\/GJK_7862-800x534.jpg 800w, https:\/\/partizani.al\/sq\/wp-content\/uploads\/2022\/11\/GJK_7862-1280x854.jpg 1280w, https:\/\/partizani.al\/sq\/wp-content\/uploads\/2022\/11\/GJK_7862-900x600.jpg 900w, https:\/\/partizani.al\/sq\/wp-content\/uploads\/2022\/11\/GJK_7862-1140x760.jpg 1140w, https:\/\/partizani.al\/sq\/wp-content\/uploads\/2022\/11\/GJK_7862-200x133.jpg 200w, https:\/\/partizani.al\/sq\/wp-content\/uploads\/2022\/11\/GJK_7862-450x300.jpg 450w\" sizes=\"auto, (max-width: 1919px) 100vw, 1919px\" \/>La\u00e7i \u00ebsht\u00eb nj\u00eb skuad\u00ebr me vet\u00ebm 2 pik\u00eb. prisni nj\u00eb ndeshje t\u00eb v\u00ebshtir\u00eb <\/strong>\u2013<\/p>\n<p><strong>Veselinovi\u00e7:<\/strong> N\u00eb opinionin tim edhe pse nuk jam ndeshur me La\u00e7in, \u00ebsht\u00eb nj\u00eb skuad\u00ebr t\u00eb cil\u00ebn e respektoj si t\u00eb gjitha ekipet e tjera t\u00eb kampionatit. Mendoj se me at\u00eb q\u00eb La\u00e7i ka treguar n\u00eb k\u00ebto 4 jav\u00eb loja apo performanca q\u00eb kan\u00eb treguar n\u00eb fush\u00eb\u00a0 nuk i p\u00ebrgjigjen pik\u00ebve q\u00eb ka aktualisht. N\u00ebse do ti analizonim ndeshjet e tyre ata kan\u00eb luajtur si t\u00eb barabart\u00eb me t\u00eb gjith\u00eb kund\u00ebrshtar\u00ebt dhe \u00e7do ndeshje e kan\u00eb interpretuar mjaft mir\u00eb.<\/p>\n<p><strong>Nes\u00ebr Partizani e ka grupin t\u00eb plot\u00eb \u2013 <\/strong><\/p>\n<p><strong>Veselinovi\u00e7:<\/strong> Pas pak do t\u00eb zhvillojm\u00eb seanc\u00ebn e fundit, n\u00eb p\u00ebrfundim do t\u00eb kem ide m\u00eb t\u00eb qarta p\u00ebr t\u00eb gjith\u00eb lojtar\u00ebt,p\u00ebr gjendjen e tyre fizike. Shpresoj q\u00eb grupi t\u00eb jet\u00eb i gatsh\u00ebm pasi disa lojtar\u00eb kan\u00eb patur probleme, disa t\u00eb tjer\u00eb kan\u00eb kaluar viroza , ndaj momentalisht nuk mund t\u00eb them cil\u00ebt do t\u00eb jen\u00eb t\u00eb gatsh\u00ebm p\u00ebr nes\u00ebr. Un\u00eb jam nj\u00eb trajner q\u00eb k\u00ebrkon t\u00eb hedh n\u00eb fush\u00eb lojtar\u00ebt q\u00eb jan\u00eb n\u00eb 100%\u00a0 e tyre fizikisht. Partizani \u00ebsht\u00eb nj\u00eb klub profesionist dhe ne duhet t\u00eb marrim n\u00eb konsiderat\u00eb edhe detajet m\u00eb t\u00eb vogla jo vet\u00ebm p\u00ebr lojtar\u00ebt , por n\u00eb rastin konkret edhe p\u00ebr kushtet atmosferike n\u00eb t\u00eb cilat do t\u00eb luajm\u00eb nes\u00ebr. Ndeshja me Dinamon ishte nj\u00eb ndeshje shum\u00eb e fort\u00eb. Pas ndeshjes disa lojtar\u00eb ishin t\u00eb lodhur pasi shpenzuan shum\u00eb energji. Gjithsesi ne duhet t\u00eb p\u00ebrmendin faktin se e nj\u00ebjta gj\u00eb \u00ebsht\u00eb edhe p\u00ebr kund\u00ebrshtar\u00ebt dhe ne jemi gati p\u00ebr t\u00eb gjitha situatat.<\/p>\n<p><strong><img loading=\"lazy\" decoding=\"async\" class=\"alignnone size-full wp-image-57488\" src=\"https:\/\/partizani.al\/sq\/wp-content\/uploads\/2022\/11\/GJK_7877.jpg\" alt=\"\" width=\"1919\" height=\"1280\" srcset=\"https:\/\/partizani.al\/sq\/wp-content\/uploads\/2022\/11\/GJK_7877.jpg 1919w, https:\/\/partizani.al\/sq\/wp-content\/uploads\/2022\/11\/GJK_7877-300x200.jpg 300w, https:\/\/partizani.al\/sq\/wp-content\/uploads\/2022\/11\/GJK_7877-1024x683.jpg 1024w, https:\/\/partizani.al\/sq\/wp-content\/uploads\/2022\/11\/GJK_7877-768x512.jpg 768w, https:\/\/partizani.al\/sq\/wp-content\/uploads\/2022\/11\/GJK_7877-1536x1025.jpg 1536w, https:\/\/partizani.al\/sq\/wp-content\/uploads\/2022\/11\/GJK_7877-128x85.jpg 128w, https:\/\/partizani.al\/sq\/wp-content\/uploads\/2022\/11\/GJK_7877-32x21.jpg 32w, https:\/\/partizani.al\/sq\/wp-content\/uploads\/2022\/11\/GJK_7877-500x334.jpg 500w, https:\/\/partizani.al\/sq\/wp-content\/uploads\/2022\/11\/GJK_7877-800x534.jpg 800w, https:\/\/partizani.al\/sq\/wp-content\/uploads\/2022\/11\/GJK_7877-1280x854.jpg 1280w, https:\/\/partizani.al\/sq\/wp-content\/uploads\/2022\/11\/GJK_7877-900x600.jpg 900w, https:\/\/partizani.al\/sq\/wp-content\/uploads\/2022\/11\/GJK_7877-1140x760.jpg 1140w, https:\/\/partizani.al\/sq\/wp-content\/uploads\/2022\/11\/GJK_7877-200x133.jpg 200w, https:\/\/partizani.al\/sq\/wp-content\/uploads\/2022\/11\/GJK_7877-450x300.jpg 450w\" sizes=\"auto, (max-width: 1919px) 100vw, 1919px\" \/>Sa ndikon n\u00eb loj\u00ebn e Partizanit fakti q\u00eb mbrojt\u00ebsit jan\u00eb n\u00eb nj\u00eb mosh\u00eb shum\u00eb t\u00eb re &#8211;\u00a0\u00a0\u00a0\u00a0 \u00a0\u00a0\u00a0\u00a0\u00a0\u00a0\u00a0<\/strong><\/p>\n<p><strong>Veselinovi\u00e7:<\/strong> Po \u00ebsht\u00eb e v\u00ebrtet\u00eb q\u00eb reparti i mbrojtjes nuk ka shum\u00eb eksperienc\u00eb, pasi jan\u00eb lojtar\u00eb n\u00eb mosh\u00eb mjaft t\u00eb re. T\u00eb gjith\u00eb mbrojt\u00ebsit Saliu, Byty\u00e7i , Preka Janjeva jan\u00eb t\u00eb rinj dhe detyra e \u00e7do trajneri q\u00eb punon me lojtar t\u00eb rinj \u00ebsht\u00eb ti mb\u00ebshtes ata. Detyra ime \u00ebsht\u00eb ti mb\u00ebshtes gjithmon\u00eb sepse kan\u00eb nevoj\u00eb. Sigurisht ata mund t\u00eb b\u00ebjn\u00eb edhe gabime, por \u00e7do kush q\u00eb luan futboll mund t\u00eb b\u00ebj\u00eb gabime. Jo \u00e7do lojtar i ri ka mund\u00ebsi t\u00eb jet\u00eb pjes\u00eb e Partizanit. Ne p\u00ebrpiqemi q\u00eb t\u00eb jemi pran\u00eb tyre. Kjo periudh\u00eb e tyre si pjes\u00eb e Partizanit mund t\u00eb ndryshoj\u00eb jet\u00ebn e tyre. Mendoj se \u00e7do lojtar i ri shqiptar duhet t\u00eb jet\u00eb krenar q\u00eb luan p\u00ebr Partizanin. Ata p\u00ebrpiqen shum\u00eb n\u00eb st\u00ebrvitje, jan\u00eb shum\u00eb t\u00eb motivuar dhe p\u00ebr k\u00ebt\u00eb un\u00eb jam shum\u00eb i k\u00ebnaqur, pasi i shoh se si m\u00ebsojn\u00eb dhe k\u00ebrkojn\u00eb t\u00eb p\u00ebrmir\u00ebsohen \u00e7do dit\u00eb.<\/p>\n<p><strong><img loading=\"lazy\" decoding=\"async\" class=\"alignnone size-full wp-image-57487\" src=\"https:\/\/partizani.al\/sq\/wp-content\/uploads\/2022\/11\/GJK_7868.jpg\" alt=\"\" width=\"1919\" height=\"1280\" srcset=\"https:\/\/partizani.al\/sq\/wp-content\/uploads\/2022\/11\/GJK_7868.jpg 1919w, https:\/\/partizani.al\/sq\/wp-content\/uploads\/2022\/11\/GJK_7868-300x200.jpg 300w, https:\/\/partizani.al\/sq\/wp-content\/uploads\/2022\/11\/GJK_7868-1024x683.jpg 1024w, https:\/\/partizani.al\/sq\/wp-content\/uploads\/2022\/11\/GJK_7868-768x512.jpg 768w, https:\/\/partizani.al\/sq\/wp-content\/uploads\/2022\/11\/GJK_7868-1536x1025.jpg 1536w, https:\/\/partizani.al\/sq\/wp-content\/uploads\/2022\/11\/GJK_7868-128x85.jpg 128w, https:\/\/partizani.al\/sq\/wp-content\/uploads\/2022\/11\/GJK_7868-32x21.jpg 32w, https:\/\/partizani.al\/sq\/wp-content\/uploads\/2022\/11\/GJK_7868-500x334.jpg 500w, https:\/\/partizani.al\/sq\/wp-content\/uploads\/2022\/11\/GJK_7868-800x534.jpg 800w, https:\/\/partizani.al\/sq\/wp-content\/uploads\/2022\/11\/GJK_7868-1280x854.jpg 1280w, https:\/\/partizani.al\/sq\/wp-content\/uploads\/2022\/11\/GJK_7868-900x600.jpg 900w, https:\/\/partizani.al\/sq\/wp-content\/uploads\/2022\/11\/GJK_7868-1140x760.jpg 1140w, https:\/\/partizani.al\/sq\/wp-content\/uploads\/2022\/11\/GJK_7868-200x133.jpg 200w, https:\/\/partizani.al\/sq\/wp-content\/uploads\/2022\/11\/GJK_7868-450x300.jpg 450w\" sizes=\"auto, (max-width: 1919px) 100vw, 1919px\" \/>Si ju duket niveli i futbollit shqiptar Kategoria Superiore \u2013 <\/strong><\/p>\n<p><strong>Veselinovi\u00e7:<\/strong> Gjimon\u00eb flitet p\u00ebr nivelin e futbollit. Kemi 5 kampionate m\u00eb cil\u00ebsore, Angli, Spanj\u00eb, Gjermani, Itali, Franc\u00eb q\u00eb jan\u00eb niveli m\u00eb i lart\u00eb. Kam punuar n\u00eb Arabin\u00eb Saudite dhe tani futbolli atje pozicionohet n\u00eb vendin e 8 t\u00eb klasifikimit t\u00eb Fifa- s nj\u00eb arritje fantastike. Edhe n\u00eb shtetet e tjera si Turqia e me radh\u00eb niveli futbollit \u00ebsht\u00eb mjaft i mir\u00eb. K\u00ebtu n\u00eb Shqip\u00ebri ajo q\u00eb \u00ebsht\u00eb mjaft pozitive p\u00ebr nivelin e futbollit \u00ebsht\u00eb fakti se askush nuk mund t\u00eb thot\u00eb me bindje q\u00eb neser mund t\u00eb fitoj ndeshjen. T\u00eb gjitha ndeshjet jan\u00eb shum\u00eb t\u00eb v\u00ebshtira. P\u00ebr mua \u00e7do pik\u00eb e marr\u00eb n\u00eb kategorin\u00eb superiore \u00ebsht\u00eb flori. Ne mund\u00ebm Teut\u00ebn mor\u00ebm 3 pik\u00eb , nd\u00ebrkoh\u00eb q\u00eb Teuta fitoj n\u00eb\u00a0 kor\u00e7\u00eb ndaj Sk\u00ebnd\u00ebrbeut. Bylis \u2013 Tirana nj\u00eb ndeshje ku rezultati u p\u00ebrmbys disa her\u00eb. Dua ti p\u00ebrg\u00ebzoj t\u00eb gjitha skuadrat, komplimente p\u00ebr at\u00eb \u00e7ka dhurojn\u00eb n\u00eb ndeshje. E p\u00ebrs\u00ebris edhe pse kam pak koh\u00eb k\u00ebtu askush nuk mund t\u00eb thot\u00eb q\u00eb nes\u00ebr na pret nj\u00eb ndeshje e leht\u00eb. Ky \u00ebsht\u00eb nj\u00eb bonus shum\u00eb i madh p\u00ebr futbollin shqiptar dhe sidomos p\u00ebr lojtar\u00ebt e rinj, pasi \u00e7do jav\u00eb i pret nj\u00eb ndeshje shum\u00eb e fort\u00eb. Ky fakt \u00ebsht\u00eb shum\u00eb pozitiv dhe progres p\u00ebr futbollin. Tabela e klasifikimit \u00ebsht\u00eb nj\u00eb tjet\u00ebr tregues pasi pas kat\u00ebr jav\u00ebsh skuadrat q\u00eb kryesojn\u00eb kan\u00eb 7 pik\u00eb nga 12-t\u00eb t\u00eb mundshmet nd\u00ebrsa diferenca me skuadrat e vendit t\u00eb shtat\u00eb apo t\u00eb tet\u00eb \u00ebsht\u00eb vet\u00ebm 3 pik\u00eb. Ndaj jam i sigurt\u00eb n\u00eb at\u00eb q\u00eb citova pak m\u00eb pare, \u00e7do pik\u00eb e fituar \u00ebsht\u00eb flori.<\/p>\n<p><img loading=\"lazy\" decoding=\"async\" class=\"alignnone size-full wp-image-57490\" src=\"https:\/\/partizani.al\/sq\/wp-content\/uploads\/2022\/11\/GJK_7897.jpg\" alt=\"\" width=\"854\" height=\"1280\" srcset=\"https:\/\/partizani.al\/sq\/wp-content\/uploads\/2022\/11\/GJK_7897.jpg 854w, https:\/\/partizani.al\/sq\/wp-content\/uploads\/2022\/11\/GJK_7897-200x300.jpg 200w, https:\/\/partizani.al\/sq\/wp-content\/uploads\/2022\/11\/GJK_7897-683x1024.jpg 683w, https:\/\/partizani.al\/sq\/wp-content\/uploads\/2022\/11\/GJK_7897-768x1151.jpg 768w, https:\/\/partizani.al\/sq\/wp-content\/uploads\/2022\/11\/GJK_7897-85x128.jpg 85w, https:\/\/partizani.al\/sq\/wp-content\/uploads\/2022\/11\/GJK_7897-21x32.jpg 21w, https:\/\/partizani.al\/sq\/wp-content\/uploads\/2022\/11\/GJK_7897-500x749.jpg 500w, https:\/\/partizani.al\/sq\/wp-content\/uploads\/2022\/11\/GJK_7897-800x1199.jpg 800w, https:\/\/partizani.al\/sq\/wp-content\/uploads\/2022\/11\/GJK_7897-400x600.jpg 400w, https:\/\/partizani.al\/sq\/wp-content\/uploads\/2022\/11\/GJK_7897-761x1140.jpg 761w, https:\/\/partizani.al\/sq\/wp-content\/uploads\/2022\/11\/GJK_7897-133x200.jpg 133w, https:\/\/partizani.al\/sq\/wp-content\/uploads\/2022\/11\/GJK_7897-300x450.jpg 300w\" sizes=\"auto, (max-width: 854px) 100vw, 854px\" \/><\/p>\n","protected":false},"excerpt":{"rendered":"<p>\u00c7far\u00eb mendoni t\u00eb ndryshoni nga ndeshja me Dinamon &#8211; \u00a0 Veselinovi\u00e7: \u00c7do kund\u00ebrshtar \u00ebsht\u00eb i ndrysh\u00ebm. Dinamo \u00ebsht\u00eb nj\u00eb ekip ndryshe nga La\u00e7i dhe \u00e7do p\u00ebrgatitje p\u00ebr kund\u00ebrshtarin e radh\u00ebs&#8230;<\/p>\n","protected":false},"author":1,"featured_media":57489,"comment_status":"closed","ping_status":"closed","sticky":false,"template":"","format":"standard","meta":{"_seopress_robots_primary_cat":"none","_seopress_titles_title":"","_seopress_titles_desc":"","_seopress_robots_index":"","_vp_format_video_url":"","_vp_image_focal_point":[],"footnotes":""},"categories":[107],"tags":[],"class_list":["post-57491","post","type-post","status-publish","format-standard","has-post-thumbnail","hentry","category-ekipi_i_pare"],"_links":{"self":[{"href":"https:\/\/partizani.al\/sq\/wp-json\/wp\/v2\/posts\/57491","targetHints":{"allow":["GET"]}}],"collection":[{"href":"https:\/\/partizani.al\/sq\/wp-json\/wp\/v2\/posts"}],"about":[{"href":"https:\/\/partizani.al\/sq\/wp-json\/wp\/v2\/types\/post"}],"author":[{"embeddable":true,"href":"https:\/\/partizani.al\/sq\/wp-json\/wp\/v2\/users\/1"}],"replies":[{"embeddable":true,"href":"https:\/\/partizani.al\/sq\/wp-json\/wp\/v2\/comments?post=57491"}],"version-history":[{"count":1,"href":"https:\/\/partizani.al\/sq\/wp-json\/wp\/v2\/posts\/57491\/revisions"}],"predecessor-version":[{"id":57494,"href":"https:\/\/partizani.al\/sq\/wp-json\/wp\/v2\/posts\/57491\/revisions\/57494"}],"wp:featuredmedia":[{"embeddable":true,"href":"https:\/\/partizani.al\/sq\/wp-json\/wp\/v2\/media\/57489"}],"wp:attachment":[{"href":"https:\/\/partizani.al\/sq\/wp-json\/wp\/v2\/media?parent=57491"}],"wp:term":[{"taxonomy":"category","embeddable":true,"href":"https:\/\/partizani.al\/sq\/wp-json\/wp\/v2\/categories?post=57491"},{"taxonomy":"post_tag","embeddable":true,"href":"https:\/\/partizani.al\/sq\/wp-json\/wp\/v2\/tags?post=57491"}],"curies":[{"name":"wp","href":"https:\/\/api.w.org\/{rel}","templated":true}]}}