{"id":57361,"date":"2024-09-11T19:32:13","date_gmt":"2024-09-11T17:32:13","guid":{"rendered":"https:\/\/partizani.al\/sq\/?p=57361"},"modified":"2024-09-11T19:32:13","modified_gmt":"2024-09-11T17:32:13","slug":"konferenca-per-shtyp-e-trajnerit-aleksandar-veselinovic-ne-prag-te-takimit-ndaj-dinamo-city","status":"publish","type":"post","link":"https:\/\/partizani.al\/sq\/konferenca-per-shtyp-e-trajnerit-aleksandar-veselinovic-ne-prag-te-takimit-ndaj-dinamo-city\/","title":{"rendered":"Konferenca p\u00ebr shtyp e trajnerit Aleksandar Veselinovi\u00e7 n\u00eb prag t\u00eb takimit ndaj Dinamo City"},"content":{"rendered":"<p><strong>Sa ju ka sh\u00ebrbyer nd\u00ebrprerja e kampionatit\u00a0 dhe si paraqitet gjendja e skuadr\u00ebs &#8211; <\/strong><em>\u00a0<\/em><\/p>\n<p><strong>Veselinovi\u00e7:<\/strong> Pas ndeshjes me Teut\u00ebn vet\u00ebm sot na bashkohen Hadroj, Zeka dhe Ismaili. Tre dit\u00eb m\u00eb par\u00eb grupit iu bashkua Buxhelaj dhe Preka pas imenjimeve me ekipin p\u00ebrfaq\u00ebsues U-21 dhe sot p\u00ebr her\u00eb t\u00eb par\u00eb do ta kem grupin e plot\u00eb duke shpresuar q\u00eb lojtar\u00ebt t\u00eb jen\u00eb fizikisht mir\u00eb.<\/p>\n<p><strong><img loading=\"lazy\" decoding=\"async\" class=\"alignnone size-full wp-image-57364\" src=\"https:\/\/partizani.al\/sq\/wp-content\/uploads\/2024\/09\/GJK_6907.jpg\" alt=\"\" width=\"1919\" height=\"1280\" srcset=\"https:\/\/partizani.al\/sq\/wp-content\/uploads\/2024\/09\/GJK_6907.jpg 1919w, https:\/\/partizani.al\/sq\/wp-content\/uploads\/2024\/09\/GJK_6907-300x200.jpg 300w, https:\/\/partizani.al\/sq\/wp-content\/uploads\/2024\/09\/GJK_6907-1024x683.jpg 1024w, https:\/\/partizani.al\/sq\/wp-content\/uploads\/2024\/09\/GJK_6907-768x512.jpg 768w, https:\/\/partizani.al\/sq\/wp-content\/uploads\/2024\/09\/GJK_6907-1536x1025.jpg 1536w, https:\/\/partizani.al\/sq\/wp-content\/uploads\/2024\/09\/GJK_6907-128x85.jpg 128w, https:\/\/partizani.al\/sq\/wp-content\/uploads\/2024\/09\/GJK_6907-32x21.jpg 32w, https:\/\/partizani.al\/sq\/wp-content\/uploads\/2024\/09\/GJK_6907-500x334.jpg 500w, https:\/\/partizani.al\/sq\/wp-content\/uploads\/2024\/09\/GJK_6907-800x534.jpg 800w, https:\/\/partizani.al\/sq\/wp-content\/uploads\/2024\/09\/GJK_6907-1280x854.jpg 1280w, https:\/\/partizani.al\/sq\/wp-content\/uploads\/2024\/09\/GJK_6907-900x600.jpg 900w, https:\/\/partizani.al\/sq\/wp-content\/uploads\/2024\/09\/GJK_6907-1140x760.jpg 1140w, https:\/\/partizani.al\/sq\/wp-content\/uploads\/2024\/09\/GJK_6907-200x133.jpg 200w, https:\/\/partizani.al\/sq\/wp-content\/uploads\/2024\/09\/GJK_6907-450x300.jpg 450w\" sizes=\"auto, (max-width: 1919px) 100vw, 1919px\" \/>Ndeshja me Dinamo City e cila tashm\u00eb ka ndryshuar edhe trajnerin &#8211;\u00a0\u00a0\u00a0\u00a0 <\/strong><\/p>\n<p><strong>Veselinovi\u00e7:<\/strong> Fillimisht dua t\u00eb respektoj tradit\u00ebn dhe historin\u00eb e klubit t\u00eb futbollit Dinamo City. Mendoj se ata kan\u00eb punuar mir\u00eb dhe jan\u00eb p\u00ebrgatitur n\u00eb prag t\u00eb takimit q\u00eb do t\u00eb luajn\u00eb ndaj nesh. P\u00ebrsa i p\u00ebrket ndryshimit t\u00eb trajnerit, n\u00eb k\u00ebt\u00eb profesion trajner\u00ebt l\u00ebvizin, por jam i bindur q\u00eb \u00e7do trajner q\u00eb punon p\u00ebrpiqet t\u00eb jap maksimumin e tij dhe ta p\u00ebrgatis skuadr\u00ebn e tij me ide t\u00eb reja.<\/p>\n<p><strong>Do t\u00eb luhen 3 takime n\u00eb harkun e pak dit\u00ebve, mund t\u00eb jet\u00eb kjo problem p\u00ebr Partizanin &#8211;\u00a0 \u00a0<\/strong><\/p>\n<p><strong>Veselinovi\u00e7:<\/strong> Momentalisht q\u00eb flasim ne jemi fokusuar totalisht n\u00eb ndeshjen q\u00eb do t\u00eb luajm\u00eb ndaj Dinamo City. N\u00ebse e mbani mend n\u00eb daljen time t\u00eb par\u00eb p\u00ebr mediat kam theksuar se puna jon\u00eb do t\u00eb jet\u00eb hap pas hapi dhe do ti marrim ndeshjet nj\u00eb e nga nj\u00eb. Pas ndeshjes s\u00eb nes\u00ebrme do t\u00eb mendojm\u00eb p\u00ebr sfid\u00ebn e radh\u00ebs dhe situatat q\u00eb na presin. Mendoj se kjo situat\u00eb do t\u00eb jet\u00eb e nj\u00ebjt\u00eb p\u00ebr t\u00eb gjitha ekipet q\u00eb do t\u00eb duhet t\u00eb luajn\u00eb \u00e7do 3 -4 dit\u00eb.<\/p>\n<p><strong><img loading=\"lazy\" decoding=\"async\" class=\"alignnone size-full wp-image-57365\" src=\"https:\/\/partizani.al\/sq\/wp-content\/uploads\/2024\/09\/GJK_6902.jpg\" alt=\"\" width=\"1919\" height=\"1280\" srcset=\"https:\/\/partizani.al\/sq\/wp-content\/uploads\/2024\/09\/GJK_6902.jpg 1919w, https:\/\/partizani.al\/sq\/wp-content\/uploads\/2024\/09\/GJK_6902-300x200.jpg 300w, https:\/\/partizani.al\/sq\/wp-content\/uploads\/2024\/09\/GJK_6902-1024x683.jpg 1024w, https:\/\/partizani.al\/sq\/wp-content\/uploads\/2024\/09\/GJK_6902-768x512.jpg 768w, https:\/\/partizani.al\/sq\/wp-content\/uploads\/2024\/09\/GJK_6902-1536x1025.jpg 1536w, https:\/\/partizani.al\/sq\/wp-content\/uploads\/2024\/09\/GJK_6902-128x85.jpg 128w, https:\/\/partizani.al\/sq\/wp-content\/uploads\/2024\/09\/GJK_6902-32x21.jpg 32w, https:\/\/partizani.al\/sq\/wp-content\/uploads\/2024\/09\/GJK_6902-500x334.jpg 500w, https:\/\/partizani.al\/sq\/wp-content\/uploads\/2024\/09\/GJK_6902-800x534.jpg 800w, https:\/\/partizani.al\/sq\/wp-content\/uploads\/2024\/09\/GJK_6902-1280x854.jpg 1280w, https:\/\/partizani.al\/sq\/wp-content\/uploads\/2024\/09\/GJK_6902-900x600.jpg 900w, https:\/\/partizani.al\/sq\/wp-content\/uploads\/2024\/09\/GJK_6902-1140x760.jpg 1140w, https:\/\/partizani.al\/sq\/wp-content\/uploads\/2024\/09\/GJK_6902-200x133.jpg 200w, https:\/\/partizani.al\/sq\/wp-content\/uploads\/2024\/09\/GJK_6902-450x300.jpg 450w\" sizes=\"auto, (max-width: 1919px) 100vw, 1919px\" \/>Lojtar\u00ebt q\u00eb kan\u00eb shfaqur probleme si Taipi, Mitongo apo Zguro jan\u00eb gati p\u00ebr nes\u00ebr &#8211;\u00a0 \u00a0\u00a0\u00a0<\/strong><\/p>\n<p><strong>Veselinovi\u00e7: <\/strong>Taipi \u00ebsht\u00eb st\u00ebrvitur normalisht p\u00ebrgjat\u00eb gjith\u00eb k\u00ebtyre dit\u00ebve. Pas pak do t\u00eb zhvillojm\u00eb edhe seanc\u00ebn e fundit dhe do t\u00eb shohim gjendjen e lojtar\u00ebve cil\u00ebt do t\u00eb jen\u00eb gati p\u00ebr nes\u00ebr . E thash edhe pak m\u00eb par\u00eb q\u00eb vet\u00ebm sot kemi mund\u00ebsi t\u00eb punojm\u00eb me grupin e plot\u00eb. Taipi po ashtu edhe Mitongo e Zguro jan\u00eb mir\u00eb fizikisht pas problemeve q\u00eb kan\u00eb kaluar. Po ashtu do t\u00eb na duhet t\u00eb monitorojm\u00eb edhe gjendjen e Zek\u00ebs , Hadroj dhe Ismailit me t\u00eb cil\u00ebt vet\u00ebm sot do t\u00eb kem mund\u00ebsi ti shikoj dhe flas si jan\u00eb st\u00ebrvitur dhe gjendjen e tyre fizike dhe m\u00eb pas do t\u00eb vendos. T\u00eb jem i sinqert\u00eb nuk mund tju them m\u00eb shum\u00eb p\u00ebr momentin rreth k\u00ebtyre tre lojtar\u00ebve. T\u00eb jesh pjes\u00eb e ekipit p\u00ebrfaq\u00ebsues \u00ebsht\u00eb nj\u00eb imazh dhe reklam\u00eb shum\u00eb e mir\u00eb p\u00ebr lojtar\u00ebt, p\u00ebr Partizanin. Kur luajn\u00eb p\u00ebr komb\u00ebtaren lojtar\u00ebt japin gjith\u00e7ka shpenzojn\u00eb energji dhe tani do ti duhet ti rikthehen pro\u00e7esit ton\u00eb. Por mendoj se ata jan\u00eb profesionist\u00eb t\u00eb v\u00ebrtet\u00eb dhe do t\u00eb p\u00ebrpiqen t\u00eb japin maksimumin p\u00ebr Partizanin. Pasi t\u00eb flas me lojtar\u00ebt rreth gjendjes s\u00eb tyre m\u00eb pas do t\u00eb vendosim . Dikush mund t\u00eb luaj\u00eb p\u00ebr 90 minuta nj\u00eb tjet\u00ebr mund t\u00eb luaj\u00eb 20 minuta do t\u00eb shohim. \u00a0\u00a0\u00a0\u00a0\u00a0\u00a0\u00a0\u00a0\u00a0\u00a0\u00a0\u00a0\u00a0\u00a0\u00a0\u00a0\u00a0\u00a0\u00a0<strong>\u00a0\u00a0<\/strong><\/p>\n<p><strong><img loading=\"lazy\" decoding=\"async\" class=\"alignnone size-full wp-image-57366\" src=\"https:\/\/partizani.al\/sq\/wp-content\/uploads\/2024\/09\/GJK_6918.jpg\" alt=\"\" width=\"1919\" height=\"1280\" srcset=\"https:\/\/partizani.al\/sq\/wp-content\/uploads\/2024\/09\/GJK_6918.jpg 1919w, https:\/\/partizani.al\/sq\/wp-content\/uploads\/2024\/09\/GJK_6918-300x200.jpg 300w, https:\/\/partizani.al\/sq\/wp-content\/uploads\/2024\/09\/GJK_6918-1024x683.jpg 1024w, https:\/\/partizani.al\/sq\/wp-content\/uploads\/2024\/09\/GJK_6918-768x512.jpg 768w, https:\/\/partizani.al\/sq\/wp-content\/uploads\/2024\/09\/GJK_6918-1536x1025.jpg 1536w, https:\/\/partizani.al\/sq\/wp-content\/uploads\/2024\/09\/GJK_6918-128x85.jpg 128w, https:\/\/partizani.al\/sq\/wp-content\/uploads\/2024\/09\/GJK_6918-32x21.jpg 32w, https:\/\/partizani.al\/sq\/wp-content\/uploads\/2024\/09\/GJK_6918-500x334.jpg 500w, https:\/\/partizani.al\/sq\/wp-content\/uploads\/2024\/09\/GJK_6918-800x534.jpg 800w, https:\/\/partizani.al\/sq\/wp-content\/uploads\/2024\/09\/GJK_6918-1280x854.jpg 1280w, https:\/\/partizani.al\/sq\/wp-content\/uploads\/2024\/09\/GJK_6918-900x600.jpg 900w, https:\/\/partizani.al\/sq\/wp-content\/uploads\/2024\/09\/GJK_6918-1140x760.jpg 1140w, https:\/\/partizani.al\/sq\/wp-content\/uploads\/2024\/09\/GJK_6918-200x133.jpg 200w, https:\/\/partizani.al\/sq\/wp-content\/uploads\/2024\/09\/GJK_6918-450x300.jpg 450w\" sizes=\"auto, (max-width: 1919px) 100vw, 1919px\" \/>Si e pritni ndeshjen me Dinamo City <\/strong>\u2013<\/p>\n<p><strong>Veselinovi\u00e7:<\/strong> T\u00eb them t\u00eb v\u00ebrtet\u00ebn Dinamo City ka lojtar\u00eb mjaft t\u00eb mir\u00eb. \u00c7far\u00eb ka ndodhur gjat\u00eb k\u00ebsaj periudhe brenda klubit t\u00eb tyre nuk m\u00eb intereson dhe mendoj q\u00eb nuk \u00ebsht\u00eb korrekte q\u00eb ta komentoj. Ndryshimi i trajner\u00ebve ka sjell\u00eb ndryshime n\u00eb skuadr\u00ebn e tyre. Jam i bindur q\u00eb njer\u00ebzit q\u00eb punojn\u00eb n\u00eb at\u00eb klub kan\u00eb idet\u00eb e tyre dhe jan\u00eb t\u00eb sigurt\u00eb n\u00eb at\u00eb q\u00eb k\u00ebrkojn\u00eb. P\u00ebrsa i p\u00ebrket trajnerit mendoj q\u00eb ai ka idet\u00eb e veta p\u00ebrsa i p\u00ebrket drejtimit t\u00eb skuadr\u00ebs. Dua ta komplimentoj p\u00ebr pun\u00ebn shum\u00eb t\u00eb mir\u00eb q\u00eb ka b\u00ebr\u00eb n\u00eb drejtimin e Ballkanit. E thash ata kan\u00eb lojtar\u00eb mjaft t\u00eb mir\u00eb, por ne jemi Partizani dhe duhet t\u00eb mendojm\u00eb p\u00ebr vet\u00ebn ton\u00eb.<\/p>\n<p><strong>Mund ta konsiderojm\u00eb t\u00eb mbylliur merkaton e Partizanit \u2013 <\/strong><\/p>\n<p><strong>Veselinovi\u00e7:<\/strong> \u00a0E kam th\u00ebn\u00eb edhe m\u00eb par\u00eb nga momenti q\u00eb jam k\u00ebtu kam respektin maksimal p\u00ebr t\u00eb gjith\u00eb lojtar\u00ebt. N\u00eb \u00e7do klub ku kam punuar lojtar\u00ebt e mi jan\u00eb m\u00eb t\u00eb mir\u00eb n\u00eb bot\u00eb. P\u00ebrsa i p\u00ebrket merkatos un\u00eb flas p\u00ebr situat\u00ebn n\u00eb t\u00eb cil\u00ebn jemi tani, nuk e dim\u00eb se \u00e7mund t\u00eb ndodh\u00eb nes\u00ebr apo pasnes\u00ebr.<\/p>\n<p><strong><img loading=\"lazy\" decoding=\"async\" class=\"alignnone size-full wp-image-57368\" src=\"https:\/\/partizani.al\/sq\/wp-content\/uploads\/2024\/09\/GJK_6894.jpg\" alt=\"\" width=\"1919\" height=\"1280\" srcset=\"https:\/\/partizani.al\/sq\/wp-content\/uploads\/2024\/09\/GJK_6894.jpg 1919w, https:\/\/partizani.al\/sq\/wp-content\/uploads\/2024\/09\/GJK_6894-300x200.jpg 300w, https:\/\/partizani.al\/sq\/wp-content\/uploads\/2024\/09\/GJK_6894-1024x683.jpg 1024w, https:\/\/partizani.al\/sq\/wp-content\/uploads\/2024\/09\/GJK_6894-768x512.jpg 768w, https:\/\/partizani.al\/sq\/wp-content\/uploads\/2024\/09\/GJK_6894-1536x1025.jpg 1536w, https:\/\/partizani.al\/sq\/wp-content\/uploads\/2024\/09\/GJK_6894-128x85.jpg 128w, https:\/\/partizani.al\/sq\/wp-content\/uploads\/2024\/09\/GJK_6894-32x21.jpg 32w, https:\/\/partizani.al\/sq\/wp-content\/uploads\/2024\/09\/GJK_6894-500x334.jpg 500w, https:\/\/partizani.al\/sq\/wp-content\/uploads\/2024\/09\/GJK_6894-800x534.jpg 800w, https:\/\/partizani.al\/sq\/wp-content\/uploads\/2024\/09\/GJK_6894-1280x854.jpg 1280w, https:\/\/partizani.al\/sq\/wp-content\/uploads\/2024\/09\/GJK_6894-900x600.jpg 900w, https:\/\/partizani.al\/sq\/wp-content\/uploads\/2024\/09\/GJK_6894-1140x760.jpg 1140w, https:\/\/partizani.al\/sq\/wp-content\/uploads\/2024\/09\/GJK_6894-200x133.jpg 200w, https:\/\/partizani.al\/sq\/wp-content\/uploads\/2024\/09\/GJK_6894-450x300.jpg 450w\" sizes=\"auto, (max-width: 1919px) 100vw, 1919px\" \/>Prej gati 2 javesh jetoni n\u00eb Shqip\u00ebri, si \u00ebsht\u00eb jeta k\u00ebtu \u2013 <\/strong><\/p>\n<p><strong>Veselinovi\u00e7:<\/strong> Jam 54 vje\u00e7 dhe dua t\u00eb jem korrekt n\u00eb fjal\u00ebt q\u00eb them. Bashk\u00ebshortja ime ishte n\u00eb Shqip\u00ebri p\u00ebr disa dit\u00eb. Dua ta shijoj eksperienc\u00ebn time k\u00ebtu. Si pun\u00ebn n\u00eb klub dhe qytetin dua t\u00eb marr \u00e7do dit\u00eb k\u00ebnaq\u00ebsi. Dua t\u00eb theksoj se \u00e7do situat\u00eb mua m\u00eb motivon. N\u00ebse marr di\u00e7ka pozitive do t\u00eb p\u00ebrcjell t\u00eb nj\u00ebjtin pozitivitet. Me duhet ta them dielli i Tiran\u00ebs \u00ebsht\u00eb shum\u00eb i mir\u00eb.<\/p>\n<p>&nbsp;<\/p>\n","protected":false},"excerpt":{"rendered":"<p>Sa ju ka sh\u00ebrbyer nd\u00ebrprerja e kampionatit\u00a0 dhe si paraqitet gjendja e skuadr\u00ebs &#8211; \u00a0 Veselinovi\u00e7: Pas ndeshjes me Teut\u00ebn vet\u00ebm sot na bashkohen Hadroj, Zeka dhe Ismaili. Tre dit\u00eb&#8230;<\/p>\n","protected":false},"author":1,"featured_media":57367,"comment_status":"closed","ping_status":"closed","sticky":false,"template":"","format":"standard","meta":{"_seopress_robots_primary_cat":"none","_seopress_titles_title":"","_seopress_titles_desc":"","_seopress_robots_index":"","_vp_format_video_url":"","_vp_image_focal_point":[],"footnotes":""},"categories":[107],"tags":[],"class_list":["post-57361","post","type-post","status-publish","format-standard","has-post-thumbnail","hentry","category-ekipi_i_pare"],"_links":{"self":[{"href":"https:\/\/partizani.al\/sq\/wp-json\/wp\/v2\/posts\/57361","targetHints":{"allow":["GET"]}}],"collection":[{"href":"https:\/\/partizani.al\/sq\/wp-json\/wp\/v2\/posts"}],"about":[{"href":"https:\/\/partizani.al\/sq\/wp-json\/wp\/v2\/types\/post"}],"author":[{"embeddable":true,"href":"https:\/\/partizani.al\/sq\/wp-json\/wp\/v2\/users\/1"}],"replies":[{"embeddable":true,"href":"https:\/\/partizani.al\/sq\/wp-json\/wp\/v2\/comments?post=57361"}],"version-history":[{"count":2,"href":"https:\/\/partizani.al\/sq\/wp-json\/wp\/v2\/posts\/57361\/revisions"}],"predecessor-version":[{"id":57370,"href":"https:\/\/partizani.al\/sq\/wp-json\/wp\/v2\/posts\/57361\/revisions\/57370"}],"wp:featuredmedia":[{"embeddable":true,"href":"https:\/\/partizani.al\/sq\/wp-json\/wp\/v2\/media\/57367"}],"wp:attachment":[{"href":"https:\/\/partizani.al\/sq\/wp-json\/wp\/v2\/media?parent=57361"}],"wp:term":[{"taxonomy":"category","embeddable":true,"href":"https:\/\/partizani.al\/sq\/wp-json\/wp\/v2\/categories?post=57361"},{"taxonomy":"post_tag","embeddable":true,"href":"https:\/\/partizani.al\/sq\/wp-json\/wp\/v2\/tags?post=57361"}],"curies":[{"name":"wp","href":"https:\/\/api.w.org\/{rel}","templated":true}]}}