{"id":57253,"date":"2024-08-30T20:14:25","date_gmt":"2024-08-30T18:14:25","guid":{"rendered":"https:\/\/partizani.al\/sq\/?p=57253"},"modified":"2024-08-30T20:14:25","modified_gmt":"2024-08-30T18:14:25","slug":"konferenca-per-shtyp-e-trajnerit-aleksandar-veselinovic-ne-prag-te-takimit-ndaj-teutes","status":"publish","type":"post","link":"https:\/\/partizani.al\/sq\/konferenca-per-shtyp-e-trajnerit-aleksandar-veselinovic-ne-prag-te-takimit-ndaj-teutes\/","title":{"rendered":"Konferenca p\u00ebr shtyp e trajnerit Aleksandar Veselinovi\u00e7 n\u00eb prag t\u00eb takimit ndaj Teut\u00ebs"},"content":{"rendered":"<p><strong>\u00c7far\u00eb mendoni t\u00eb ndryshoni n\u00eb debutimin tuaj te Partizani &#8211; <\/strong><em>\u00a0<\/em><\/p>\n<p><strong>Veselinovi\u00e7:<\/strong> Fillimisht d\u00ebshiroj t\u00eb falenderoj publikisht t\u00eb gjith\u00eb lojtar\u00ebt p\u00ebr p\u00ebrkushtimin dhe impenjimin q\u00eb kan\u00eb treguar p\u00ebrgjat\u00eb k\u00ebtyre dit\u00ebve. P\u00ebrsa i p\u00ebrket pyetjes tuaj n\u00eb kaq pak dit\u00eb \u00ebsht\u00eb e v\u00ebshtir\u00eb t\u00eb jap opinionin e duhur p\u00ebrsa i p\u00ebrket lojtar\u00ebve. Por ajo q\u00eb dua t\u00eb sakt\u00ebsoj, \u00ebsht\u00eb q\u00eb n\u00eb k\u00ebto 3 dit\u00eb q\u00eb kemi punuar kam marr\u00eb mjaftuesh\u00ebm informacion m\u00eb shum\u00eb se n\u00eb dit\u00ebn e par\u00eb t\u00eb st\u00ebrvitjes. Tashm\u00eb kam idet\u00eb e mia si do t\u00eb vijojm\u00eb t\u00eb punojm\u00eb n\u00eb vazhdim.<\/p>\n<p><strong>Si \u00ebsht\u00eb gjendja e skuadr\u00ebs \u2013<\/strong><\/p>\n<p><strong>Veselinovi\u00e7:<\/strong> Kemi disa lojtar\u00eb me probleme, por mendoj se kjo situat\u00eb vjen si pasoj\u00eb e impenjimit t\u00eb\u00a0 skuadr\u00ebs n\u00eb kupat e evrop\u00ebs. Pas ndeshjes me Teut\u00ebn do t\u00eb kemi 10 dit\u00eb n\u00eb dispozicion p\u00ebr t\u00eb vler\u00ebsuar gjendjen e lojtar\u00ebve n\u00ebp\u00ebrmjet nj\u00eb raporti t\u00eb detajuar. N\u00eb k\u00ebt\u00eb moment q\u00eb flasim kemi disa lojtar\u00eb me probleme. Do t\u00eb testojm\u00eb gjendjen e tyre n\u00eb seanc\u00ebn e fundit st\u00ebrvitore q\u00eb kemi pas pak dhe do t\u00eb vendosim kush do t\u00eb jeet\u00eb i gatsh\u00ebm p\u00eb\u00ebr ndeshjen nes\u00ebr.<\/p>\n<p><strong><img loading=\"lazy\" decoding=\"async\" class=\"alignnone size-full wp-image-57257\" src=\"https:\/\/partizani.al\/sq\/wp-content\/uploads\/2024\/08\/GJK_4208.jpg\" alt=\"\" width=\"1919\" height=\"1280\" srcset=\"https:\/\/partizani.al\/sq\/wp-content\/uploads\/2024\/08\/GJK_4208.jpg 1919w, https:\/\/partizani.al\/sq\/wp-content\/uploads\/2024\/08\/GJK_4208-300x200.jpg 300w, https:\/\/partizani.al\/sq\/wp-content\/uploads\/2024\/08\/GJK_4208-1024x683.jpg 1024w, https:\/\/partizani.al\/sq\/wp-content\/uploads\/2024\/08\/GJK_4208-768x512.jpg 768w, https:\/\/partizani.al\/sq\/wp-content\/uploads\/2024\/08\/GJK_4208-1536x1025.jpg 1536w, https:\/\/partizani.al\/sq\/wp-content\/uploads\/2024\/08\/GJK_4208-128x85.jpg 128w, https:\/\/partizani.al\/sq\/wp-content\/uploads\/2024\/08\/GJK_4208-32x21.jpg 32w, https:\/\/partizani.al\/sq\/wp-content\/uploads\/2024\/08\/GJK_4208-500x334.jpg 500w, https:\/\/partizani.al\/sq\/wp-content\/uploads\/2024\/08\/GJK_4208-800x534.jpg 800w, https:\/\/partizani.al\/sq\/wp-content\/uploads\/2024\/08\/GJK_4208-1280x854.jpg 1280w, https:\/\/partizani.al\/sq\/wp-content\/uploads\/2024\/08\/GJK_4208-900x600.jpg 900w, https:\/\/partizani.al\/sq\/wp-content\/uploads\/2024\/08\/GJK_4208-1140x760.jpg 1140w, https:\/\/partizani.al\/sq\/wp-content\/uploads\/2024\/08\/GJK_4208-200x133.jpg 200w, https:\/\/partizani.al\/sq\/wp-content\/uploads\/2024\/08\/GJK_4208-450x300.jpg 450w\" sizes=\"auto, (max-width: 1919px) 100vw, 1919px\" \/>Do t\u00eb ket\u00eb ndryshime n\u00eb emra p\u00ebrsa i p\u00ebrket formacionit \u2013 <\/strong><\/p>\n<p><strong>Veselinovi\u00e7:<\/strong> Normalisht q\u00eb do t\u00eb kemi disa ndryshime pasi e citova edhe pak m\u00eb par\u00eb q\u00eb kemi disa lojtar\u00eb t\u00eb cil\u00ebt kan\u00eb shfaqur probleme. Gjithashtu Maguette nuk \u00ebsht\u00eb m\u00eb n\u00eb skuad\u00ebr dhe ai lojtar ishte shum\u00eb i r\u00ebnd\u00ebsish\u00ebm. Do t\u00eb na duhet t\u00eb mendojm\u00eb zgjidhje t\u00eb tjera p\u00ebr pozicionin e l\u00ebn\u00eb bosh nga Maguette.<\/p>\n<p><strong><img loading=\"lazy\" decoding=\"async\" class=\"alignnone size-full wp-image-57260\" src=\"https:\/\/partizani.al\/sq\/wp-content\/uploads\/2024\/08\/GJK_4183.jpg\" alt=\"\" width=\"1919\" height=\"1280\" srcset=\"https:\/\/partizani.al\/sq\/wp-content\/uploads\/2024\/08\/GJK_4183.jpg 1919w, https:\/\/partizani.al\/sq\/wp-content\/uploads\/2024\/08\/GJK_4183-300x200.jpg 300w, https:\/\/partizani.al\/sq\/wp-content\/uploads\/2024\/08\/GJK_4183-1024x683.jpg 1024w, https:\/\/partizani.al\/sq\/wp-content\/uploads\/2024\/08\/GJK_4183-768x512.jpg 768w, https:\/\/partizani.al\/sq\/wp-content\/uploads\/2024\/08\/GJK_4183-1536x1025.jpg 1536w, https:\/\/partizani.al\/sq\/wp-content\/uploads\/2024\/08\/GJK_4183-128x85.jpg 128w, https:\/\/partizani.al\/sq\/wp-content\/uploads\/2024\/08\/GJK_4183-32x21.jpg 32w, https:\/\/partizani.al\/sq\/wp-content\/uploads\/2024\/08\/GJK_4183-500x334.jpg 500w, https:\/\/partizani.al\/sq\/wp-content\/uploads\/2024\/08\/GJK_4183-800x534.jpg 800w, https:\/\/partizani.al\/sq\/wp-content\/uploads\/2024\/08\/GJK_4183-1280x854.jpg 1280w, https:\/\/partizani.al\/sq\/wp-content\/uploads\/2024\/08\/GJK_4183-900x600.jpg 900w, https:\/\/partizani.al\/sq\/wp-content\/uploads\/2024\/08\/GJK_4183-1140x760.jpg 1140w, https:\/\/partizani.al\/sq\/wp-content\/uploads\/2024\/08\/GJK_4183-200x133.jpg 200w, https:\/\/partizani.al\/sq\/wp-content\/uploads\/2024\/08\/GJK_4183-450x300.jpg 450w\" sizes=\"auto, (max-width: 1919px) 100vw, 1919px\" \/>\u00c7far\u00eb Partizani pritet n\u00eb drejtimin e Veselinovi\u00e7<\/strong> \u2013<\/p>\n<p><strong>Veselinovi\u00e7:<\/strong> Un\u00eb dua t\u00eb jem i drejt\u00ebp\u00ebrdrejt. Un\u00eb kam idet\u00eb e mia, dhe ato do t\u00eb mund ti shikoni pas pak koh\u00ebsh. P\u00ebr at\u00eb \u00e7far\u00eb do t\u00eb b\u00ebjm\u00eb un\u00eb dhe lojtar\u00ebt \u00e7do gj\u00eb do ta tregojm\u00eb n\u00eb fush\u00ebn e loj\u00ebs. P\u00ebrpara ndeshjes me Teut\u00ebn n\u00eb k\u00ebt\u00eb moment situata \u00ebsht\u00eb e till\u00eb. Un\u00eb dhe stafi im sapo kemi ardhur, disa lojtar\u00eb jan\u00eb me probleme, Maguette \u00ebsht\u00eb larguar. N\u00ebse mbani mend n\u00eb dit\u00ebn e prezantimit p\u00ebrpara jush kam theksuar se ne duhet ti marrim gj\u00ebrat hap pas hapi dhe ndeshje pas ndeshje. Ne jemi Partizani dhe un\u00eb tashm\u00eb jam pjes\u00eb e Partizanit q\u00eb \u00ebsht\u00eb nj\u00eb klub i madh. Si nj\u00eb klub i till\u00eb t\u00eb gjith\u00eb presin nga Partizani t\u00eb fitoj \u00e7do ndeshje. Nuk jemi Real Madriti t\u00eb fitojm\u00eb \u00e7do ndeshje , por ne duhet t\u00eb kemi ambicje p\u00ebr t\u00eb fituar \u00e7do her\u00eb. P\u00ebr momentin ne duhet t\u00eb kemi respekt p\u00ebr kund\u00ebrshtarin. Duhet t\u00eb kemi respekt p\u00ebr t\u00eb gjitha skuadra e kampionatit dhe trajner\u00ebt e tyre dhe lojtar\u00ebt,t\u00eb cil\u00ebt punojn\u00eb dhe shpenzojn\u00eb energjit\u00eb e tyre \u00e7do dit\u00eb. Ky \u00ebsht\u00eb mesazhi q\u00eb un\u00eb dua t\u00eb trasmetoj sot. Por pa harruar t\u00eb respektojm\u00eb edhe veten ton\u00eb ndon\u00ebse kemi vet\u00ebm tre dit\u00eb q\u00eb p\u00ebrgatitemi p\u00ebr ndeshjen me Teut\u00ebn.<\/p>\n<p><strong><img loading=\"lazy\" decoding=\"async\" class=\"alignnone size-full wp-image-57258\" src=\"https:\/\/partizani.al\/sq\/wp-content\/uploads\/2024\/08\/GJK_4197.jpg\" alt=\"\" width=\"1919\" height=\"1280\" srcset=\"https:\/\/partizani.al\/sq\/wp-content\/uploads\/2024\/08\/GJK_4197.jpg 1919w, https:\/\/partizani.al\/sq\/wp-content\/uploads\/2024\/08\/GJK_4197-300x200.jpg 300w, https:\/\/partizani.al\/sq\/wp-content\/uploads\/2024\/08\/GJK_4197-1024x683.jpg 1024w, https:\/\/partizani.al\/sq\/wp-content\/uploads\/2024\/08\/GJK_4197-768x512.jpg 768w, https:\/\/partizani.al\/sq\/wp-content\/uploads\/2024\/08\/GJK_4197-1536x1025.jpg 1536w, https:\/\/partizani.al\/sq\/wp-content\/uploads\/2024\/08\/GJK_4197-128x85.jpg 128w, https:\/\/partizani.al\/sq\/wp-content\/uploads\/2024\/08\/GJK_4197-32x21.jpg 32w, https:\/\/partizani.al\/sq\/wp-content\/uploads\/2024\/08\/GJK_4197-500x334.jpg 500w, https:\/\/partizani.al\/sq\/wp-content\/uploads\/2024\/08\/GJK_4197-800x534.jpg 800w, https:\/\/partizani.al\/sq\/wp-content\/uploads\/2024\/08\/GJK_4197-1280x854.jpg 1280w, https:\/\/partizani.al\/sq\/wp-content\/uploads\/2024\/08\/GJK_4197-900x600.jpg 900w, https:\/\/partizani.al\/sq\/wp-content\/uploads\/2024\/08\/GJK_4197-1140x760.jpg 1140w, https:\/\/partizani.al\/sq\/wp-content\/uploads\/2024\/08\/GJK_4197-200x133.jpg 200w, https:\/\/partizani.al\/sq\/wp-content\/uploads\/2024\/08\/GJK_4197-450x300.jpg 450w\" sizes=\"auto, (max-width: 1919px) 100vw, 1919px\" \/>Prisni p\u00ebrforcim tjet\u00ebr n\u00eb mbyllje t\u00eb merkatos <\/strong>\u2013<\/p>\n<p><strong>Veselinovi\u00e7:<\/strong> Nes\u00ebr \u00ebsht\u00eb dita e fundit e merkatos, do t\u00eb shohim. K\u00ebt\u00eb nuk e them p\u00ebr diplomaci. Ju duhet ta kuptoni q\u00eb un\u00eb nuk jam nga ata trajner\u00eb q\u00eb flasin p\u00ebrdit\u00eb me drejtuesit e klubit p\u00ebr merkaton. Sigurisht disa ide i kam , por puna ime \u00ebsht\u00eb t\u00eb zbres n\u00eb fush\u00eb dhe t\u00eb st\u00ebrvis \u00e7do dit\u00eb skuadr\u00ebn.<\/p>\n<p><strong>Sa i k\u00ebnaqur jeni q\u00eb disa lojtar\u00eb t\u00eb Partizanit kan\u00eb marr\u00eb s\u00eb fundmi ftes\u00eb nga ekipet p\u00ebrfaquese <\/strong>\u2013<\/p>\n<p><strong>Veselinovi\u00e7:<\/strong> Sigurisht q\u00eb \u00e7do trajner duhet t\u00eb ndihet krenar kur n\u00eb adres\u00eb t\u00eb lojtar\u00ebve t\u00eb tij mb\u00ebrrin ftesa e ekipit p\u00ebrfaq\u00ebsues, dhe askush nuk mund ta refuzoj. Por p\u00ebr mua n\u00eb situat\u00ebn dhe momentin q\u00eb flasim \u00ebsht\u00eb e v\u00ebshtir\u00eb , pasi do t\u00eb m\u00eb duhet t\u00eb punoj gjat\u00eb pauz\u00ebs s\u00eb kampionatit pa i patur n\u00eb dispozicion k\u00ebta lojtar\u00eb<\/p>\n<p><img loading=\"lazy\" decoding=\"async\" class=\"alignnone size-full wp-image-57259\" src=\"https:\/\/partizani.al\/sq\/wp-content\/uploads\/2024\/08\/GJK_4152-scaled.jpg\" alt=\"\" width=\"2560\" height=\"1707\" srcset=\"https:\/\/partizani.al\/sq\/wp-content\/uploads\/2024\/08\/GJK_4152-scaled.jpg 2560w, https:\/\/partizani.al\/sq\/wp-content\/uploads\/2024\/08\/GJK_4152-300x200.jpg 300w, https:\/\/partizani.al\/sq\/wp-content\/uploads\/2024\/08\/GJK_4152-1024x683.jpg 1024w, https:\/\/partizani.al\/sq\/wp-content\/uploads\/2024\/08\/GJK_4152-768x512.jpg 768w, https:\/\/partizani.al\/sq\/wp-content\/uploads\/2024\/08\/GJK_4152-1536x1024.jpg 1536w, https:\/\/partizani.al\/sq\/wp-content\/uploads\/2024\/08\/GJK_4152-2048x1366.jpg 2048w, https:\/\/partizani.al\/sq\/wp-content\/uploads\/2024\/08\/GJK_4152-128x85.jpg 128w, https:\/\/partizani.al\/sq\/wp-content\/uploads\/2024\/08\/GJK_4152-32x21.jpg 32w, https:\/\/partizani.al\/sq\/wp-content\/uploads\/2024\/08\/GJK_4152-500x333.jpg 500w, https:\/\/partizani.al\/sq\/wp-content\/uploads\/2024\/08\/GJK_4152-800x534.jpg 800w, https:\/\/partizani.al\/sq\/wp-content\/uploads\/2024\/08\/GJK_4152-1280x854.jpg 1280w, https:\/\/partizani.al\/sq\/wp-content\/uploads\/2024\/08\/GJK_4152-1920x1280.jpg 1920w, https:\/\/partizani.al\/sq\/wp-content\/uploads\/2024\/08\/GJK_4152-900x600.jpg 900w, https:\/\/partizani.al\/sq\/wp-content\/uploads\/2024\/08\/GJK_4152-1140x760.jpg 1140w, https:\/\/partizani.al\/sq\/wp-content\/uploads\/2024\/08\/GJK_4152-200x133.jpg 200w, https:\/\/partizani.al\/sq\/wp-content\/uploads\/2024\/08\/GJK_4152-450x300.jpg 450w\" sizes=\"auto, (max-width: 2560px) 100vw, 2560px\" \/><\/p>\n","protected":false},"excerpt":{"rendered":"<p>\u00c7far\u00eb mendoni t\u00eb ndryshoni n\u00eb debutimin tuaj te Partizani &#8211; \u00a0 Veselinovi\u00e7: Fillimisht d\u00ebshiroj t\u00eb falenderoj publikisht t\u00eb gjith\u00eb lojtar\u00ebt p\u00ebr p\u00ebrkushtimin dhe impenjimin q\u00eb kan\u00eb treguar p\u00ebrgjat\u00eb k\u00ebtyre dit\u00ebve&#8230;.<\/p>\n","protected":false},"author":1,"featured_media":57258,"comment_status":"closed","ping_status":"closed","sticky":false,"template":"","format":"standard","meta":{"_seopress_robots_primary_cat":"none","_seopress_titles_title":"","_seopress_titles_desc":"","_seopress_robots_index":"","_vp_format_video_url":"","_vp_image_focal_point":[],"footnotes":""},"categories":[107],"tags":[],"class_list":["post-57253","post","type-post","status-publish","format-standard","has-post-thumbnail","hentry","category-ekipi_i_pare"],"_links":{"self":[{"href":"https:\/\/partizani.al\/sq\/wp-json\/wp\/v2\/posts\/57253","targetHints":{"allow":["GET"]}}],"collection":[{"href":"https:\/\/partizani.al\/sq\/wp-json\/wp\/v2\/posts"}],"about":[{"href":"https:\/\/partizani.al\/sq\/wp-json\/wp\/v2\/types\/post"}],"author":[{"embeddable":true,"href":"https:\/\/partizani.al\/sq\/wp-json\/wp\/v2\/users\/1"}],"replies":[{"embeddable":true,"href":"https:\/\/partizani.al\/sq\/wp-json\/wp\/v2\/comments?post=57253"}],"version-history":[{"count":1,"href":"https:\/\/partizani.al\/sq\/wp-json\/wp\/v2\/posts\/57253\/revisions"}],"predecessor-version":[{"id":57261,"href":"https:\/\/partizani.al\/sq\/wp-json\/wp\/v2\/posts\/57253\/revisions\/57261"}],"wp:featuredmedia":[{"embeddable":true,"href":"https:\/\/partizani.al\/sq\/wp-json\/wp\/v2\/media\/57258"}],"wp:attachment":[{"href":"https:\/\/partizani.al\/sq\/wp-json\/wp\/v2\/media?parent=57253"}],"wp:term":[{"taxonomy":"category","embeddable":true,"href":"https:\/\/partizani.al\/sq\/wp-json\/wp\/v2\/categories?post=57253"},{"taxonomy":"post_tag","embeddable":true,"href":"https:\/\/partizani.al\/sq\/wp-json\/wp\/v2\/tags?post=57253"}],"curies":[{"name":"wp","href":"https:\/\/api.w.org\/{rel}","templated":true}]}}