{"id":52154,"date":"2024-01-21T00:17:11","date_gmt":"2024-01-20T22:17:11","guid":{"rendered":"https:\/\/partizani.al\/sq\/?p=52154"},"modified":"2024-01-24T22:37:54","modified_gmt":"2024-01-24T20:37:54","slug":"u-19-jemi-ne-finale-%f0%9f%8f%86","status":"publish","type":"post","link":"https:\/\/partizani.al\/sq\/u-19-jemi-ne-finale-%f0%9f%8f%86\/","title":{"rendered":"U-19 | JEMI N\u00cb FINALE \ud83c\udfc6"},"content":{"rendered":"<h2>Partizani i Reinaldo Kalarit prek finalen e Kup\u00ebs s\u00eb Shqip\u00ebris\u00eb .<\/h2>\n<p>U zhvillua sot n\u00eb Qendren Komb\u00ebtare Sportive Kam\u00ebz takimi i gjys\u00ebmfinales s\u00eb Kup\u00ebs Shqip\u00ebris\u00eb mes Sk\u00ebnderbeut dhe Partizanit . Ashtu si\u00e7 pritej ky takim prodhoi shum\u00eb emocione, ku nuk munguan golat. Pjesa e par\u00eb u mbyll pa gola , skuadrat u treguan cinike dhe t\u00eb kujdesshme .Ndryshe nga pjesa e par\u00eb n\u00eb pjes\u00ebn e dyt\u00eb u zhvillua gjith\u00e7ka gola dhe kartona t\u00eb kuq .\u00cbsht\u00eb skuadra jon\u00eb e cila sh\u00ebnoi e para n\u00eb minut\u00ebn e 51&#8243; me an\u00eb t\u00eb Oresti Rif\u00ebs q\u00eb edhe nj\u00ebher\u00eb gjeti golin n\u00eb k\u00ebt\u00eb kompeticion . Nuk zgjati shum\u00eb festa e skuadr\u00ebs son\u00eb e cila u nd\u00ebshkua n\u00eb minut\u00ebn 56 me an\u00eb t\u00eb Moses . Minutat e fundit ishin v\u00ebrtet dramatike pasi skuadra Kor\u00e7are arriti t\u00eb sh\u00ebnoi golin e avantazhit n\u00eb minut\u00ebn e 84&#8243; me an\u00eb t\u00eb Shurit . Partizani nuk u dor\u00ebzua dhe barazoj ndeshjen n\u00eb minut\u00ebn e 86&#8243; n\u00eb 2 me 2 me an\u00eb t\u00eb Tedi Malaj . Ky do ishte rezultati p\u00ebrfundimtar\u00eb edhe pas 10 minutave shtes\u00eb . Skuadra jon\u00eb arriti t\u00eb kualifikohet vet\u00eb pas 16 penalltive t\u00eb ekzekutuar nga t\u00eb dyja skuadrat , ku rezultati final do ishte 6-7 p\u00ebr skuadr\u00ebn ton\u00eb . Tashm\u00eb Partizani pret t\u00eb njihet me kund\u00ebrshtarin e radh\u00ebs n\u00eb finale .<\/p>\n","protected":false},"excerpt":{"rendered":"<p>Partizani i Reinaldo Kalarit prek finalen e Kup\u00ebs s\u00eb Shqip\u00ebris\u00eb . U zhvillua sot n\u00eb Qendren Komb\u00ebtare Sportive Kam\u00ebz takimi i gjys\u00ebmfinales s\u00eb Kup\u00ebs Shqip\u00ebris\u00eb mes Sk\u00ebnderbeut dhe Partizanit &#8230;.<\/p>\n","protected":false},"author":1,"featured_media":52162,"comment_status":"closed","ping_status":"closed","sticky":false,"template":"","format":"standard","meta":{"_seopress_robots_primary_cat":"none","_seopress_titles_title":"U-19 | JEMI N\u00cb FINALE \ud83c\udfc6","_seopress_titles_desc":"Partizani i Reinaldo Kalarit prek finalen e Kup\u00ebs s\u00eb Shqip\u00ebris\u00eb .","_seopress_robots_index":"","_vp_format_video_url":"","_vp_image_focal_point":[],"footnotes":""},"categories":[102],"tags":[],"class_list":["post-52154","post","type-post","status-publish","format-standard","has-post-thumbnail","hentry","category-u-19"],"_links":{"self":[{"href":"https:\/\/partizani.al\/sq\/wp-json\/wp\/v2\/posts\/52154","targetHints":{"allow":["GET"]}}],"collection":[{"href":"https:\/\/partizani.al\/sq\/wp-json\/wp\/v2\/posts"}],"about":[{"href":"https:\/\/partizani.al\/sq\/wp-json\/wp\/v2\/types\/post"}],"author":[{"embeddable":true,"href":"https:\/\/partizani.al\/sq\/wp-json\/wp\/v2\/users\/1"}],"replies":[{"embeddable":true,"href":"https:\/\/partizani.al\/sq\/wp-json\/wp\/v2\/comments?post=52154"}],"version-history":[{"count":4,"href":"https:\/\/partizani.al\/sq\/wp-json\/wp\/v2\/posts\/52154\/revisions"}],"predecessor-version":[{"id":52161,"href":"https:\/\/partizani.al\/sq\/wp-json\/wp\/v2\/posts\/52154\/revisions\/52161"}],"wp:featuredmedia":[{"embeddable":true,"href":"https:\/\/partizani.al\/sq\/wp-json\/wp\/v2\/media\/52162"}],"wp:attachment":[{"href":"https:\/\/partizani.al\/sq\/wp-json\/wp\/v2\/media?parent=52154"}],"wp:term":[{"taxonomy":"category","embeddable":true,"href":"https:\/\/partizani.al\/sq\/wp-json\/wp\/v2\/categories?post=52154"},{"taxonomy":"post_tag","embeddable":true,"href":"https:\/\/partizani.al\/sq\/wp-json\/wp\/v2\/tags?post=52154"}],"curies":[{"name":"wp","href":"https:\/\/api.w.org\/{rel}","templated":true}]}}