{"id":52035,"date":"2024-01-15T20:00:25","date_gmt":"2024-01-15T18:00:25","guid":{"rendered":"https:\/\/partizani.al\/sq\/?p=52035"},"modified":"2024-01-15T20:00:25","modified_gmt":"2024-01-15T18:00:25","slug":"u-19-partizani-kalon-ne-gjysemfinalen-e-kupes-se-shqiperise","status":"publish","type":"post","link":"https:\/\/partizani.al\/sq\/u-19-partizani-kalon-ne-gjysemfinalen-e-kupes-se-shqiperise\/","title":{"rendered":"U-19 | Partizani kalon n\u00eb gjys\u00ebmfinalen e Kup\u00ebs s\u00eb Shqip\u00ebris\u00eb"},"content":{"rendered":"<p>Partizani kalon n\u00eb gjys\u00ebmfinalen e Kup\u00ebs s\u00eb Shqip\u00ebris\u00eb<\/p>\n<p>U zhvillua sot takimi 1\/8 t\u00eb kup\u00ebs s\u00eb Shqip\u00ebris\u00eb mes Partizanit dhe Apolonis\u00eb n\u00eb Kompleksin Sportiv Kam\u00ebz . Skuadra jon\u00eb e mbylli pjes\u00ebn e par\u00eb n\u00eb avantazh , nj\u00eb gol me kok\u00eb i Oresti Rif\u00ebs n\u00eb fundin e pjes\u00ebs par\u00eb i dha qet\u00ebsi dhe siguri Partizanit q\u00eb n\u00eb pjes\u00ebn e dyt\u00eb vulosi rezultatin n\u00eb 2:0 .K\u00ebt\u00eb her\u00eb mendoj Ensar Tafilit q\u00eb ekzekutoj nj\u00eb goditje d\u00ebnimi perfekte .<\/p>\n<p>Kund\u00ebrshtari i rradh\u00ebs p\u00ebr skuadr\u00ebn e Renaldo Kalarit do t\u00eb jet\u00eb skuadra Kor\u00e7are e Sk\u00ebnd\u00ebrbeut.<\/p>\n","protected":false},"excerpt":{"rendered":"<p>Partizani kalon n\u00eb gjys\u00ebmfinalen e Kup\u00ebs s\u00eb Shqip\u00ebris\u00eb U zhvillua sot takimi 1\/8 t\u00eb kup\u00ebs s\u00eb Shqip\u00ebris\u00eb mes Partizanit dhe Apolonis\u00eb n\u00eb Kompleksin Sportiv Kam\u00ebz . Skuadra jon\u00eb e mbylli&#8230;<\/p>\n","protected":false},"author":1,"featured_media":52038,"comment_status":"closed","ping_status":"closed","sticky":false,"template":"","format":"standard","meta":{"_seopress_robots_primary_cat":"none","_seopress_titles_title":"U-19 | Partizani kalon n\u00eb gjys\u00ebmfinalen e Kup\u00ebs s\u00eb Shqip\u00ebris\u00eb","_seopress_titles_desc":"Partizani kalon n\u00eb gjys\u00ebmfinalen e Kup\u00ebs s\u00eb Shqip\u00ebris\u00eb. U zhvillua sot takimi 1\/8 t\u00eb kup\u00ebs s\u00eb Shqip\u00ebris\u00eb mes Partizanit dhe Apolonis\u00eb n\u00eb Kompleksin Sportiv Kam\u00ebz .","_seopress_robots_index":"","_vp_format_video_url":"","_vp_image_focal_point":[],"footnotes":""},"categories":[102],"tags":[],"class_list":["post-52035","post","type-post","status-publish","format-standard","has-post-thumbnail","hentry","category-u-19"],"_links":{"self":[{"href":"https:\/\/partizani.al\/sq\/wp-json\/wp\/v2\/posts\/52035","targetHints":{"allow":["GET"]}}],"collection":[{"href":"https:\/\/partizani.al\/sq\/wp-json\/wp\/v2\/posts"}],"about":[{"href":"https:\/\/partizani.al\/sq\/wp-json\/wp\/v2\/types\/post"}],"author":[{"embeddable":true,"href":"https:\/\/partizani.al\/sq\/wp-json\/wp\/v2\/users\/1"}],"replies":[{"embeddable":true,"href":"https:\/\/partizani.al\/sq\/wp-json\/wp\/v2\/comments?post=52035"}],"version-history":[{"count":1,"href":"https:\/\/partizani.al\/sq\/wp-json\/wp\/v2\/posts\/52035\/revisions"}],"predecessor-version":[{"id":52039,"href":"https:\/\/partizani.al\/sq\/wp-json\/wp\/v2\/posts\/52035\/revisions\/52039"}],"wp:featuredmedia":[{"embeddable":true,"href":"https:\/\/partizani.al\/sq\/wp-json\/wp\/v2\/media\/52038"}],"wp:attachment":[{"href":"https:\/\/partizani.al\/sq\/wp-json\/wp\/v2\/media?parent=52035"}],"wp:term":[{"taxonomy":"category","embeddable":true,"href":"https:\/\/partizani.al\/sq\/wp-json\/wp\/v2\/categories?post=52035"},{"taxonomy":"post_tag","embeddable":true,"href":"https:\/\/partizani.al\/sq\/wp-json\/wp\/v2\/tags?post=52035"}],"curies":[{"name":"wp","href":"https:\/\/api.w.org\/{rel}","templated":true}]}}