{"id":50479,"date":"2023-12-10T17:15:42","date_gmt":"2023-12-10T15:15:42","guid":{"rendered":"https:\/\/partizani.al\/sq\/?p=50479"},"modified":"2023-12-10T17:15:42","modified_gmt":"2023-12-10T15:15:42","slug":"konferenca-per-shtyp-e-trajnerit-arber-abilaliaj-ne-prag-te-takimit-ndaj-skenderbeut","status":"publish","type":"post","link":"https:\/\/partizani.al\/sq\/konferenca-per-shtyp-e-trajnerit-arber-abilaliaj-ne-prag-te-takimit-ndaj-skenderbeut\/","title":{"rendered":"Konferenca p\u00ebr shtyp e trajnerit Arb\u00ebr Abilaliaj n\u00eb prag t\u00eb takimit ndaj Sk\u00ebnderbeut"},"content":{"rendered":"<p><strong>4 barazime radhazi &#8211; <\/strong><\/p>\n<p><strong>Abilaliaj: <\/strong>P\u00ebr momentin kam p\u00ebrshtypjen e din\u00eb t\u00eb gjith\u00eb po vuajm\u00eb munges\u00eb sidomos n\u00eb qend\u00ebr t\u00eb mbrojtjes. Shpresojm\u00eb t\u00eb rikuperojm\u00eb t\u00eb tjer\u00eb q\u00eb kemi n\u00eb dispozicion. Na jan\u00eb prishur balancat, q\u00eb ishin gj\u00ebja m\u00eb e r\u00ebnd\u00ebsishme q\u00eb kishim nd\u00ebrtuar deri n\u00eb ato momente. N\u00ebse s\u2019performon si duhet n\u00eb faz\u00ebn defensive, problem b\u00ebhet p\u00ebrpara.<\/p>\n<p><img loading=\"lazy\" decoding=\"async\" class=\"alignnone size-full wp-image-50483\" src=\"https:\/\/partizani.al\/sq\/wp-content\/uploads\/2023\/12\/GJK_0528.jpg\" alt=\"\" width=\"1920\" height=\"1280\" srcset=\"https:\/\/partizani.al\/sq\/wp-content\/uploads\/2023\/12\/GJK_0528.jpg 1920w, https:\/\/partizani.al\/sq\/wp-content\/uploads\/2023\/12\/GJK_0528-300x200.jpg 300w, https:\/\/partizani.al\/sq\/wp-content\/uploads\/2023\/12\/GJK_0528-1024x683.jpg 1024w, https:\/\/partizani.al\/sq\/wp-content\/uploads\/2023\/12\/GJK_0528-768x512.jpg 768w, https:\/\/partizani.al\/sq\/wp-content\/uploads\/2023\/12\/GJK_0528-1536x1024.jpg 1536w, https:\/\/partizani.al\/sq\/wp-content\/uploads\/2023\/12\/GJK_0528-128x85.jpg 128w, https:\/\/partizani.al\/sq\/wp-content\/uploads\/2023\/12\/GJK_0528-32x21.jpg 32w, https:\/\/partizani.al\/sq\/wp-content\/uploads\/2023\/12\/GJK_0528-500x333.jpg 500w, https:\/\/partizani.al\/sq\/wp-content\/uploads\/2023\/12\/GJK_0528-800x533.jpg 800w, https:\/\/partizani.al\/sq\/wp-content\/uploads\/2023\/12\/GJK_0528-1280x853.jpg 1280w, https:\/\/partizani.al\/sq\/wp-content\/uploads\/2023\/12\/GJK_0528-900x600.jpg 900w, https:\/\/partizani.al\/sq\/wp-content\/uploads\/2023\/12\/GJK_0528-1140x760.jpg 1140w, https:\/\/partizani.al\/sq\/wp-content\/uploads\/2023\/12\/GJK_0528-200x133.jpg 200w, https:\/\/partizani.al\/sq\/wp-content\/uploads\/2023\/12\/GJK_0528-450x300.jpg 450w\" sizes=\"auto, (max-width: 1920px) 100vw, 1920px\" \/><\/p>\n<p><strong>Sk\u00ebnderbeu ju ka shkaktuar humbjen e vetme n\u00eb k\u00ebt\u00eb sezon &#8211; <\/strong><\/p>\n<p><strong>Abilaliaj: <\/strong>Skuad\u00ebr e balancuar dhe shum\u00eb e mir\u00eb. Ka stil t\u00eb qart\u00eb t\u00eb t\u00eb luajturit futboll, k\u00ebshtu q\u00eb me t\u00eb drejt\u00eb mendoj \u00ebsht\u00eb nga skuadrat e v\u00ebshtira duke pasur parasysh dhe stabilitetin q\u00eb ka gjetur me lojtar\u00ebt q\u00eb ka. Shto k\u00ebtu q\u00eb \u00ebsht\u00eb ekipi i vet\u00ebm q\u00eb ka mundur Partizanin k\u00ebt\u00eb kampionat. Dhe p\u00ebr shkak t\u00eb situat\u00ebs q\u00eb vijm\u00eb nga barazimet, nuk ka rrug\u00eb tjet\u00ebr p\u00ebrve\u00e7 se p\u00ebr t\u00eb k\u00ebrkuar fitoren.<\/p>\n<p><strong>Sa mund t\u00eb ndikojn\u00eb mungesat &#8211; <\/strong><\/p>\n<p><strong>Abilaliaj: <\/strong>Nuk m\u00eb ndikon n\u00eb pun\u00ebn e p\u00ebrditshme. Ishim ekip q\u00eb kishim gjetur stabilitetin ton\u00eb. \u00c7do gj\u00eb n\u00eb fund zerohet dhe vendoset me 2 ndeshje n\u00eb fund. N\u00eb moment t\u00eb dyt\u00eb mund t\u00eb jap\u00eb nj\u00eb dor\u00eb, por mendoj dhe jam i bindur q\u00eb nj\u00eb ekip q\u00eb performon mir\u00eb gjat\u00eb gjith\u00eb vitit, nuk ka pse t\u00eb mos performoj\u00eb mir\u00eb n\u00eb 1 apo 2 ndeshje.<\/p>\n<p><img loading=\"lazy\" decoding=\"async\" class=\"alignnone size-full wp-image-50484\" src=\"https:\/\/partizani.al\/sq\/wp-content\/uploads\/2023\/12\/GJK_0535.jpg\" alt=\"\" width=\"1920\" height=\"1280\" srcset=\"https:\/\/partizani.al\/sq\/wp-content\/uploads\/2023\/12\/GJK_0535.jpg 1920w, https:\/\/partizani.al\/sq\/wp-content\/uploads\/2023\/12\/GJK_0535-300x200.jpg 300w, https:\/\/partizani.al\/sq\/wp-content\/uploads\/2023\/12\/GJK_0535-1024x683.jpg 1024w, https:\/\/partizani.al\/sq\/wp-content\/uploads\/2023\/12\/GJK_0535-768x512.jpg 768w, https:\/\/partizani.al\/sq\/wp-content\/uploads\/2023\/12\/GJK_0535-1536x1024.jpg 1536w, https:\/\/partizani.al\/sq\/wp-content\/uploads\/2023\/12\/GJK_0535-128x85.jpg 128w, https:\/\/partizani.al\/sq\/wp-content\/uploads\/2023\/12\/GJK_0535-32x21.jpg 32w, https:\/\/partizani.al\/sq\/wp-content\/uploads\/2023\/12\/GJK_0535-500x333.jpg 500w, https:\/\/partizani.al\/sq\/wp-content\/uploads\/2023\/12\/GJK_0535-800x533.jpg 800w, https:\/\/partizani.al\/sq\/wp-content\/uploads\/2023\/12\/GJK_0535-1280x853.jpg 1280w, https:\/\/partizani.al\/sq\/wp-content\/uploads\/2023\/12\/GJK_0535-900x600.jpg 900w, https:\/\/partizani.al\/sq\/wp-content\/uploads\/2023\/12\/GJK_0535-1140x760.jpg 1140w, https:\/\/partizani.al\/sq\/wp-content\/uploads\/2023\/12\/GJK_0535-200x133.jpg 200w, https:\/\/partizani.al\/sq\/wp-content\/uploads\/2023\/12\/GJK_0535-450x300.jpg 450w\" sizes=\"auto, (max-width: 1920px) 100vw, 1920px\" \/><\/p>\n<p><strong>Z\u00ebvend\u00ebsimet e Rrapaj dhe Mehmetit me Teut\u00ebn &#8211; <\/strong><\/p>\n<p><strong>Abilaliaj: <\/strong>Z\u00ebvend\u00ebsime t\u00eb detyruara. P\u00ebrpos halleve q\u00eb kemi shtohen dhe 2 d\u00ebmtime t\u00eb 2 prej lojtar\u00ebve m\u00eb t\u00eb r\u00ebnd\u00ebsishme q\u00eb kemi. Shpresoj t\u00eb rikuperohen deri n\u00eb sekond\u00ebn e fundit p\u00ebr k\u00ebt\u00eb p\u00ebrballje. Pavar\u00ebsisht se ndodh\u00ebn me Teut\u00ebn, ju e pat\u00eb q\u00eb me Teut\u00ebn ekipi e shtoi nivelin e loj\u00ebs dhe agresivitetin. Mendoj kemi humbur pak nga fuqia jon\u00eb q\u00eb ishte faza defensive n\u00eb total.<\/p>\n<p><img loading=\"lazy\" decoding=\"async\" class=\"alignnone size-full wp-image-50485\" src=\"https:\/\/partizani.al\/sq\/wp-content\/uploads\/2023\/12\/GJK_0522.jpg\" alt=\"\" width=\"1920\" height=\"1280\" srcset=\"https:\/\/partizani.al\/sq\/wp-content\/uploads\/2023\/12\/GJK_0522.jpg 1920w, https:\/\/partizani.al\/sq\/wp-content\/uploads\/2023\/12\/GJK_0522-300x200.jpg 300w, https:\/\/partizani.al\/sq\/wp-content\/uploads\/2023\/12\/GJK_0522-1024x683.jpg 1024w, https:\/\/partizani.al\/sq\/wp-content\/uploads\/2023\/12\/GJK_0522-768x512.jpg 768w, https:\/\/partizani.al\/sq\/wp-content\/uploads\/2023\/12\/GJK_0522-1536x1024.jpg 1536w, https:\/\/partizani.al\/sq\/wp-content\/uploads\/2023\/12\/GJK_0522-128x85.jpg 128w, https:\/\/partizani.al\/sq\/wp-content\/uploads\/2023\/12\/GJK_0522-32x21.jpg 32w, https:\/\/partizani.al\/sq\/wp-content\/uploads\/2023\/12\/GJK_0522-500x333.jpg 500w, https:\/\/partizani.al\/sq\/wp-content\/uploads\/2023\/12\/GJK_0522-800x533.jpg 800w, https:\/\/partizani.al\/sq\/wp-content\/uploads\/2023\/12\/GJK_0522-1280x853.jpg 1280w, https:\/\/partizani.al\/sq\/wp-content\/uploads\/2023\/12\/GJK_0522-900x600.jpg 900w, https:\/\/partizani.al\/sq\/wp-content\/uploads\/2023\/12\/GJK_0522-1140x760.jpg 1140w, https:\/\/partizani.al\/sq\/wp-content\/uploads\/2023\/12\/GJK_0522-200x133.jpg 200w, https:\/\/partizani.al\/sq\/wp-content\/uploads\/2023\/12\/GJK_0522-450x300.jpg 450w\" sizes=\"auto, (max-width: 1920px) 100vw, 1920px\" \/><\/p>\n<p><strong>Kalendari i ngjeshur dhe ndeshjet gjat\u00eb jav\u00ebs q\u00eb sjellin m\u00eb pak tifoz\u00eb, ndikimi te Partizani &#8211; <\/strong><\/p>\n<p><strong>Abilaliaj: <\/strong>N\u00eb momentin q\u00eb flasim, p\u00ebrve\u00e7 ndonj\u00eb hap\u00ebsire t\u00eb vog\u00ebl, Partizani ka filluar t\u00eb luaj\u00eb \u00e7do 3-4 dit\u00eb. Shto ndeshjet q\u00eb u b\u00ebn\u00eb t\u00eb prapambetura dhe ato t\u00eb sezonit veror, e kam th\u00ebn\u00eb dhe p\u00ebrs\u00ebris jan\u00eb futbollist\u00eb q\u00eb kan\u00eb n\u00eb k\u00ebto momente 2-3 kampionate n\u00eb kurriz q\u00eb k\u00ebto momente, pa mbaruar pjesa e dyt\u00eb e kampionatit. E dim\u00eb si do jet\u00eb forma e gjithsecilit, kemi nevoj\u00eb t\u00eb rikuperojm\u00eb futbollist\u00eb t\u2019I kemi t\u00eb gatsh\u00ebm. Ne deri me dat\u00eb 24 luajm\u00eb \u00e7do 3-4 dit\u00eb ndeshje dhe na v\u00eb n\u00eb v\u00ebshtir\u00ebsi, duke pasur parasysh se kemi dhe grup t\u00eb cunguar.<\/p>\n<p><img loading=\"lazy\" decoding=\"async\" class=\"alignnone size-full wp-image-50486\" src=\"https:\/\/partizani.al\/sq\/wp-content\/uploads\/2023\/12\/GJK_0540.jpg\" alt=\"\" width=\"853\" height=\"1280\" srcset=\"https:\/\/partizani.al\/sq\/wp-content\/uploads\/2023\/12\/GJK_0540.jpg 853w, https:\/\/partizani.al\/sq\/wp-content\/uploads\/2023\/12\/GJK_0540-200x300.jpg 200w, https:\/\/partizani.al\/sq\/wp-content\/uploads\/2023\/12\/GJK_0540-682x1024.jpg 682w, https:\/\/partizani.al\/sq\/wp-content\/uploads\/2023\/12\/GJK_0540-768x1152.jpg 768w, https:\/\/partizani.al\/sq\/wp-content\/uploads\/2023\/12\/GJK_0540-85x128.jpg 85w, https:\/\/partizani.al\/sq\/wp-content\/uploads\/2023\/12\/GJK_0540-21x32.jpg 21w, https:\/\/partizani.al\/sq\/wp-content\/uploads\/2023\/12\/GJK_0540-500x750.jpg 500w, https:\/\/partizani.al\/sq\/wp-content\/uploads\/2023\/12\/GJK_0540-800x1200.jpg 800w, https:\/\/partizani.al\/sq\/wp-content\/uploads\/2023\/12\/GJK_0540-400x600.jpg 400w, https:\/\/partizani.al\/sq\/wp-content\/uploads\/2023\/12\/GJK_0540-760x1140.jpg 760w, https:\/\/partizani.al\/sq\/wp-content\/uploads\/2023\/12\/GJK_0540-133x200.jpg 133w, https:\/\/partizani.al\/sq\/wp-content\/uploads\/2023\/12\/GJK_0540-300x450.jpg 300w\" sizes=\"auto, (max-width: 853px) 100vw, 853px\" \/><\/p>\n","protected":false},"excerpt":{"rendered":"<p>4 barazime radhazi &#8211; Abilaliaj: P\u00ebr momentin kam p\u00ebrshtypjen e din\u00eb t\u00eb gjith\u00eb po vuajm\u00eb munges\u00eb sidomos n\u00eb qend\u00ebr t\u00eb mbrojtjes. Shpresojm\u00eb t\u00eb rikuperojm\u00eb t\u00eb tjer\u00eb q\u00eb kemi n\u00eb dispozicion&#8230;.<\/p>\n","protected":false},"author":1,"featured_media":50482,"comment_status":"closed","ping_status":"closed","sticky":false,"template":"","format":"standard","meta":{"_seopress_robots_primary_cat":"none","_seopress_titles_title":"Konferenca p\u00ebr shtyp e trajnerit Arb\u00ebr Abilaliaj n\u00eb prag t\u00eb takimit ndaj Sk\u00ebnderbeut","_seopress_titles_desc":"P\u00ebr momentin kam p\u00ebrshtypjen e din\u00eb t\u00eb gjith\u00eb po vuajm\u00eb munges\u00eb sidomos n\u00eb qend\u00ebr t\u00eb mbrojtjes. Shpresojm\u00eb t\u00eb rikuperojm\u00eb t\u00eb tjer\u00eb q\u00eb kemi n\u00eb dispozicion.","_seopress_robots_index":"","_vp_format_video_url":"","_vp_image_focal_point":[],"footnotes":""},"categories":[107],"tags":[],"class_list":["post-50479","post","type-post","status-publish","format-standard","has-post-thumbnail","hentry","category-ekipi_i_pare"],"_links":{"self":[{"href":"https:\/\/partizani.al\/sq\/wp-json\/wp\/v2\/posts\/50479","targetHints":{"allow":["GET"]}}],"collection":[{"href":"https:\/\/partizani.al\/sq\/wp-json\/wp\/v2\/posts"}],"about":[{"href":"https:\/\/partizani.al\/sq\/wp-json\/wp\/v2\/types\/post"}],"author":[{"embeddable":true,"href":"https:\/\/partizani.al\/sq\/wp-json\/wp\/v2\/users\/1"}],"replies":[{"embeddable":true,"href":"https:\/\/partizani.al\/sq\/wp-json\/wp\/v2\/comments?post=50479"}],"version-history":[{"count":1,"href":"https:\/\/partizani.al\/sq\/wp-json\/wp\/v2\/posts\/50479\/revisions"}],"predecessor-version":[{"id":50487,"href":"https:\/\/partizani.al\/sq\/wp-json\/wp\/v2\/posts\/50479\/revisions\/50487"}],"wp:featuredmedia":[{"embeddable":true,"href":"https:\/\/partizani.al\/sq\/wp-json\/wp\/v2\/media\/50482"}],"wp:attachment":[{"href":"https:\/\/partizani.al\/sq\/wp-json\/wp\/v2\/media?parent=50479"}],"wp:term":[{"taxonomy":"category","embeddable":true,"href":"https:\/\/partizani.al\/sq\/wp-json\/wp\/v2\/categories?post=50479"},{"taxonomy":"post_tag","embeddable":true,"href":"https:\/\/partizani.al\/sq\/wp-json\/wp\/v2\/tags?post=50479"}],"curies":[{"name":"wp","href":"https:\/\/api.w.org\/{rel}","templated":true}]}}