{"id":50225,"date":"2023-12-06T18:00:34","date_gmt":"2023-12-06T16:00:34","guid":{"rendered":"https:\/\/partizani.al\/sq\/?p=50225"},"modified":"2023-12-06T18:00:34","modified_gmt":"2023-12-06T16:00:34","slug":"konferenca-per-shtyp-e-trajnerit-arber-abilaliaj-ne-prag-te-takimit-te-prapambetur-ndaj-teutes","status":"publish","type":"post","link":"https:\/\/partizani.al\/sq\/konferenca-per-shtyp-e-trajnerit-arber-abilaliaj-ne-prag-te-takimit-te-prapambetur-ndaj-teutes\/","title":{"rendered":"Konferenca p\u00ebr shtyp e trajnerit Arb\u00ebr Abilaliaj n\u00eb prag t\u00eb takimit t\u00eb prapambetur ndaj Teut\u00ebs"},"content":{"rendered":"<p><strong>Teuta ndeshja e prapambetur &#8211; <\/strong><\/p>\n<p><strong>\u00a0<\/strong><\/p>\n<p><strong>Abilaliaj:<\/strong> Kam p\u00ebrshtypjen q\u00eb t\u00eb gjitha ekipet n\u00eb Superlig\u00eb jan\u00eb t\u00eb v\u00ebshtira p\u00ebr t\u2019u p\u00ebrballur. \u00c7do skuad\u00ebr ka historin\u00eb e vet, k\u00ebshtu q\u00eb kam p\u00ebrshtypjen se \u00ebsht\u00eb nj\u00eb ndeshje e v\u00ebshtir\u00eb. Ne kemi luajtur me Teut\u00ebn k\u00ebtu dhe ka qen\u00eb e luftuar, u zgjidh vet\u00ebm n\u00eb fund. Duke qen\u00eb ndeshje e prapambetur, \u00ebsht\u00eb ndeshje q\u00eb n\u00ebse marrim pik\u00ebt e plota do jet\u00eb bonus i r\u00ebnd\u00ebsish\u00ebm psikologjik.<\/p>\n<p><img loading=\"lazy\" decoding=\"async\" class=\"alignnone size-full wp-image-50229\" src=\"https:\/\/partizani.al\/sq\/wp-content\/uploads\/2023\/12\/GJK_9453.jpg\" alt=\"\" width=\"1920\" height=\"1280\" srcset=\"https:\/\/partizani.al\/sq\/wp-content\/uploads\/2023\/12\/GJK_9453.jpg 1920w, https:\/\/partizani.al\/sq\/wp-content\/uploads\/2023\/12\/GJK_9453-300x200.jpg 300w, https:\/\/partizani.al\/sq\/wp-content\/uploads\/2023\/12\/GJK_9453-1024x683.jpg 1024w, https:\/\/partizani.al\/sq\/wp-content\/uploads\/2023\/12\/GJK_9453-768x512.jpg 768w, https:\/\/partizani.al\/sq\/wp-content\/uploads\/2023\/12\/GJK_9453-1536x1024.jpg 1536w, https:\/\/partizani.al\/sq\/wp-content\/uploads\/2023\/12\/GJK_9453-128x85.jpg 128w, https:\/\/partizani.al\/sq\/wp-content\/uploads\/2023\/12\/GJK_9453-32x21.jpg 32w, https:\/\/partizani.al\/sq\/wp-content\/uploads\/2023\/12\/GJK_9453-500x333.jpg 500w, https:\/\/partizani.al\/sq\/wp-content\/uploads\/2023\/12\/GJK_9453-800x533.jpg 800w, https:\/\/partizani.al\/sq\/wp-content\/uploads\/2023\/12\/GJK_9453-1280x853.jpg 1280w, https:\/\/partizani.al\/sq\/wp-content\/uploads\/2023\/12\/GJK_9453-900x600.jpg 900w, https:\/\/partizani.al\/sq\/wp-content\/uploads\/2023\/12\/GJK_9453-1140x760.jpg 1140w, https:\/\/partizani.al\/sq\/wp-content\/uploads\/2023\/12\/GJK_9453-200x133.jpg 200w, https:\/\/partizani.al\/sq\/wp-content\/uploads\/2023\/12\/GJK_9453-450x300.jpg 450w\" sizes=\"auto, (max-width: 1920px) 100vw, 1920px\" \/><\/p>\n<p><strong>\u00a0<\/strong><\/p>\n<p><strong>Largimi i Grezd\u00ebs. Gjendja psikologjike e ekipit \u2013 <\/strong><\/p>\n<p><strong>\u00a0<\/strong><\/p>\n<p><strong>Abilaliaj:<\/strong> Psikologjikisht i gjith\u00eb grupi \u00ebsht\u00eb pozitiv. I ka tejkaluar t\u00eb gjitha v\u00ebshtir\u00ebsit\u00eb q\u00eb ka pasur deri n\u00eb k\u00ebto momente. Kan\u00eb munguar dhe vazhdojn\u00eb t\u00eb mungojn\u00eb shum\u00eb lojtar\u00eb. Mendoj kemi b\u00ebr\u00eb mir\u00eb. P\u00ebrsa i p\u00ebrket largimit t\u00eb Grezd\u00ebs, pritshm\u00ebrit\u00eb kan\u00eb qen\u00eb t\u00eb larta. Ishte marr\u00ebveshje e b\u00ebr\u00eb q\u00eb n\u00eb fillimet e tij te Partizani. Grezda dhe klubi nuk mor\u00ebn dot \u00e7far\u00eb donin. Mungesa e Maguette \u00ebsht\u00eb e r\u00ebnd\u00ebsishme, por as m\u00eb pak as m\u00eb shum\u00eb e r\u00ebnd\u00ebsishme, duke pasur parasysh t\u00eb gjitha mungesat e tjera q\u00eb kemi. Jemi m\u00ebsuar.<\/p>\n<p>&nbsp;<\/p>\n<p><strong>Ndikimi i rezultatit n\u00eb derbi, duke marr\u00eb parasysh se ishit p\u00ebr shum\u00eb koh\u00eb n\u00eb disavantazh \u2013 <\/strong><\/p>\n<p><strong>\u00a0<\/strong><\/p>\n<p><strong>Abilaliaj: <\/strong>Jo t\u00eb them t\u00eb drejt\u00ebn, jam totalisht n\u00ebse mund t\u00eb them i k\u00ebnaqur me pjes\u00ebn e dyt\u00eb si reagoi ekipi. I dinim kostot q\u00eb i mor\u00ebm p\u00ebrsip\u00ebr n\u00eb pjes\u00ebn e par\u00eb dhe n\u00eb pjes\u00ebn e dyt\u00eb ekipi reagoi. Keqardhje q\u00eb nuk arrit\u00ebm n\u00eb baz\u00eb t\u00eb parashikimeve, t\u00eb luanim futboll. Nuk u luajt, n\u00eb pjes\u00ebn e par\u00eb u luajt shum\u00eb pak p\u00ebr t\u00eb mos th\u00ebn\u00eb aspak. Intensiteti q\u00eb nga fillimi deri n\u00eb fund ishte v\u00ebshtir\u00eb p\u00ebr t\u00eb arritur. Dukej m\u00eb shum\u00eb si aren\u00eb lufte se sa futbolli, p\u00ebr t\u2019u shprehur futbollist\u00ebt. V\u00ebmendjen e derbit e mor\u00ebn totalisht t\u00eb tjera gj\u00ebra n\u00eb krahasim me futbollin e bukur.<\/p>\n<p><img loading=\"lazy\" decoding=\"async\" class=\"alignnone size-full wp-image-50230\" src=\"https:\/\/partizani.al\/sq\/wp-content\/uploads\/2023\/12\/GJK_9445.jpg\" alt=\"\" width=\"1920\" height=\"1280\" srcset=\"https:\/\/partizani.al\/sq\/wp-content\/uploads\/2023\/12\/GJK_9445.jpg 1920w, https:\/\/partizani.al\/sq\/wp-content\/uploads\/2023\/12\/GJK_9445-300x200.jpg 300w, https:\/\/partizani.al\/sq\/wp-content\/uploads\/2023\/12\/GJK_9445-1024x683.jpg 1024w, https:\/\/partizani.al\/sq\/wp-content\/uploads\/2023\/12\/GJK_9445-768x512.jpg 768w, https:\/\/partizani.al\/sq\/wp-content\/uploads\/2023\/12\/GJK_9445-1536x1024.jpg 1536w, https:\/\/partizani.al\/sq\/wp-content\/uploads\/2023\/12\/GJK_9445-128x85.jpg 128w, https:\/\/partizani.al\/sq\/wp-content\/uploads\/2023\/12\/GJK_9445-32x21.jpg 32w, https:\/\/partizani.al\/sq\/wp-content\/uploads\/2023\/12\/GJK_9445-500x333.jpg 500w, https:\/\/partizani.al\/sq\/wp-content\/uploads\/2023\/12\/GJK_9445-800x533.jpg 800w, https:\/\/partizani.al\/sq\/wp-content\/uploads\/2023\/12\/GJK_9445-1280x853.jpg 1280w, https:\/\/partizani.al\/sq\/wp-content\/uploads\/2023\/12\/GJK_9445-900x600.jpg 900w, https:\/\/partizani.al\/sq\/wp-content\/uploads\/2023\/12\/GJK_9445-1140x760.jpg 1140w, https:\/\/partizani.al\/sq\/wp-content\/uploads\/2023\/12\/GJK_9445-200x133.jpg 200w, https:\/\/partizani.al\/sq\/wp-content\/uploads\/2023\/12\/GJK_9445-450x300.jpg 450w\" sizes=\"auto, (max-width: 1920px) 100vw, 1920px\" \/><\/p>\n<p>&nbsp;<\/p>\n<p><strong>Reagimi i Rrapaj n\u00eb derbi \u2013 <\/strong><\/p>\n<p><strong>\u00a0<\/strong><\/p>\n<p><strong>Abilaliaj &#8211; <\/strong>Ne n\u00eb fund t\u00eb \u00e7do ndeshje b\u00ebjm\u00eb dhe analizat tona, sa i p\u00ebrket m\u00ebnyr\u00ebs si duhet t\u00eb shfaqet \u00e7do futbollist. Nuk jemi shum\u00eb krenar po e p\u00ebrs\u00ebris nuk ishte Rrapaj, duke e ditur p\u00ebr korrektes\u00ebn. N\u00ebse arrin Rrapaj t\u00eb reagoj\u00eb ashtu, ishte mbushur kupa. Duke pasur parasysh rrjedh\u00ebn, m\u00ebnyr\u00ebn si po arbitrohej ndeshja dhe si shkoi deri n\u00eb at\u00eb m\u00ebnyr\u00eb.<\/p>\n<p>&nbsp;<\/p>\n<p><strong>Episodi i penalltis\u00eb s\u00eb Najdovskit \u2013<\/strong><\/p>\n<p><strong>\u00a0<\/strong><\/p>\n<p><strong>Abilaliaj: <\/strong>Vet\u00ebm bufi nuk mund ta shikonte at\u00eb penallti. Dhe ai q\u00eb ishte n\u00eb fundin e katit t\u00eb dyt\u00eb t\u00eb tribun\u00ebs, ishte m\u00ebse e dukshme. Ky \u00ebsht\u00eb interpretim q\u00eb pas pilafit nuk na duhet. N\u00eb fund t\u00eb fundit nuk mbaj mend q\u00eb kemi marr\u00eb ndonj\u00eb penallti pro. Kan\u00eb qen\u00eb dor\u00ebl\u00ebshuar kundrejt Partizanit. M\u00eb vjen n\u00eb mendje java e 5-t\u00eb me Dinamon q\u00eb ishte nj\u00eb penallti e dhuruar p\u00ebr ata. Por u b\u00eb e bezdisshme n\u00eb pik\u00ebn q\u00eb jemi, duke pasur parasysh q\u00eb nuk e meriton ekipi q\u00eb faktor t\u00eb b\u00ebhen bluzat e zeza n\u00eb fush\u00eb, nd\u00ebrkoh\u00eb q\u00eb p\u00ebrpos luft\u00ebs dhe vuajtjeve q\u00eb kemi p\u00ebr t\u00eb gjetur balancat duke pasur parasysh d\u00ebmtimet, t\u00eb thuash pas ndeshjes q\u00eb iu mohua penallti apo nuk doli me t\u00eb kuq filani, nuk pi uj\u00eb m\u00eb von\u00eb.<\/p>\n<p>Keqardhje p\u00ebr t\u00eb gjitha k\u00ebto gj\u00ebra, q\u00eb deri n\u00eb k\u00ebto momente po b\u00ebhen t\u00eb bezdisshme. Kam pasur reagime jo si duhet q\u00eb n\u00eb pjes\u00ebn e dyt\u00eb q\u00eb kemi b\u00ebr\u00eb me Egnatian, me Dinamon k\u00ebtu dhe patjet\u00ebr n\u00eb derbi. Masa m\u00eb e madhe e tifoz\u00ebris\u00eb mund t\u00eb kapin detaje q\u00eb jan\u00eb fare t\u00eb dukshme, por brenda ndeshjes detaje ka pasur plot dhe kan\u00eb ndikuar rrjedh\u00ebn e saj deri diku. Dhe n\u00ebse shp\u00ebrthimi i Rrapajt erdhi n\u00eb minut\u00ebn e 60\u2019, po them se ishte mbushur kupa p\u00ebr \u00e7far\u00ebdo gj\u00eb q\u00eb n\u00eb sekondin e par\u00eb, faullin e Bintsoukas e pastaj me radh\u00eb.<\/p>\n<p><img loading=\"lazy\" decoding=\"async\" class=\"alignnone size-full wp-image-50231\" src=\"https:\/\/partizani.al\/sq\/wp-content\/uploads\/2023\/12\/GJK_9468.jpg\" alt=\"\" width=\"853\" height=\"1280\" srcset=\"https:\/\/partizani.al\/sq\/wp-content\/uploads\/2023\/12\/GJK_9468.jpg 853w, https:\/\/partizani.al\/sq\/wp-content\/uploads\/2023\/12\/GJK_9468-200x300.jpg 200w, https:\/\/partizani.al\/sq\/wp-content\/uploads\/2023\/12\/GJK_9468-682x1024.jpg 682w, https:\/\/partizani.al\/sq\/wp-content\/uploads\/2023\/12\/GJK_9468-768x1152.jpg 768w, https:\/\/partizani.al\/sq\/wp-content\/uploads\/2023\/12\/GJK_9468-85x128.jpg 85w, https:\/\/partizani.al\/sq\/wp-content\/uploads\/2023\/12\/GJK_9468-21x32.jpg 21w, https:\/\/partizani.al\/sq\/wp-content\/uploads\/2023\/12\/GJK_9468-500x750.jpg 500w, https:\/\/partizani.al\/sq\/wp-content\/uploads\/2023\/12\/GJK_9468-800x1200.jpg 800w, https:\/\/partizani.al\/sq\/wp-content\/uploads\/2023\/12\/GJK_9468-400x600.jpg 400w, https:\/\/partizani.al\/sq\/wp-content\/uploads\/2023\/12\/GJK_9468-760x1140.jpg 760w, https:\/\/partizani.al\/sq\/wp-content\/uploads\/2023\/12\/GJK_9468-133x200.jpg 133w, https:\/\/partizani.al\/sq\/wp-content\/uploads\/2023\/12\/GJK_9468-300x450.jpg 300w\" sizes=\"auto, (max-width: 853px) 100vw, 853px\" \/><\/p>\n<p>&nbsp;<\/p>\n<p><strong>Keko, hera e dyt\u00eb n\u00eb derbi vendimtar \u2013 <\/strong><\/p>\n<p><strong>\u00a0<\/strong><\/p>\n<p><strong>Abilaliaj: <\/strong>E kam th\u00ebn\u00eb pas Teut\u00ebs, \u00ebsht\u00eb djal q\u00eb st\u00ebrvitet mir\u00eb dhe \u00ebsht\u00eb pozitiv p\u00ebr arritjet q\u00eb k\u00ebrkon t\u00eb ket\u00eb ekipi. Futbollist q\u00eb posht\u00eb 15 metrave mund t\u00eb performoj\u00eb m\u00eb mir\u00eb se ndoshta t\u00eb gjith\u00eb t\u00eb tjer\u00ebt. Por p\u00ebr t\u00eb qen\u00eb titullar duhet t\u00eb ket\u00eb dhe elemente t\u00eb tjer\u00eb q\u00eb kam folur me Kekon. Duhet akoma m\u00eb shum\u00eb q\u00eb t\u00eb integrohet me aksionin, pastaj finalizimin e ka.<\/p>\n<p>&nbsp;<\/p>\n<p><strong>Shans i mir\u00eb p\u00ebr ritkhimin tek fitoret \u2013 <\/strong><\/p>\n<p><strong>\u00a0<\/strong><\/p>\n<p><strong>Abilaliaj:<\/strong> Duket pasur parasysh q\u00eb duhet t\u00eb ishte zhvilluar jav\u00ebn e par\u00eb, e shoh si bonus t\u00eb r\u00ebnd\u00ebsish\u00ebm p\u00ebr t\u00eb rikuperuar pik\u00ebt q\u00eb kemi l\u00ebn\u00eb. T\u00eb gjith\u00eb jemi t\u00eb nd\u00ebrgjegjsh\u00ebm q\u00eb do jet\u00eb ndeshje e v\u00ebshtir\u00eb. Pozicioni i Teut\u00ebs nuk tregon kualitetin q\u00eb kan\u00eb ata. Ja ku jemi sot, ku ishte Dinamo para 3-4 jav\u00ebve dhe sot diskutojm\u00eb q\u00eb mund t\u00eb luftoj\u00eb p\u00ebr play- off. \u00cbsht\u00eb kampionat i gjat\u00eb. Teuta ka grup luftarak k\u00ebshtu q\u00eb do jet\u00eb e bukur dhe luftuar.<\/p>\n<p>Ne po vuajm\u00eb p\u00ebr t\u00eb stabilizuar mekanizmat e asaj q\u00eb po nd\u00ebrtojm\u00eb. Menduam se u konsoliduam n\u00eb an\u00ebn difensive, do fillonim t\u00eb punonim dhe p\u00ebr mesfush\u00ebn e sulmin. Thash\u00eb, kur na hapet grop\u00eb n\u00eb qendr\u00ebn e mbrojtjes jemi t\u00eb detyruar t\u00eb improvizojm\u00eb dhe k\u00ebto kan\u00eb kostot e veta. Kushdo q\u00eb merret me k\u00ebt\u00eb gj\u00eb e di q\u00eb \u00ebsht\u00eb e paevitueshme q\u00eb p\u00ebr nj\u00eb periudh\u00eb t\u00eb gjat\u00eb t\u00eb mos kesh kosto n\u00eb k\u00ebt\u00eb drejtim. Ne jemi munduar q\u00eb t\u2019i minimizojm\u00eb, deri n\u00eb k\u00ebt\u00eb moment q\u00eb kemi shum\u00eb futbollist\u00eb. Fati jon\u00eb i keq q\u00eb jan\u00eb d\u00ebmtuar n\u00eb nj\u00eb repart.<\/p>\n<p><img loading=\"lazy\" decoding=\"async\" class=\"alignnone size-full wp-image-50232\" src=\"https:\/\/partizani.al\/sq\/wp-content\/uploads\/2023\/12\/GJK_9456.jpg\" alt=\"\" width=\"1920\" height=\"1280\" srcset=\"https:\/\/partizani.al\/sq\/wp-content\/uploads\/2023\/12\/GJK_9456.jpg 1920w, https:\/\/partizani.al\/sq\/wp-content\/uploads\/2023\/12\/GJK_9456-300x200.jpg 300w, https:\/\/partizani.al\/sq\/wp-content\/uploads\/2023\/12\/GJK_9456-1024x683.jpg 1024w, https:\/\/partizani.al\/sq\/wp-content\/uploads\/2023\/12\/GJK_9456-768x512.jpg 768w, https:\/\/partizani.al\/sq\/wp-content\/uploads\/2023\/12\/GJK_9456-1536x1024.jpg 1536w, https:\/\/partizani.al\/sq\/wp-content\/uploads\/2023\/12\/GJK_9456-128x85.jpg 128w, https:\/\/partizani.al\/sq\/wp-content\/uploads\/2023\/12\/GJK_9456-32x21.jpg 32w, https:\/\/partizani.al\/sq\/wp-content\/uploads\/2023\/12\/GJK_9456-500x333.jpg 500w, https:\/\/partizani.al\/sq\/wp-content\/uploads\/2023\/12\/GJK_9456-800x533.jpg 800w, https:\/\/partizani.al\/sq\/wp-content\/uploads\/2023\/12\/GJK_9456-1280x853.jpg 1280w, https:\/\/partizani.al\/sq\/wp-content\/uploads\/2023\/12\/GJK_9456-900x600.jpg 900w, https:\/\/partizani.al\/sq\/wp-content\/uploads\/2023\/12\/GJK_9456-1140x760.jpg 1140w, https:\/\/partizani.al\/sq\/wp-content\/uploads\/2023\/12\/GJK_9456-200x133.jpg 200w, https:\/\/partizani.al\/sq\/wp-content\/uploads\/2023\/12\/GJK_9456-450x300.jpg 450w\" sizes=\"auto, (max-width: 1920px) 100vw, 1920px\" \/><\/p>\n<p>&nbsp;<\/p>\n<p><strong>Fusha e Partizanit sintetike \u2013<\/strong><\/p>\n<p><strong>\u00a0<\/strong><\/p>\n<p><strong>Abilaliaj:<\/strong> Nj\u00eb pjes\u00eb e mir\u00eb e lojtar\u00ebve kan\u00eb 10 vjet q\u00eb st\u00ebrviten n\u00eb k\u00ebto terrene. Me sa kam dijeni, pjesa m\u00eb e madhe e futbollist\u00ebve n\u00eb Shqip\u00ebri st\u00ebrviten k\u00ebshtu. Patjet\u00ebr q\u00eb nuk \u00ebsht\u00eb m\u00eb mir\u00eb t\u00eb mos st\u00ebrviten aty, n\u00ebse m\u00eb thua n\u00eb fush\u00eb me bar apo sintetike. Jemi n\u00eb zhvillim e sip\u00ebr te kompleksi yn\u00eb. T\u00eb st\u00ebrviten me bar natyral patjet\u00ebr q\u00eb do ulte dhe numrin e d\u00ebmtimeve. Nj\u00eb minus q\u00eb mund t\u00eb na jap\u00eb \u00ebsht\u00eb p\u00ebrve\u00e7 st\u00ebrvitjeve b\u00ebjm\u00eb dhe ndeshjet dhe mund t\u00eb bezdis\u00eb lojtar\u00ebt.<\/p>\n<p>&nbsp;<\/p>\n<p><strong>Grezda, largimi i fundit \u2013 <\/strong><\/p>\n<p><strong>\u00a0<\/strong><\/p>\n<p><strong>Abilaliaj: <\/strong>Kemi pasur prishje kontrate konsensuale. Nuk ka n\u00eb plan t\u00eb largohet dikush tjet\u00ebr. N\u00eb janar mund t\u00eb b\u00ebjm\u00eb afrim n\u00eb qend\u00ebr t\u00eb mbrojtjes. P\u00ebrve\u00e7 Grezd\u00ebs nuk ka n\u00eb plan p\u00ebr largim tjet\u00ebr.<\/p>\n<p><img loading=\"lazy\" decoding=\"async\" class=\"alignnone size-full wp-image-50228\" src=\"https:\/\/partizani.al\/sq\/wp-content\/uploads\/2023\/12\/GJK_9477.jpg\" alt=\"\" width=\"1920\" height=\"1280\" srcset=\"https:\/\/partizani.al\/sq\/wp-content\/uploads\/2023\/12\/GJK_9477.jpg 1920w, https:\/\/partizani.al\/sq\/wp-content\/uploads\/2023\/12\/GJK_9477-300x200.jpg 300w, https:\/\/partizani.al\/sq\/wp-content\/uploads\/2023\/12\/GJK_9477-768x512.jpg 768w, https:\/\/partizani.al\/sq\/wp-content\/uploads\/2023\/12\/GJK_9477-1024x683.jpg 1024w, https:\/\/partizani.al\/sq\/wp-content\/uploads\/2023\/12\/GJK_9477-1536x1024.jpg 1536w, https:\/\/partizani.al\/sq\/wp-content\/uploads\/2023\/12\/GJK_9477-128x85.jpg 128w, https:\/\/partizani.al\/sq\/wp-content\/uploads\/2023\/12\/GJK_9477-32x21.jpg 32w, https:\/\/partizani.al\/sq\/wp-content\/uploads\/2023\/12\/GJK_9477-500x333.jpg 500w, https:\/\/partizani.al\/sq\/wp-content\/uploads\/2023\/12\/GJK_9477-800x533.jpg 800w, https:\/\/partizani.al\/sq\/wp-content\/uploads\/2023\/12\/GJK_9477-1280x853.jpg 1280w, https:\/\/partizani.al\/sq\/wp-content\/uploads\/2023\/12\/GJK_9477-900x600.jpg 900w, https:\/\/partizani.al\/sq\/wp-content\/uploads\/2023\/12\/GJK_9477-1140x760.jpg 1140w, https:\/\/partizani.al\/sq\/wp-content\/uploads\/2023\/12\/GJK_9477-200x133.jpg 200w, https:\/\/partizani.al\/sq\/wp-content\/uploads\/2023\/12\/GJK_9477-450x300.jpg 450w\" sizes=\"auto, (max-width: 1920px) 100vw, 1920px\" \/><\/p>\n<p>&nbsp;<\/p>\n","protected":false},"excerpt":{"rendered":"<p>Teuta ndeshja e prapambetur &#8211; \u00a0 Abilaliaj: Kam p\u00ebrshtypjen q\u00eb t\u00eb gjitha ekipet n\u00eb Superlig\u00eb jan\u00eb t\u00eb v\u00ebshtira p\u00ebr t\u2019u p\u00ebrballur. \u00c7do skuad\u00ebr ka historin\u00eb e vet, k\u00ebshtu q\u00eb kam&#8230;<\/p>\n","protected":false},"author":1,"featured_media":50228,"comment_status":"closed","ping_status":"closed","sticky":false,"template":"","format":"standard","meta":{"_seopress_robots_primary_cat":"none","_seopress_titles_title":" Konferenca p\u00ebr shtyp e trajnerit Arb\u00ebr Abilaliaj n\u00eb prag t\u00eb takimit t\u00eb prapambetur ndaj Teut\u00ebs","_seopress_titles_desc":"Kam p\u00ebrshtypjen q\u00eb t\u00eb gjitha ekipet n\u00eb Superlig\u00eb jan\u00eb t\u00eb v\u00ebshtira p\u00ebr t\u2019u p\u00ebrballur. \u00c7do skuad\u00ebr ka historin\u00eb e vet, k\u00ebshtu q\u00eb kam p\u00ebrshtypjen se \u00ebsht\u00eb nj\u00eb ndeshje e v\u00ebshtir\u00eb.","_seopress_robots_index":"","_vp_format_video_url":"","_vp_image_focal_point":[],"footnotes":""},"categories":[107],"tags":[],"class_list":["post-50225","post","type-post","status-publish","format-standard","has-post-thumbnail","hentry","category-ekipi_i_pare"],"_links":{"self":[{"href":"https:\/\/partizani.al\/sq\/wp-json\/wp\/v2\/posts\/50225","targetHints":{"allow":["GET"]}}],"collection":[{"href":"https:\/\/partizani.al\/sq\/wp-json\/wp\/v2\/posts"}],"about":[{"href":"https:\/\/partizani.al\/sq\/wp-json\/wp\/v2\/types\/post"}],"author":[{"embeddable":true,"href":"https:\/\/partizani.al\/sq\/wp-json\/wp\/v2\/users\/1"}],"replies":[{"embeddable":true,"href":"https:\/\/partizani.al\/sq\/wp-json\/wp\/v2\/comments?post=50225"}],"version-history":[{"count":0,"href":"https:\/\/partizani.al\/sq\/wp-json\/wp\/v2\/posts\/50225\/revisions"}],"wp:featuredmedia":[{"embeddable":true,"href":"https:\/\/partizani.al\/sq\/wp-json\/wp\/v2\/media\/50228"}],"wp:attachment":[{"href":"https:\/\/partizani.al\/sq\/wp-json\/wp\/v2\/media?parent=50225"}],"wp:term":[{"taxonomy":"category","embeddable":true,"href":"https:\/\/partizani.al\/sq\/wp-json\/wp\/v2\/categories?post=50225"},{"taxonomy":"post_tag","embeddable":true,"href":"https:\/\/partizani.al\/sq\/wp-json\/wp\/v2\/tags?post=50225"}],"curies":[{"name":"wp","href":"https:\/\/api.w.org\/{rel}","templated":true}]}}