{"id":49806,"date":"2023-11-19T13:58:13","date_gmt":"2023-11-19T11:58:13","guid":{"rendered":"https:\/\/partizani.al\/sq\/?p=49806"},"modified":"2023-11-24T00:02:38","modified_gmt":"2023-11-23T22:02:38","slug":"presidenti-gazment-demi-zyrtarizon-arber-abilaliajn-ne-stolin-e-skuadres","status":"publish","type":"post","link":"https:\/\/partizani.al\/sq\/presidenti-gazment-demi-zyrtarizon-arber-abilaliajn-ne-stolin-e-skuadres\/","title":{"rendered":"Presidenti Gazment Demi zyrtarizon Arb\u00ebr Abilaliajn n\u00eb stolin e skuadres"},"content":{"rendered":"<p><strong>Demi:<\/strong> Si\u00e7 e dini ne kemi filluar nj\u00eb projekt t\u00eb ri me drejtor Arb\u00ebr Abilaliajn, me trajner Zoran Zeki\u00e7 i cili ishte edhe zgjedhje e drejtorit sportiv. Pat\u00ebm problametika t\u00eb vogla , pasi Zeki\u00e7 kishte nj\u00eb problem familjar dhe u ndam. P\u00ebrgjat\u00eb k\u00ebsaj kohe ekipin e drejton drejtori sportiv. P\u00ebr t\u00eb shuar t\u00eb gjitha keqkuptimet ne si staf, Arbri sidomos si drejtor sportiv sepse ka edhe p\u00ebrgjegj\u00ebsit\u00eb e gjith\u00eb projektit ton\u00eb. Mbas shum\u00eb diskutimeve arrit\u00ebm n\u00eb p\u00ebrfundimin q\u00eb trajneri m\u00eb i mir\u00eb p\u00ebr momentin p\u00ebr Partizanin dhe q\u00eb em\u00ebrohet sot trajner do t\u00eb jeet\u00eb zoti Arb\u00ebr Abilaliaj. Ai do ti mbaj t\u00eb dy funksionet dhe i uroj Arbrit m\u00eb t\u00eb mirat dhe shum\u00eb suksese. Si trajner i Partizanit do t\u00eb jet\u00eb p\u00ebr nj\u00eb koh\u00eb t\u00eb gjat\u00eb n\u00eb bashkupunimin me mua dhe drejtuesit e tjer\u00eb t\u00eb Partizanit.<\/p>\n<p><strong>Keni patur gjat\u00eb k\u00ebsaj kohe ndonj\u00eb luhajte apo dilem\u00eb n\u00eb vendim e trajnerit &#8211; <\/strong><\/p>\n<p><strong>Demi:<\/strong> Vet\u00eb sporti ka luhajtet e veta, ndaj edhe ne njer\u00ebz t\u00eb gjall\u00eb jemi kemi luhajtjet tona. Kur e menduam n\u00eb emergjinc\u00eb q\u00eb skuadr\u00ebn ta drejtonte Arbri, t\u00eb jem korrekt brenda meje kisha d\u00ebshir\u00eb q\u00eb Arbri t\u00eb vazhdonte m\u00eb gjat\u00eb. Por impenjmet q\u00eb ka aim je pjes\u00ebn e drejtorit sportive e dini jan\u00eb m\u00eb t\u00eb m\u00ebdha. Mbas disa konsultimeve e ka marr p\u00ebrsip\u00ebr ti shtoj\u00eb or\u00ebt e tij t\u00eb pun\u00ebs dhe t\u00eb vazhdoj ta drejtoj Partizanin n\u00eb m\u00ebnyr\u00ebn si\u00e7 di vet. Tani e ka edhe m\u00eb t\u00eb leht\u00eb sepse \u00ebsht\u00eb edhe drejtor sportiv edhe trajner dhe gj\u00ebrat i b\u00ebn edhe m\u00eb thjesht\u00eb edhe m\u00eb thjesht\u00eb edhe m\u00eb mir\u00eb.<\/p>\n<p><img loading=\"lazy\" decoding=\"async\" class=\"alignnone size-full wp-image-49807\" src=\"https:\/\/partizani.al\/sq\/wp-content\/uploads\/2023\/11\/gaz-demi-2.jpg\" alt=\"\" width=\"2048\" height=\"1365\" srcset=\"https:\/\/partizani.al\/sq\/wp-content\/uploads\/2023\/11\/gaz-demi-2.jpg 2048w, https:\/\/partizani.al\/sq\/wp-content\/uploads\/2023\/11\/gaz-demi-2-300x200.jpg 300w, https:\/\/partizani.al\/sq\/wp-content\/uploads\/2023\/11\/gaz-demi-2-1024x683.jpg 1024w, https:\/\/partizani.al\/sq\/wp-content\/uploads\/2023\/11\/gaz-demi-2-768x512.jpg 768w, https:\/\/partizani.al\/sq\/wp-content\/uploads\/2023\/11\/gaz-demi-2-1536x1024.jpg 1536w, https:\/\/partizani.al\/sq\/wp-content\/uploads\/2023\/11\/gaz-demi-2-128x85.jpg 128w, https:\/\/partizani.al\/sq\/wp-content\/uploads\/2023\/11\/gaz-demi-2-32x21.jpg 32w, https:\/\/partizani.al\/sq\/wp-content\/uploads\/2023\/11\/gaz-demi-2-500x333.jpg 500w, https:\/\/partizani.al\/sq\/wp-content\/uploads\/2023\/11\/gaz-demi-2-800x533.jpg 800w, https:\/\/partizani.al\/sq\/wp-content\/uploads\/2023\/11\/gaz-demi-2-1280x853.jpg 1280w, https:\/\/partizani.al\/sq\/wp-content\/uploads\/2023\/11\/gaz-demi-2-1920x1280.jpg 1920w, https:\/\/partizani.al\/sq\/wp-content\/uploads\/2023\/11\/gaz-demi-2-900x600.jpg 900w, https:\/\/partizani.al\/sq\/wp-content\/uploads\/2023\/11\/gaz-demi-2-1140x760.jpg 1140w, https:\/\/partizani.al\/sq\/wp-content\/uploads\/2023\/11\/gaz-demi-2-200x133.jpg 200w, https:\/\/partizani.al\/sq\/wp-content\/uploads\/2023\/11\/gaz-demi-2-450x300.jpg 450w\" sizes=\"auto, (max-width: 2048px) 100vw, 2048px\" \/><\/p>\n<p><strong>Duke krahasuar epok\u00ebn e Zeki\u00e7, sa u surprizuat nga ecurina e Abilaliajt &#8211; \u00a0<\/strong><\/p>\n<p><strong>Demi: <\/strong>Si\u00e7 e dini te kjo pjes\u00eb \u00ebsht\u00eb projekti i Arb\u00ebr Abilaliaj dhe Zeki\u00e7. T\u00eb jem korrekt nuk jam suprizuar. Pishman m\u00eb ka mbetur q\u00eb ne nuk ec\u00ebm dot n\u00eb evrop\u00eb. Stafi \u00ebsht\u00eb i nj\u00ebjti arbrin ka qen\u00eb q\u00eb dit\u00ebn e par\u00eb me Zeki\u00e7. Nuk I heqim asnj\u00ebrit merita, Arbri ka meritat e tij, Zeki\u00e7 kishte meeritat e tij . Un\u00eb personalisht nuk kam komplekse , jam shum\u00eb besimplot\u00eb p\u00ebr ecurin\u00eb e Arbrit, p\u00ebr Partizanin dhe t\u00eb gjith\u00eb ne.<\/p>\n<p><strong>Ju k\u00ebnaq kjo ecuri e Partizanit, \u00ebsht\u00eb skuadra q\u00eb ju k\u00ebrkoni &#8211; <\/strong><\/p>\n<p><strong>Demi:<\/strong> P\u00ebr investimet q\u00eb ne b\u00ebjm\u00eb si klub, jo vet\u00ebm p\u00ebr lojtar\u00eb por si\u00e7 e shikoni edhe vazhdojm\u00eb akoma investimet. Kuptohet q\u00eb ke investimet e m\u00ebdha asnj\u00eb her\u00eb nuk k\u00ebnaqesh maksimalisht. Megjithat\u00eb un\u00eb mendoj q\u00eb fryma e re q\u00eb ka sjell Arbri me nj\u00eb ekip me djem t\u00eb rinj un\u00eb mendoj q\u00eb do ecim shum\u00eb p\u00ebrpara. Megjithat\u00eb ju e dini q\u00eb futbolli ka edhe pjes\u00ebn e fatit. Un\u00eb si president kuptohet gjithmon\u00eb dua t\u00eb jem 10 pik\u00eb p\u00ebrpara jo me pik\u00eb t\u00eb barabarta . Kampionati sapo ka filluar, skema si\u00e7 e dini ka ndryshuar ka t\u00eb mirat dhe t\u00eb k\u00ebqijat e veta q\u00eb ndoshta nuk e fusin n\u00eb stress shum\u00eb trajnerin, por mendojm\u00eb q\u00eb do ecim mir\u00eb.<\/p>\n<p><img loading=\"lazy\" decoding=\"async\" class=\"alignnone size-full wp-image-49808\" src=\"https:\/\/partizani.al\/sq\/wp-content\/uploads\/2023\/11\/gaz-demi-3.jpg\" alt=\"\" width=\"2048\" height=\"1365\" srcset=\"https:\/\/partizani.al\/sq\/wp-content\/uploads\/2023\/11\/gaz-demi-3.jpg 2048w, https:\/\/partizani.al\/sq\/wp-content\/uploads\/2023\/11\/gaz-demi-3-300x200.jpg 300w, https:\/\/partizani.al\/sq\/wp-content\/uploads\/2023\/11\/gaz-demi-3-768x512.jpg 768w, https:\/\/partizani.al\/sq\/wp-content\/uploads\/2023\/11\/gaz-demi-3-1024x683.jpg 1024w, https:\/\/partizani.al\/sq\/wp-content\/uploads\/2023\/11\/gaz-demi-3-1536x1024.jpg 1536w, https:\/\/partizani.al\/sq\/wp-content\/uploads\/2023\/11\/gaz-demi-3-128x85.jpg 128w, https:\/\/partizani.al\/sq\/wp-content\/uploads\/2023\/11\/gaz-demi-3-32x21.jpg 32w, https:\/\/partizani.al\/sq\/wp-content\/uploads\/2023\/11\/gaz-demi-3-500x333.jpg 500w, https:\/\/partizani.al\/sq\/wp-content\/uploads\/2023\/11\/gaz-demi-3-800x533.jpg 800w, https:\/\/partizani.al\/sq\/wp-content\/uploads\/2023\/11\/gaz-demi-3-1280x853.jpg 1280w, https:\/\/partizani.al\/sq\/wp-content\/uploads\/2023\/11\/gaz-demi-3-1920x1280.jpg 1920w, https:\/\/partizani.al\/sq\/wp-content\/uploads\/2023\/11\/gaz-demi-3-900x600.jpg 900w, https:\/\/partizani.al\/sq\/wp-content\/uploads\/2023\/11\/gaz-demi-3-1140x760.jpg 1140w, https:\/\/partizani.al\/sq\/wp-content\/uploads\/2023\/11\/gaz-demi-3-200x133.jpg 200w, https:\/\/partizani.al\/sq\/wp-content\/uploads\/2023\/11\/gaz-demi-3-450x300.jpg 450w\" sizes=\"auto, (max-width: 2048px) 100vw, 2048px\" \/><\/p>\n<p><strong>Si e bind\u00ebt Arbrin p\u00ebr t\u00eb marrr edhe detyr\u00ebn e trajnerit \u2013 <\/strong><\/p>\n<p><strong>Demi: <\/strong>Ne me Arbrin takohemi p\u00ebrdit\u00eb, diskutojm\u00eb. Ka nj\u00eb jav\u00eb q\u00eb ka qen\u00eb ky moment, por Arb\u00ebri ka qen\u00eb i z\u00ebn\u00eb me disa lojtar\u00eb. Nuk mund t\u00eb them q\u00eb ja mbusha mendjen, por me diskutimet q\u00eb kemi b\u00ebr\u00eb, me kohezion pozitiv, arrit\u00ebm n\u00eb p\u00ebrfundimin q\u00eb t\u2019i mbyllnim nj\u00ebher\u00eb e mir\u00eb t\u00eb gjitha fjal\u00ebt se p\u00ebrdit\u00eb qarkullojn\u00eb, shpiken emra trajner\u00ebsh . Arb\u00ebri mendoj se e ka pranuar me k\u00ebnaq\u00ebsi. \u00cbsht\u00eb nj\u00eb pun\u00eb q\u00eb do e v\u00ebshtir\u00ebsoj\u00eb. E ka marr\u00eb p\u00ebrsip\u00ebr q\u00eb t\u2019i heq\u00eb disa or\u00eb familjes e t\u00eb merret ca m\u00eb shum\u00eb me Partizanin. Koha do ta tregoj\u00eb si do shkoj\u00eb.<\/p>\n<p><strong>Shehi \u00ebsht\u00eb p\u00eb\u00ebrfolur kandidati potencial p\u00ebr stolin- \u00a0<\/strong><\/p>\n<p><strong>Demi: <\/strong>Stafi dhe Arb\u00ebri jan\u00eb marr\u00eb me disa trajner\u00eb, q\u00eb m\u00eb kan\u00eb sjell\u00eb dhe propozime. Ka pasur edhe personalitet q\u00eb na kan\u00eb ardhur n\u00eb Tiran\u00eb. Ne menduam gjithmon\u00eb bashk me Arbrin dhe Olsin, \u00a0q\u00eb t\u2019i shohim gj\u00ebrat me qet\u00ebsi dhe arrit\u00ebm te ky p\u00ebrfundim. Trajneri ta vazhdoj\u00eb pun\u00ebn meq\u00eb e ka nisur projektin q\u00eb n\u00eb fillim. Nuk ka qen\u00eb v\u00ebrtet trajneri i par\u00eb, por ka qen\u00eb drejtori sportiv. Ka qen\u00eb gjithmon\u00eb me ekipin dhe ram\u00eb dakord q\u00eb kjo pun\u00eb t\u00eb vazhdoj\u00eb. Pastaj me emra t\u00eb p\u00ebrve\u00e7\u00ebm un\u00eb di \u00e7far\u00eb m\u00eb ka th\u00ebn\u00eb Arb\u00ebri q\u00eb \u00ebsht\u00eb n\u00eb diskutime, por k\u00ebto jan\u00eb t\u00eb gjitha biseda q\u00eb jan\u00eb b\u00ebr\u00eb. P\u00ebrfundimi \u00ebsht\u00eb ky q\u00eb Arb\u00ebri \u00ebsht\u00eb trajneri i Partizanit, ai do p\u00ebrgjigjet dhe si trajner dhe si drejtor sportiv.<\/p>\n<p><strong>Karlos Dunga \u2013 <\/strong><\/p>\n<p><strong>Demi: <\/strong>K\u00ebto jan\u00eb kandidaturat e gazetave. \u00cbsht\u00eb burr\u00eb i madh, me respekt shum\u00eb, por un\u00eb kur e kam d\u00ebgjuar sot n\u00eb m\u00ebngjes jam habitur nga dalin k\u00ebto. \u00cbsht\u00eb hera e par\u00eb q\u00eb e kemi d\u00ebgjuar sot.<\/p>\n<p><img loading=\"lazy\" decoding=\"async\" class=\"alignnone size-full wp-image-49809\" src=\"https:\/\/partizani.al\/sq\/wp-content\/uploads\/2023\/11\/gaz-demi-1.jpg\" alt=\"\" width=\"2048\" height=\"1365\" srcset=\"https:\/\/partizani.al\/sq\/wp-content\/uploads\/2023\/11\/gaz-demi-1.jpg 2048w, https:\/\/partizani.al\/sq\/wp-content\/uploads\/2023\/11\/gaz-demi-1-300x200.jpg 300w, https:\/\/partizani.al\/sq\/wp-content\/uploads\/2023\/11\/gaz-demi-1-1024x683.jpg 1024w, https:\/\/partizani.al\/sq\/wp-content\/uploads\/2023\/11\/gaz-demi-1-768x512.jpg 768w, https:\/\/partizani.al\/sq\/wp-content\/uploads\/2023\/11\/gaz-demi-1-1536x1024.jpg 1536w, https:\/\/partizani.al\/sq\/wp-content\/uploads\/2023\/11\/gaz-demi-1-128x85.jpg 128w, https:\/\/partizani.al\/sq\/wp-content\/uploads\/2023\/11\/gaz-demi-1-32x21.jpg 32w, https:\/\/partizani.al\/sq\/wp-content\/uploads\/2023\/11\/gaz-demi-1-500x333.jpg 500w, https:\/\/partizani.al\/sq\/wp-content\/uploads\/2023\/11\/gaz-demi-1-800x533.jpg 800w, https:\/\/partizani.al\/sq\/wp-content\/uploads\/2023\/11\/gaz-demi-1-1280x853.jpg 1280w, https:\/\/partizani.al\/sq\/wp-content\/uploads\/2023\/11\/gaz-demi-1-1920x1280.jpg 1920w, https:\/\/partizani.al\/sq\/wp-content\/uploads\/2023\/11\/gaz-demi-1-900x600.jpg 900w, https:\/\/partizani.al\/sq\/wp-content\/uploads\/2023\/11\/gaz-demi-1-1140x760.jpg 1140w, https:\/\/partizani.al\/sq\/wp-content\/uploads\/2023\/11\/gaz-demi-1-200x133.jpg 200w, https:\/\/partizani.al\/sq\/wp-content\/uploads\/2023\/11\/gaz-demi-1-450x300.jpg 450w\" sizes=\"auto, (max-width: 2048px) 100vw, 2048px\" \/><\/p>\n<p>&nbsp;<\/p>\n","protected":false},"excerpt":{"rendered":"<p>Demi: Si\u00e7 e dini ne kemi filluar nj\u00eb projekt t\u00eb ri me drejtor Arb\u00ebr Abilaliajn, me trajner Zoran Zeki\u00e7 i cili ishte edhe zgjedhje e drejtorit sportiv. Pat\u00ebm problametika t\u00eb&#8230;<\/p>\n","protected":false},"author":1,"featured_media":49808,"comment_status":"closed","ping_status":"closed","sticky":false,"template":"","format":"standard","meta":{"_seopress_robots_primary_cat":"","_seopress_titles_title":"","_seopress_titles_desc":"","_seopress_robots_index":"","_vp_format_video_url":"","_vp_image_focal_point":[],"footnotes":""},"categories":[107],"tags":[],"class_list":["post-49806","post","type-post","status-publish","format-standard","has-post-thumbnail","hentry","category-ekipi_i_pare"],"_links":{"self":[{"href":"https:\/\/partizani.al\/sq\/wp-json\/wp\/v2\/posts\/49806","targetHints":{"allow":["GET"]}}],"collection":[{"href":"https:\/\/partizani.al\/sq\/wp-json\/wp\/v2\/posts"}],"about":[{"href":"https:\/\/partizani.al\/sq\/wp-json\/wp\/v2\/types\/post"}],"author":[{"embeddable":true,"href":"https:\/\/partizani.al\/sq\/wp-json\/wp\/v2\/users\/1"}],"replies":[{"embeddable":true,"href":"https:\/\/partizani.al\/sq\/wp-json\/wp\/v2\/comments?post=49806"}],"version-history":[{"count":0,"href":"https:\/\/partizani.al\/sq\/wp-json\/wp\/v2\/posts\/49806\/revisions"}],"wp:featuredmedia":[{"embeddable":true,"href":"https:\/\/partizani.al\/sq\/wp-json\/wp\/v2\/media\/49808"}],"wp:attachment":[{"href":"https:\/\/partizani.al\/sq\/wp-json\/wp\/v2\/media?parent=49806"}],"wp:term":[{"taxonomy":"category","embeddable":true,"href":"https:\/\/partizani.al\/sq\/wp-json\/wp\/v2\/categories?post=49806"},{"taxonomy":"post_tag","embeddable":true,"href":"https:\/\/partizani.al\/sq\/wp-json\/wp\/v2\/tags?post=49806"}],"curies":[{"name":"wp","href":"https:\/\/api.w.org\/{rel}","templated":true}]}}