{"id":49801,"date":"2023-11-19T14:51:05","date_gmt":"2023-11-19T12:51:05","guid":{"rendered":"https:\/\/partizani.al\/sq\/?p=49801"},"modified":"2023-11-23T23:56:20","modified_gmt":"2023-11-23T21:56:20","slug":"prononcimi-i-trajnerit-arber-abialiaj-ne-konferencen-e-sotme-per-shtyp","status":"publish","type":"post","link":"https:\/\/partizani.al\/sq\/prononcimi-i-trajnerit-arber-abialiaj-ne-konferencen-e-sotme-per-shtyp\/","title":{"rendered":"Prononcimi i trajnerit Arb\u00ebr Abialiaj n\u00eb konferenc\u00ebn e sotme p\u00ebr shtyp"},"content":{"rendered":"<p>&nbsp;<\/p>\n<p><strong>Abilaliaj:<\/strong> Dua t\u00eb fal\u00ebnderoj t\u00eb gjith\u00eb familjen e kuqe, presidentin Demi p\u00ebr t\u00eb gjith\u00eb mb\u00ebshtetjen, sepse realisht un\u00eb e kam th\u00ebn\u00eb dhe m\u00eb par\u00eb, q\u00eb \u00ebsht\u00eb nj\u00eb projekt q\u00eb ka nisur dy vite m\u00eb par\u00eb p\u00ebr t\u00eb nd\u00ebrtuar nj\u00eb ekip q\u00eb do t\u00eb imponohej n\u00eb m\u00ebnyr\u00ebn m\u00eb t\u00eb mir\u00eb t\u00eb mundshme. Q\u00eb nga dita e par\u00eb q\u00eb kam ardhur k\u00ebtu jam ndjer\u00eb si n\u00eb sht\u00ebpi, jam ndjer\u00eb q\u00eb mund t\u00eb jap shum\u00eb m\u00eb shum\u00eb nga vetja. Kemi b\u00ebr\u00eb nj\u00eb pjes\u00eb t\u00eb rrug\u00ebs t\u00eb mir\u00eb. E kam th\u00ebn\u00eb dhe m\u00eb p\u00ebrpara, \u00ebsht\u00eb nj\u00eb pro\u00e7es shum\u00eb i gjat\u00eb. \u00cbsht\u00eb nj\u00eb pro\u00e7es si klub dhe si komunitet i kuq jan\u00eb shum\u00eb t\u00eb m\u00ebdha. D\u00ebshira apo vet\u00ebbesimi p\u00ebr t\u00eb b\u00ebr\u00eb mir\u00eb, sidomos n\u00eb k\u00ebt\u00eb ambient, besoj se ka qen\u00eb shum\u00eb natyrale dhe shum\u00eb e thjesht\u00eb p\u00ebr t\u00eb arritur k\u00ebto rezultate. Por e kam th\u00ebn\u00eb dhe nj\u00ebher\u00eb q\u00eb \u00ebsht\u00eb vet\u00ebm fillimi i nj\u00eb rruge t\u00eb gjat\u00eb. Zhvillimi i klubit dhe i futbollist\u00ebve q\u00eb \u00ebsht\u00eb objektivi yn\u00eb kryesor do t\u00eb na haj\u00eb shum\u00eb koh\u00eb. Uroj dhe shpresoj q\u00eb k\u00ebtyre ti bashkangjiten edhe rezultatet maksimale ato qq\u00eb n\u00eb fund t\u00eb gjith\u00eb d\u00ebshirojm\u00eb.<\/p>\n<p><strong>Sa e v\u00ebshtir\u00eb do t\u00eb jet\u00eb q\u00eb ti mbani t\u00eb dy pozicionet dhe sa e ndjeni presionin te Partizani &#8211; <\/strong><\/p>\n<p><strong>Abilaliaj: <\/strong>N\u00eb asnj\u00eb moment, q\u00eb nga dita e par\u00eb jam ndjer\u00eb si n\u00eb sht\u00ebpi, sepse nuk ka qen\u00eb asnj\u00eb presion q\u00eb mund t\u00eb m\u00eb frenoj\u00eb se \u00e7far\u00eb mund t\u00eb b\u00ebj p\u00ebr k\u00ebt\u00eb klub. Ka qen\u00eb nj\u00eb presion i mir\u00eb patjet\u00ebr, n\u00eb nj\u00eb klub kaq t\u00eb r\u00ebnd\u00ebsish\u00ebm t\u00eb jep mund\u00ebsin\u00eb t\u00eb shkosh te rezultatet. Nuk \u00ebsht\u00eb vet\u00ebm mir\u00eb p\u00ebr nj\u00eb drejtues, por \u00ebsht\u00eb mir\u00eb q\u00eb ta ket\u00eb \u00e7do trajner ose \u00e7do klub. Si n\u00eb kampionatin shqiptar, por edhe n\u00eb kompeticionet europiane.<\/p>\n<p><img loading=\"lazy\" decoding=\"async\" class=\"alignnone size-full wp-image-49802\" src=\"https:\/\/partizani.al\/sq\/wp-content\/uploads\/2023\/11\/arber-abialiaj-konference-per-shtyp-19-2.jpg\" alt=\"\" width=\"2048\" height=\"1365\" srcset=\"https:\/\/partizani.al\/sq\/wp-content\/uploads\/2023\/11\/arber-abialiaj-konference-per-shtyp-19-2.jpg 2048w, https:\/\/partizani.al\/sq\/wp-content\/uploads\/2023\/11\/arber-abialiaj-konference-per-shtyp-19-2-300x200.jpg 300w, https:\/\/partizani.al\/sq\/wp-content\/uploads\/2023\/11\/arber-abialiaj-konference-per-shtyp-19-2-1024x683.jpg 1024w, https:\/\/partizani.al\/sq\/wp-content\/uploads\/2023\/11\/arber-abialiaj-konference-per-shtyp-19-2-768x512.jpg 768w, https:\/\/partizani.al\/sq\/wp-content\/uploads\/2023\/11\/arber-abialiaj-konference-per-shtyp-19-2-1536x1024.jpg 1536w, https:\/\/partizani.al\/sq\/wp-content\/uploads\/2023\/11\/arber-abialiaj-konference-per-shtyp-19-2-128x85.jpg 128w, https:\/\/partizani.al\/sq\/wp-content\/uploads\/2023\/11\/arber-abialiaj-konference-per-shtyp-19-2-32x21.jpg 32w, https:\/\/partizani.al\/sq\/wp-content\/uploads\/2023\/11\/arber-abialiaj-konference-per-shtyp-19-2-500x333.jpg 500w, https:\/\/partizani.al\/sq\/wp-content\/uploads\/2023\/11\/arber-abialiaj-konference-per-shtyp-19-2-800x533.jpg 800w, https:\/\/partizani.al\/sq\/wp-content\/uploads\/2023\/11\/arber-abialiaj-konference-per-shtyp-19-2-1280x853.jpg 1280w, https:\/\/partizani.al\/sq\/wp-content\/uploads\/2023\/11\/arber-abialiaj-konference-per-shtyp-19-2-1920x1280.jpg 1920w, https:\/\/partizani.al\/sq\/wp-content\/uploads\/2023\/11\/arber-abialiaj-konference-per-shtyp-19-2-900x600.jpg 900w, https:\/\/partizani.al\/sq\/wp-content\/uploads\/2023\/11\/arber-abialiaj-konference-per-shtyp-19-2-1140x760.jpg 1140w, https:\/\/partizani.al\/sq\/wp-content\/uploads\/2023\/11\/arber-abialiaj-konference-per-shtyp-19-2-200x133.jpg 200w, https:\/\/partizani.al\/sq\/wp-content\/uploads\/2023\/11\/arber-abialiaj-konference-per-shtyp-19-2-450x300.jpg 450w\" sizes=\"auto, (max-width: 2048px) 100vw, 2048px\" \/><\/p>\n<p><strong>Esht\u00eb Partizani skuadra m\u00eb e kompletuar e kampionatit, apo do t\u00eb tentoni afrime n\u00eb janar \u2013 <\/strong><\/p>\n<p><strong>Abilaliaj: <\/strong>Jemi nj\u00eb nga skuadrat q\u00eb n\u00eb sezonin e ver\u00ebs kemi punuar me mjaft kujdes, por duke par\u00eb edhe afrimet q\u00eb jan\u00eb b\u00ebr\u00eb, kan\u00eb qen\u00eb afrime q\u00eb na kan\u00eb ndihmuar edhe n\u00eb fillim t\u00eb sezonit. kemi pasur dhe mungesa t\u00eb cilat nuk jan\u00eb ndjer\u00eb aspak n\u00eb p\u00ebrb\u00ebrjen e ekipit. \u00cbsht\u00eb nj\u00eb gj\u00eb q\u00eb mund t\u00eb konsiderojm\u00eb futbollist\u00ebt q\u00eb po riaft\u00ebsohen dhe nuk kan\u00eb qen\u00eb prezent n\u00eb ekip, nga janari mund t\u2019i konsiderojm\u00eb blerje t\u00eb reja duke pasur parasysh se kemi shum\u00eb lojtar\u00eb t\u00eb r\u00ebnd\u00ebsish\u00ebm q\u00eb kan\u00eb qen\u00eb jasht\u00eb p\u00ebr nj\u00eb koh\u00eb shum\u00eb t\u00eb gjat\u00eb. Mund t\u00eb nd\u00ebrhyjm\u00eb, por ndoshta vet\u00ebm n\u00eb nj\u00eb pozicion, asgj\u00eb m\u00eb pak asgj\u00eb m\u00eb shum\u00eb. D\u00ebshira ka qen\u00eb q\u00eb ky ekip q\u00eb u formua n\u00eb qershor t\u00eb jet\u00eb i konsoliduar n\u00eb qershorin q\u00eb vjen dhe t\u00eb kemi mund\u00ebsin\u00eb t\u00eb b\u00ebjm\u00eb nj\u00eb sezon europian m\u00eb t\u00eb suksessh\u00ebm se ai q\u00eb lam\u00eb mbrapa.<\/p>\n<p><strong>Aktualisht jeni 8 pik\u00eb larg vendit t\u00eb tret\u00eb \u2013 <\/strong><\/p>\n<p><strong>Abilaliaj:<\/strong> T\u00eb them t\u00eb drejt\u00ebn synimi ka qen\u00eb q\u00eb t\u00eb arrijm\u00eb t\u00eb dominojm\u00eb \u00e7do ndeshje t\u00eb luajtur. Nuk e kemi menduar asnj\u00ebher\u00eb pjes\u00ebn e \u201cFinal Four\u201d , nuk e kemi menduar asnj\u00ebher\u00eb pjes\u00ebn e vendit t\u00eb par\u00eb. Ka qen\u00eb gjithnj\u00eb n\u00eb interesin dhe synimet tona q\u00eb ky \u00ebsht\u00eb nj\u00eb pro\u00e7es i gjat\u00eb dhe kampionati\u00a0 n\u00ebse arrin t\u00eb shprehesh mir\u00eb \u00e7do ndeshje patjet\u00ebr q\u00eb rezultatet do vijn\u00eb si\u00e7 edhe kan\u00eb ardhur. Jam totalisht i bindur q\u00eb n\u00ebse lojtar\u00ebt do ta arrijn\u00eb ta kap\u00ebrcejn\u00eb k\u00ebt\u00eb gj\u00eb edhe mentalisht besoj se Partizani nuk do ket\u00eb probleme p\u00ebrsa i p\u00ebrket renditjes. P\u00ebr ne \u00ebsht\u00eb e r\u00ebnd\u00ebsishme q\u00eb t\u00eb zhvillohemi \u00e7do ndeshje , t\u00eb marrim rezultat \u00e7do ndeshje sepse mbi baz\u00ebn e k\u00ebtyre rezultateve mund t\u00eb nd\u00ebrtojm\u00eb di\u00e7ka t\u00eb mir\u00eb edhe p\u00ebr kompeticionet evropiane n\u00eb ver\u00eb.<\/p>\n<p><img loading=\"lazy\" decoding=\"async\" class=\"alignnone size-full wp-image-49803\" src=\"https:\/\/partizani.al\/sq\/wp-content\/uploads\/2023\/11\/arber-abialiaj-konference-per-shtyp-19.jpg\" alt=\"\" width=\"2048\" height=\"1366\" srcset=\"https:\/\/partizani.al\/sq\/wp-content\/uploads\/2023\/11\/arber-abialiaj-konference-per-shtyp-19.jpg 2048w, https:\/\/partizani.al\/sq\/wp-content\/uploads\/2023\/11\/arber-abialiaj-konference-per-shtyp-19-300x200.jpg 300w, https:\/\/partizani.al\/sq\/wp-content\/uploads\/2023\/11\/arber-abialiaj-konference-per-shtyp-19-1024x683.jpg 1024w, https:\/\/partizani.al\/sq\/wp-content\/uploads\/2023\/11\/arber-abialiaj-konference-per-shtyp-19-768x512.jpg 768w, https:\/\/partizani.al\/sq\/wp-content\/uploads\/2023\/11\/arber-abialiaj-konference-per-shtyp-19-1536x1025.jpg 1536w, https:\/\/partizani.al\/sq\/wp-content\/uploads\/2023\/11\/arber-abialiaj-konference-per-shtyp-19-128x85.jpg 128w, https:\/\/partizani.al\/sq\/wp-content\/uploads\/2023\/11\/arber-abialiaj-konference-per-shtyp-19-32x21.jpg 32w, https:\/\/partizani.al\/sq\/wp-content\/uploads\/2023\/11\/arber-abialiaj-konference-per-shtyp-19-500x333.jpg 500w, https:\/\/partizani.al\/sq\/wp-content\/uploads\/2023\/11\/arber-abialiaj-konference-per-shtyp-19-800x534.jpg 800w, https:\/\/partizani.al\/sq\/wp-content\/uploads\/2023\/11\/arber-abialiaj-konference-per-shtyp-19-1280x854.jpg 1280w, https:\/\/partizani.al\/sq\/wp-content\/uploads\/2023\/11\/arber-abialiaj-konference-per-shtyp-19-1920x1281.jpg 1920w, https:\/\/partizani.al\/sq\/wp-content\/uploads\/2023\/11\/arber-abialiaj-konference-per-shtyp-19-900x600.jpg 900w, https:\/\/partizani.al\/sq\/wp-content\/uploads\/2023\/11\/arber-abialiaj-konference-per-shtyp-19-1140x760.jpg 1140w, https:\/\/partizani.al\/sq\/wp-content\/uploads\/2023\/11\/arber-abialiaj-konference-per-shtyp-19-200x133.jpg 200w, https:\/\/partizani.al\/sq\/wp-content\/uploads\/2023\/11\/arber-abialiaj-konference-per-shtyp-19-450x300.jpg 450w\" sizes=\"auto, (max-width: 2048px) 100vw, 2048px\" \/><\/p>\n<p><strong>Si u bind\u00ebt p\u00ebr t\u00eb marr\u00eb stolin e Partizanit \u2013 <\/strong><\/p>\n<p><strong>Abilaliaj:<\/strong> T\u00eb them t\u00eb drejt\u00ebn un\u00eb i bindur isha. Kjo \u00ebsht\u00eb m\u00eb shum\u00eb nj\u00eb sqarim q\u00eb ka dashur presidenti t\u00eb b\u00ebj\u00eb me t\u00eb gjith\u00eb opinionin. Fakti q\u00eb po punoj k\u00ebtu prej 6 ndeshjesh tashm\u00eb, \u00ebsht\u00eb nj\u00eb rrjedh\u00eb normale e k\u00ebsaj q\u00eb po ndodh tani. Nuk ishte \u00e7\u00ebshtje bindjeje, jemi t\u00eb gjith\u00eb k\u00ebtu q\u00eb nga fillimi deri n\u00eb fund, i gjith\u00eb stafi p\u00ebr t\u00eb arritur rezultatet q\u00eb i kemi v\u00ebn\u00eb vetes kur kemi nisur k\u00ebt\u00eb pro\u00e7es. Disponibiliteti im dhe i kujdo\u00a0 \u00ebsht\u00eb maksimal kundrejt k\u00ebtij projekti.<\/p>\n<p><strong>Ngjarja e ndodhur n\u00eb ndeshjen me Egnatian \u2013 <\/strong><\/p>\n<p><strong>Abilaliaj:<\/strong> Esht\u00eb nj\u00eb ngjarje tragjike ajo q\u00eb ndodhi , p\u00ebr m\u00eb tep\u00ebr p\u00ebr t\u00eb gjith\u00eb futbollist\u00ebt dhe p\u00ebr m\u00eb tep\u00ebr p\u00ebr ne si ekip q\u00eb ishim n\u00eb fush\u00ebn e loj\u00ebs. Patjet\u00ebr q\u00eb ndjejm\u00eb nj\u00eb keqardhje. Ne gjith\u00eb k\u00ebt\u00eb periudh\u00eb jemi munduar dhe kemi punuar me t\u00eb gjith\u00eb futbollist\u00ebt q\u00eb ta kap\u00ebrcejn\u00eb k\u00ebt\u00eb gj\u00eb psikologjikisht. Normalisht q\u00eb dit\u00ebn q\u00eb do t\u00eb kemi edhe ndeshjen do t\u00eb jemi totalisht t\u00eb fokusuar p\u00ebr t\u00eb b\u00ebr\u00eb rezultatet , p\u00ebr t\u00eb vazhduar rrug\u00ebtimin ton\u00eb.<\/p>\n<p><img loading=\"lazy\" decoding=\"async\" class=\"alignnone size-full wp-image-49804\" src=\"https:\/\/partizani.al\/sq\/wp-content\/uploads\/2023\/11\/arber-abialiaj-konference-per-shtyp-19-3.jpg\" alt=\"\" width=\"2048\" height=\"1366\" srcset=\"https:\/\/partizani.al\/sq\/wp-content\/uploads\/2023\/11\/arber-abialiaj-konference-per-shtyp-19-3.jpg 2048w, https:\/\/partizani.al\/sq\/wp-content\/uploads\/2023\/11\/arber-abialiaj-konference-per-shtyp-19-3-300x200.jpg 300w, https:\/\/partizani.al\/sq\/wp-content\/uploads\/2023\/11\/arber-abialiaj-konference-per-shtyp-19-3-768x512.jpg 768w, https:\/\/partizani.al\/sq\/wp-content\/uploads\/2023\/11\/arber-abialiaj-konference-per-shtyp-19-3-1024x683.jpg 1024w, https:\/\/partizani.al\/sq\/wp-content\/uploads\/2023\/11\/arber-abialiaj-konference-per-shtyp-19-3-1536x1025.jpg 1536w, https:\/\/partizani.al\/sq\/wp-content\/uploads\/2023\/11\/arber-abialiaj-konference-per-shtyp-19-3-128x85.jpg 128w, https:\/\/partizani.al\/sq\/wp-content\/uploads\/2023\/11\/arber-abialiaj-konference-per-shtyp-19-3-32x21.jpg 32w, https:\/\/partizani.al\/sq\/wp-content\/uploads\/2023\/11\/arber-abialiaj-konference-per-shtyp-19-3-500x333.jpg 500w, https:\/\/partizani.al\/sq\/wp-content\/uploads\/2023\/11\/arber-abialiaj-konference-per-shtyp-19-3-800x534.jpg 800w, https:\/\/partizani.al\/sq\/wp-content\/uploads\/2023\/11\/arber-abialiaj-konference-per-shtyp-19-3-1280x854.jpg 1280w, https:\/\/partizani.al\/sq\/wp-content\/uploads\/2023\/11\/arber-abialiaj-konference-per-shtyp-19-3-1920x1281.jpg 1920w, https:\/\/partizani.al\/sq\/wp-content\/uploads\/2023\/11\/arber-abialiaj-konference-per-shtyp-19-3-900x600.jpg 900w, https:\/\/partizani.al\/sq\/wp-content\/uploads\/2023\/11\/arber-abialiaj-konference-per-shtyp-19-3-1140x760.jpg 1140w, https:\/\/partizani.al\/sq\/wp-content\/uploads\/2023\/11\/arber-abialiaj-konference-per-shtyp-19-3-200x133.jpg 200w, https:\/\/partizani.al\/sq\/wp-content\/uploads\/2023\/11\/arber-abialiaj-konference-per-shtyp-19-3-450x300.jpg 450w\" sizes=\"auto, (max-width: 2048px) 100vw, 2048px\" \/><\/p>\n<p>&nbsp;<\/p>\n<p>&nbsp;<\/p>\n","protected":false},"excerpt":{"rendered":"<p>&nbsp; Abilaliaj: Dua t\u00eb fal\u00ebnderoj t\u00eb gjith\u00eb familjen e kuqe, presidentin Demi p\u00ebr t\u00eb gjith\u00eb mb\u00ebshtetjen, sepse realisht un\u00eb e kam th\u00ebn\u00eb dhe m\u00eb par\u00eb, q\u00eb \u00ebsht\u00eb nj\u00eb projekt q\u00eb&#8230;<\/p>\n","protected":false},"author":1,"featured_media":49804,"comment_status":"closed","ping_status":"closed","sticky":false,"template":"","format":"standard","meta":{"_seopress_robots_primary_cat":"","_seopress_titles_title":"","_seopress_titles_desc":"","_seopress_robots_index":"","_vp_format_video_url":"","_vp_image_focal_point":[],"footnotes":""},"categories":[107],"tags":[],"class_list":["post-49801","post","type-post","status-publish","format-standard","has-post-thumbnail","hentry","category-ekipi_i_pare"],"_links":{"self":[{"href":"https:\/\/partizani.al\/sq\/wp-json\/wp\/v2\/posts\/49801","targetHints":{"allow":["GET"]}}],"collection":[{"href":"https:\/\/partizani.al\/sq\/wp-json\/wp\/v2\/posts"}],"about":[{"href":"https:\/\/partizani.al\/sq\/wp-json\/wp\/v2\/types\/post"}],"author":[{"embeddable":true,"href":"https:\/\/partizani.al\/sq\/wp-json\/wp\/v2\/users\/1"}],"replies":[{"embeddable":true,"href":"https:\/\/partizani.al\/sq\/wp-json\/wp\/v2\/comments?post=49801"}],"version-history":[{"count":0,"href":"https:\/\/partizani.al\/sq\/wp-json\/wp\/v2\/posts\/49801\/revisions"}],"wp:featuredmedia":[{"embeddable":true,"href":"https:\/\/partizani.al\/sq\/wp-json\/wp\/v2\/media\/49804"}],"wp:attachment":[{"href":"https:\/\/partizani.al\/sq\/wp-json\/wp\/v2\/media?parent=49801"}],"wp:term":[{"taxonomy":"category","embeddable":true,"href":"https:\/\/partizani.al\/sq\/wp-json\/wp\/v2\/categories?post=49801"},{"taxonomy":"post_tag","embeddable":true,"href":"https:\/\/partizani.al\/sq\/wp-json\/wp\/v2\/tags?post=49801"}],"curies":[{"name":"wp","href":"https:\/\/api.w.org\/{rel}","templated":true}]}}