{"id":49795,"date":"2023-11-22T23:45:32","date_gmt":"2023-11-22T21:45:32","guid":{"rendered":"https:\/\/partizani.al\/sq\/?p=49795"},"modified":"2023-11-23T23:46:00","modified_gmt":"2023-11-23T21:46:00","slug":"konferenca-per-shtyp-e-trajnerit-arber-abilaliaj-ne-prag-te-takimit-ndaj-egnatias","status":"publish","type":"post","link":"https:\/\/partizani.al\/sq\/konferenca-per-shtyp-e-trajnerit-arber-abilaliaj-ne-prag-te-takimit-ndaj-egnatias\/","title":{"rendered":"Konferenca p\u00ebr shtyp e trajnerit Arb\u00ebr Abilaliaj n\u00eb prag t\u00eb takimit ndaj Egnatias"},"content":{"rendered":"<p><strong>Sa e v\u00ebshtir\u00eb do t\u00eb jet\u00eb ndeshja me Egnatian &#8211;\u00a0 <\/strong><\/p>\n<p><strong>Abilaliaj:<\/strong> Patjet\u00ebr q\u00eb do t\u00eb jet\u00eb nj\u00eb ndeshje shum\u00eb e v\u00ebshtir\u00eb , jo normale. Si un\u00eb ashtu edhe lojtar\u00ebt n\u00eb periudh\u00ebn q\u00eb kemi luajtur futboll nuk kemi hasur nj\u00eb eksperienc\u00eb t\u00eb till\u00eb. Mendoj q\u00eb psikologjikisht patjet\u00ebr do jet\u00eb e v\u00ebshtir\u00eb. Nuk do t\u00eb d\u00ebshiroja q\u00eb ta zhvillonim ndeshjen e nd\u00ebrprer\u00eb kaq shpejt , gjithsesi nj\u00eb gj\u00eb \u00ebsht\u00eb e sigurt\u00eb besoj p\u00ebrve\u00e7 atij ng\u00eb\u00ebr\u00e7it ndoshta t\u00eb minutave t\u00eb para gjith\u00eb pjesa tjet\u00ebr pastaj\u00a0 do t\u00eb jeet\u00eb nj\u00eb ndeshje e bukur p\u00ebr tu par\u00eb dhe p\u00ebr tifoz\u00ebt qq\u00eb do t\u00eb jen\u00eb n\u00eb\u00eb stadium.<\/p>\n<p><strong>Ndjesia juaj si ndeshja e par\u00eb tashm\u00eb zyrtarisht si trajner i Partizanit \u2013<\/strong><\/p>\n<p><strong>Abilaliaj:<\/strong> T\u00eb them t\u00eb drejt\u00ebn nuk \u00ebsht\u00eb se kam ndonj\u00eb ndjesi t\u00eb ve\u00e7ant\u00eb . Esht\u00eb vazhd\u00eb e pun\u00ebs q\u00eb kemi b\u00ebr\u00eb gjat\u00eb gjith\u00eb k\u00ebtyre jav\u00ebve. Jemi t\u00eb gjith\u00eb t\u00eb p\u00ebeqendruar nga un\u00eb i pari t\u00eb p\u00ebrqendruar p\u00ebr t\u00eb b\u00ebr\u00eb m\u00eb t\u00eb mir\u00ebn\u00a0 , p\u00ebr t\u00eb p\u00ebrgatitur k\u00ebt\u00eb ndeshje n\u00eb t\u00eb gjitha detajet e saj dhe patjet\u00ebr d\u00ebshira \u00ebsht\u00eb q\u00eb t\u00eb marrim 3 pik\u00ebt e plota.<\/p>\n<p><img loading=\"lazy\" decoding=\"async\" class=\"alignnone wp-image-49796 size-full\" src=\"https:\/\/partizani.al\/sq\/wp-content\/uploads\/2023\/11\/arber-abialiaj-konference-per-shtyp-3.jpg\" alt=\"\" width=\"1920\" height=\"1280\" srcset=\"https:\/\/partizani.al\/sq\/wp-content\/uploads\/2023\/11\/arber-abialiaj-konference-per-shtyp-3.jpg 1920w, https:\/\/partizani.al\/sq\/wp-content\/uploads\/2023\/11\/arber-abialiaj-konference-per-shtyp-3-300x200.jpg 300w, https:\/\/partizani.al\/sq\/wp-content\/uploads\/2023\/11\/arber-abialiaj-konference-per-shtyp-3-1024x683.jpg 1024w, https:\/\/partizani.al\/sq\/wp-content\/uploads\/2023\/11\/arber-abialiaj-konference-per-shtyp-3-768x512.jpg 768w, https:\/\/partizani.al\/sq\/wp-content\/uploads\/2023\/11\/arber-abialiaj-konference-per-shtyp-3-1536x1024.jpg 1536w, https:\/\/partizani.al\/sq\/wp-content\/uploads\/2023\/11\/arber-abialiaj-konference-per-shtyp-3-128x85.jpg 128w, https:\/\/partizani.al\/sq\/wp-content\/uploads\/2023\/11\/arber-abialiaj-konference-per-shtyp-3-32x21.jpg 32w, https:\/\/partizani.al\/sq\/wp-content\/uploads\/2023\/11\/arber-abialiaj-konference-per-shtyp-3-500x333.jpg 500w, https:\/\/partizani.al\/sq\/wp-content\/uploads\/2023\/11\/arber-abialiaj-konference-per-shtyp-3-800x533.jpg 800w, https:\/\/partizani.al\/sq\/wp-content\/uploads\/2023\/11\/arber-abialiaj-konference-per-shtyp-3-1280x853.jpg 1280w, https:\/\/partizani.al\/sq\/wp-content\/uploads\/2023\/11\/arber-abialiaj-konference-per-shtyp-3-900x600.jpg 900w, https:\/\/partizani.al\/sq\/wp-content\/uploads\/2023\/11\/arber-abialiaj-konference-per-shtyp-3-1140x760.jpg 1140w, https:\/\/partizani.al\/sq\/wp-content\/uploads\/2023\/11\/arber-abialiaj-konference-per-shtyp-3-200x133.jpg 200w, https:\/\/partizani.al\/sq\/wp-content\/uploads\/2023\/11\/arber-abialiaj-konference-per-shtyp-3-450x300.jpg 450w\" sizes=\"auto, (max-width: 1920px) 100vw, 1920px\" \/><\/p>\n<p><strong>P\u00ebrve\u00e7 Alban Hoxh\u00ebs do ket\u00eb ndryshime nes\u00ebr skuadra \u2013 <\/strong><\/p>\n<p><strong>Abilaliaj:<\/strong> P\u00ebrve\u00e7 Albanit nuk duhet t\u00eb kemi ndryshime t\u00eb tjera . Protokolli , pra formacioni \u00ebsht\u00eb i nj\u00ebjt\u00eb. P\u00ebr Albanin kemi qen\u00eb t\u00eb detyruar pasi pasi ka kryer nj\u00eb nd\u00ebrhyrje kirurgjikale duke pasur parasysh q\u00eb ndeshja luhet pas nj\u00eb distance afro 2 jav\u00ebsh jan\u00eb gj\u00ebra q\u00eb mund t\u00eb ndodhin.<\/p>\n<p>Vet\u00ebm dje n\u00eb mbremje jan\u00eb afruar dy lojtar\u00ebt q\u00eb ishin pjes\u00eb e ekipit komb\u00ebtar U-21. E p\u00ebrs\u00ebris \u00ebsht\u00eb nj\u00eb situat\u00eb jo normale. E r\u00ebnd\u00ebsishme \u00ebsht\u00eb t\u00eb ecim p\u00ebrpara , ne I kemi edhe njer\u00ebzit edhe forcat p\u00ebr ta p\u00ebrballuar k\u00ebt\u00eb ndeshje si\u00e7 duhet. Keqardhje q\u00eb nj\u00eb ndeshje kaq e r\u00ebnd\u00ebsishme u d\u00ebtyrua t\u00eb zhvillohet n\u00eb kushte t\u00eb tilla , ndoshta me ngarkes\u00eb psikologjike por edhe me disa anomali p\u00ebrsa i p\u00ebrket z\u00ebvend\u00ebsimeve apo protokollit, gjithsesi e p\u00ebrs\u00ebris\u00a0 t\u00eb gjith\u00eb njer\u00ebzit q\u00eb do zbresin n\u00eb fush\u00ebn e loj\u00ebs si nga nj\u00ebri krah ashtu edhe n\u00eb krahun tjet\u00ebr besoj q\u00eb do e p\u00ebrligjin interesin e k\u00ebsaj ndeshje.<\/p>\n<p><strong>Orari i ndeshjes i pap\u00ebrshtatsh\u00ebm \u2013 <\/strong><\/p>\n<p><strong>Abilaliaj:<\/strong> Duke pasur parasysh ndoshta edhe kushtet e stadiumit p\u00ebr shkak t\u00eb ndri\u00e7imit nuk e lejojn\u00eb k\u00ebt\u00eb gj\u00eb. Gjithsesi ishte nj\u00eb kostatim q\u00eb un\u00eb e b\u00ebra edhe p\u00ebrpara ballafaqimit t\u00eb par\u00eb. Panvar\u00ebsisht luhet n\u00eb or\u00ebn 13:30 apo n\u00eb or\u00ebn 18:00 edhe ashtu si nisi ato 24 minutat e para ishte nj\u00eb ndeshje q\u00eb ishte shum\u00eb e p\u00eblqyeshme p\u00ebr t\u00eb gjith\u00eb t\u00eb pranishmit n\u00eb stadium.<\/p>\n<p><img loading=\"lazy\" decoding=\"async\" class=\"alignnone wp-image-49797 size-full\" src=\"https:\/\/partizani.al\/sq\/wp-content\/uploads\/2023\/11\/arber-abialiaj-konference-per-shtyp-2.jpg\" alt=\"\" width=\"1920\" height=\"1280\" srcset=\"https:\/\/partizani.al\/sq\/wp-content\/uploads\/2023\/11\/arber-abialiaj-konference-per-shtyp-2.jpg 1920w, https:\/\/partizani.al\/sq\/wp-content\/uploads\/2023\/11\/arber-abialiaj-konference-per-shtyp-2-300x200.jpg 300w, https:\/\/partizani.al\/sq\/wp-content\/uploads\/2023\/11\/arber-abialiaj-konference-per-shtyp-2-1024x683.jpg 1024w, https:\/\/partizani.al\/sq\/wp-content\/uploads\/2023\/11\/arber-abialiaj-konference-per-shtyp-2-768x512.jpg 768w, https:\/\/partizani.al\/sq\/wp-content\/uploads\/2023\/11\/arber-abialiaj-konference-per-shtyp-2-1536x1024.jpg 1536w, https:\/\/partizani.al\/sq\/wp-content\/uploads\/2023\/11\/arber-abialiaj-konference-per-shtyp-2-128x85.jpg 128w, https:\/\/partizani.al\/sq\/wp-content\/uploads\/2023\/11\/arber-abialiaj-konference-per-shtyp-2-32x21.jpg 32w, https:\/\/partizani.al\/sq\/wp-content\/uploads\/2023\/11\/arber-abialiaj-konference-per-shtyp-2-500x333.jpg 500w, https:\/\/partizani.al\/sq\/wp-content\/uploads\/2023\/11\/arber-abialiaj-konference-per-shtyp-2-800x533.jpg 800w, https:\/\/partizani.al\/sq\/wp-content\/uploads\/2023\/11\/arber-abialiaj-konference-per-shtyp-2-1280x853.jpg 1280w, https:\/\/partizani.al\/sq\/wp-content\/uploads\/2023\/11\/arber-abialiaj-konference-per-shtyp-2-900x600.jpg 900w, https:\/\/partizani.al\/sq\/wp-content\/uploads\/2023\/11\/arber-abialiaj-konference-per-shtyp-2-1140x760.jpg 1140w, https:\/\/partizani.al\/sq\/wp-content\/uploads\/2023\/11\/arber-abialiaj-konference-per-shtyp-2-200x133.jpg 200w, https:\/\/partizani.al\/sq\/wp-content\/uploads\/2023\/11\/arber-abialiaj-konference-per-shtyp-2-450x300.jpg 450w\" sizes=\"auto, (max-width: 1920px) 100vw, 1920px\" \/><\/p>\n<p><strong>\u00c7far\u00eb Egnatia prisni \u2013 <\/strong><\/p>\n<p><strong>Abilaliaj:<\/strong> Pres nj\u00eb Egnatia m\u00eb agresive. Pres nj\u00eb ekip i cili t\u00eb jet\u00eb m\u00eb kompakt dhe nj\u00eb ekip i cili normalisht t\u00eb jet\u00eb m\u00eb i vendosur n\u00eb fush\u00ebn e loj\u00ebs p\u00ebr t\u00eb b\u00ebr\u00eb rezultat. E thash edhe nj\u00eb her\u00eb e kemi analizuar kund\u00ebrshtarin pasi kemi patur edhe koh\u00ebn e mjaftueshme p\u00ebr ta b\u00ebr\u00eb k\u00ebt\u00eb gj\u00eb dhe kemi marr\u00eb masat n\u00eb k\u00ebt\u00eb drejtim.<\/p>\n<p><strong>Sa ju favorizon mungesa e Duamen\u00ebs &#8211; <\/strong><\/p>\n<p><strong>Abilaliaj: <\/strong>Mendoj se p\u00ebr kualitetin e tij t\u00eb gjith\u00eb kemi r\u00ebn\u00eb dakord. N\u00eb momentin q\u00eb humb nj\u00eb futbollist t\u00eb till\u00eb, patjet\u00ebr q\u00eb \u00ebsht\u00eb nj\u00eb minus p\u00ebr Egnatian. Kjo gj\u00eb \u00ebsht\u00eb m\u00eb se evidente dhe nuk diskutohet. Por kjo u takon drejtuesve t\u00eb Egnatias q\u00eb t\u00eb marrin masa. Sa i p\u00ebrket ekipit ton\u00eb, patjet\u00ebr \u00ebsht\u00eb nj\u00eb favorizim duke pasur parasysh se u mungon golash\u00ebnuesi m\u00eb i mir\u00eb n\u00eb skuad\u00ebr. Por pres nj\u00eb kund\u00ebrshtar m\u00eb kompakt se kur ishte Duamanea pjes\u00eb e Egnatias.<\/p>\n<p><strong>D\u00ebmtimet?<\/strong><\/p>\n<p>Abilaliaj: N\u00eb momentin q\u00eb po flasim t\u00eb rikuperuar jan\u00eb Hadroj, Mba kurse pjesa tjet\u00ebr vuajn\u00eb ende d\u00ebmtimet. Da Silva \u00ebsht\u00eb n\u00eb rikuperim e sip\u00ebr, po ashtu edhe Antanaskovski dhe Sota.<\/p>\n<p><img loading=\"lazy\" decoding=\"async\" class=\"alignnone size-full wp-image-49798\" src=\"https:\/\/partizani.al\/sq\/wp-content\/uploads\/2023\/11\/arber-abialiaj-konference-per-shtyp.jpg\" alt=\"\" width=\"1920\" height=\"1280\" srcset=\"https:\/\/partizani.al\/sq\/wp-content\/uploads\/2023\/11\/arber-abialiaj-konference-per-shtyp.jpg 1920w, https:\/\/partizani.al\/sq\/wp-content\/uploads\/2023\/11\/arber-abialiaj-konference-per-shtyp-300x200.jpg 300w, https:\/\/partizani.al\/sq\/wp-content\/uploads\/2023\/11\/arber-abialiaj-konference-per-shtyp-768x512.jpg 768w, https:\/\/partizani.al\/sq\/wp-content\/uploads\/2023\/11\/arber-abialiaj-konference-per-shtyp-1024x683.jpg 1024w, https:\/\/partizani.al\/sq\/wp-content\/uploads\/2023\/11\/arber-abialiaj-konference-per-shtyp-1536x1024.jpg 1536w, https:\/\/partizani.al\/sq\/wp-content\/uploads\/2023\/11\/arber-abialiaj-konference-per-shtyp-128x85.jpg 128w, https:\/\/partizani.al\/sq\/wp-content\/uploads\/2023\/11\/arber-abialiaj-konference-per-shtyp-32x21.jpg 32w, https:\/\/partizani.al\/sq\/wp-content\/uploads\/2023\/11\/arber-abialiaj-konference-per-shtyp-500x333.jpg 500w, https:\/\/partizani.al\/sq\/wp-content\/uploads\/2023\/11\/arber-abialiaj-konference-per-shtyp-800x533.jpg 800w, https:\/\/partizani.al\/sq\/wp-content\/uploads\/2023\/11\/arber-abialiaj-konference-per-shtyp-1280x853.jpg 1280w, https:\/\/partizani.al\/sq\/wp-content\/uploads\/2023\/11\/arber-abialiaj-konference-per-shtyp-900x600.jpg 900w, https:\/\/partizani.al\/sq\/wp-content\/uploads\/2023\/11\/arber-abialiaj-konference-per-shtyp-1140x760.jpg 1140w, https:\/\/partizani.al\/sq\/wp-content\/uploads\/2023\/11\/arber-abialiaj-konference-per-shtyp-200x133.jpg 200w, https:\/\/partizani.al\/sq\/wp-content\/uploads\/2023\/11\/arber-abialiaj-konference-per-shtyp-450x300.jpg 450w\" sizes=\"auto, (max-width: 1920px) 100vw, 1920px\" \/><\/p>\n<p><strong>Kur do ta shikojm\u00eb Grezd\u00ebn n\u00eb nivelin e dikursh\u00ebm &#8211; <\/strong><\/p>\n<p><strong>Abilaliaj:<\/strong> Grezda edhe s\u00eb fundmi ka vuajtur nj\u00eb d\u00ebmtim q\u00eb mori ndaj Vllaznis\u00eb dhe p\u00ebr k\u00ebt\u00eb arsye nuk \u00ebsht\u00eb p\u00ebrgatitur rregullisht k\u00ebto dit\u00eb. Ishte n\u00eb rrug\u00ebn e duhur, po st\u00ebrvitej si\u00e7 duhet. Patjet\u00ebr q\u00eb i duhet nj\u00eb far\u00eb kohe t\u00eb arrinte dhe t\u00eb b\u00ebnte at\u00eb q\u00eb duhet t\u00eb b\u00ebj\u00eb, duke pasur parasysh se nuk e ka pasur vazhdim\u00ebsin\u00eb n\u00eb ndeshje, pasi n\u00eb st\u00ebrvitje e ka gjetur. Ndeshjet jan\u00eb ato q\u00eb b\u00ebjn\u00eb diferenc\u00ebn, por \u00ebsht\u00eb edhe pak e v\u00ebshtir\u00eb\u00a0 me k\u00ebt\u00eb kontingjent q\u00eb kemi. Synimet q\u00eb ka ekipi, t\u00eb gjith\u00eb ata q\u00eb futen n\u00eb fush\u00ebn e loj\u00ebs, p\u00ebrve\u00e7 se duhet t\u00eb jen\u00eb 100% dhe ta ndihmojn\u00eb ekipin me at\u00eb q\u00eb b\u00ebjn\u00eb, duhet edhe t\u00eb din\u00eb q\u00eb ta ruajn\u00eb kualitetin. N\u00ebse krenohemi me ata 11 q\u00eb kemi n\u00eb fush\u00eb, duhet t\u00eb krenohemi edhe me ata 11 t\u00eb tjer\u00ebt n\u00eb pankin\u00eb q\u00eb jan\u00eb shum\u00eb t\u00eb r\u00ebnd\u00ebsish\u00ebm dhe mund t\u00eb b\u00ebjn\u00eb akoma m\u00eb shum\u00eb se ata q\u00eb luajn\u00eb nj\u00eb ndeshje t\u00eb caktuar apo dy.<\/p>\n<p><strong>Rregullat mjek\u00ebsore &#8211; <\/strong><\/p>\n<p><strong>Abilaliaj: <\/strong>N\u00eb historikun e klubit Partizani, me sa di \u00ebsht\u00eb shmangur ardhja e Duamen\u00ebs p\u00ebr shkak t\u00eb rregullave strikte q\u00eb kan\u00eb b\u00ebr\u00eb drejtuesit. Stafi mjek\u00ebsor \u00ebsht\u00eb marr\u00eb me k\u00ebto gj\u00ebra. Nuk mund ti thoja jo nj\u00eb kualiteti si\u00e7 ishte Duamena, por te rregullat mjek\u00ebsore nuk ka vend p\u00ebr diskutim. Ndaj p\u00ebrgjigja e \u00e7do pyetje n\u00eb lidhje me sulmuesin e tregon vet\u00eb historiku i situat\u00ebs s\u00eb Duamen\u00ebs. P\u00ebr k\u00ebt\u00eb arsye Duamena nuk u b\u00eb pjes\u00eb e Partizanit, por firmosi tek Egnatia .<\/p>\n<p><img loading=\"lazy\" decoding=\"async\" class=\"alignnone size-full wp-image-49799\" src=\"https:\/\/partizani.al\/sq\/wp-content\/uploads\/2023\/11\/arber-abialiaj-konference-per-shtyp-4.jpg\" alt=\"\" width=\"853\" height=\"1280\" srcset=\"https:\/\/partizani.al\/sq\/wp-content\/uploads\/2023\/11\/arber-abialiaj-konference-per-shtyp-4.jpg 853w, https:\/\/partizani.al\/sq\/wp-content\/uploads\/2023\/11\/arber-abialiaj-konference-per-shtyp-4-200x300.jpg 200w, https:\/\/partizani.al\/sq\/wp-content\/uploads\/2023\/11\/arber-abialiaj-konference-per-shtyp-4-682x1024.jpg 682w, https:\/\/partizani.al\/sq\/wp-content\/uploads\/2023\/11\/arber-abialiaj-konference-per-shtyp-4-768x1152.jpg 768w, https:\/\/partizani.al\/sq\/wp-content\/uploads\/2023\/11\/arber-abialiaj-konference-per-shtyp-4-85x128.jpg 85w, https:\/\/partizani.al\/sq\/wp-content\/uploads\/2023\/11\/arber-abialiaj-konference-per-shtyp-4-21x32.jpg 21w, https:\/\/partizani.al\/sq\/wp-content\/uploads\/2023\/11\/arber-abialiaj-konference-per-shtyp-4-500x750.jpg 500w, https:\/\/partizani.al\/sq\/wp-content\/uploads\/2023\/11\/arber-abialiaj-konference-per-shtyp-4-800x1200.jpg 800w, https:\/\/partizani.al\/sq\/wp-content\/uploads\/2023\/11\/arber-abialiaj-konference-per-shtyp-4-400x600.jpg 400w, https:\/\/partizani.al\/sq\/wp-content\/uploads\/2023\/11\/arber-abialiaj-konference-per-shtyp-4-760x1140.jpg 760w, https:\/\/partizani.al\/sq\/wp-content\/uploads\/2023\/11\/arber-abialiaj-konference-per-shtyp-4-133x200.jpg 133w, https:\/\/partizani.al\/sq\/wp-content\/uploads\/2023\/11\/arber-abialiaj-konference-per-shtyp-4-300x450.jpg 300w\" sizes=\"auto, (max-width: 853px) 100vw, 853px\" \/><\/p>\n<p><strong>Mesazh p\u00ebr tifoz\u00ebt &#8211; <\/strong><\/p>\n<p><strong>Abilaliaj<\/strong>: D\u00ebshira jon\u00eb, pasi e dim\u00eb se edhe k\u00ebrkesat jan\u00eb jasht\u00eb zakonisht t\u00eb larta p\u00ebr vet\u00eb mark\u00ebn q\u00eb \u00ebsht\u00eb Partizani. P\u00ebr k\u00ebt\u00eb arsye \u00e7do dit\u00eb, cdo jav\u00eb \u00e7do muaj k\u00ebrkojm\u00eb nga k\u00ebta djem q\u00eb t\u00eb p\u00ebrligjin k\u00ebt\u00eb lloj interesimi dhe t\u00eb japin \u00e7do sekond\u00eb maksimumin si n\u00eb st\u00ebrvitje dhe n\u00eb fush\u00ebn e loj\u00ebs. Ndaj do t\u00eb mundohemi q\u00eb t\u00eb p\u00ebrligjim edhe interesin e tyre t\u00eb jasht\u00ebzakonsh\u00ebm. K\u00ebshtu q\u00eb t\u00eb gjith\u00eb si klub b\u00ebjm\u00eb maksimumin p\u00ebr t\u00eb arritur rezultatin e d\u00ebshiruar. Kemi b\u00ebr\u00eb nj\u00eb hap t\u00eb mir\u00eb, por nuk kemi arritur asgj\u00eb. Vet\u00ebm duke dh\u00ebn\u00eb maksimumin dhe korrur rezultate t\u00eb r\u00ebnd\u00ebsishme u kemi dh\u00ebn\u00eb p\u00ebrgjigjen m\u00eb t\u00eb mir\u00eb mb\u00ebshtet\u00ebsve tan\u00eb q\u00eb jan\u00eb t\u00eb shumt\u00eb\u00a0anemban\u00eb vendit. Ky \u00ebsht\u00eb nj\u00eb motiv shum\u00eb i r\u00ebnd\u00ebsish\u00ebm p\u00ebr t\u00eb na shtyr\u00eb p\u00ebrpara, duke pasur parasysh se \u00e7do fundjav\u00eb p\u00ebr neve \u00ebsht\u00eb shfaqje ku duhet t\u00eb shfaqemi mir\u00eb edhe p\u00ebr shkak t\u00eb publikut ton\u00eb.<\/p>\n","protected":false},"excerpt":{"rendered":"<p>Sa e v\u00ebshtir\u00eb do t\u00eb jet\u00eb ndeshja me Egnatian &#8211;\u00a0 Abilaliaj: Patjet\u00ebr q\u00eb do t\u00eb jet\u00eb nj\u00eb ndeshje shum\u00eb e v\u00ebshtir\u00eb , jo normale. Si un\u00eb ashtu edhe lojtar\u00ebt n\u00eb&#8230;<\/p>\n","protected":false},"author":1,"featured_media":49798,"comment_status":"open","ping_status":"closed","sticky":false,"template":"","format":"standard","meta":{"_seopress_robots_primary_cat":"","_seopress_titles_title":"","_seopress_titles_desc":"","_seopress_robots_index":"","_vp_format_video_url":"","_vp_image_focal_point":[],"footnotes":""},"categories":[107],"tags":[],"class_list":["post-49795","post","type-post","status-publish","format-standard","has-post-thumbnail","hentry","category-ekipi_i_pare"],"_links":{"self":[{"href":"https:\/\/partizani.al\/sq\/wp-json\/wp\/v2\/posts\/49795","targetHints":{"allow":["GET"]}}],"collection":[{"href":"https:\/\/partizani.al\/sq\/wp-json\/wp\/v2\/posts"}],"about":[{"href":"https:\/\/partizani.al\/sq\/wp-json\/wp\/v2\/types\/post"}],"author":[{"embeddable":true,"href":"https:\/\/partizani.al\/sq\/wp-json\/wp\/v2\/users\/1"}],"replies":[{"embeddable":true,"href":"https:\/\/partizani.al\/sq\/wp-json\/wp\/v2\/comments?post=49795"}],"version-history":[{"count":0,"href":"https:\/\/partizani.al\/sq\/wp-json\/wp\/v2\/posts\/49795\/revisions"}],"wp:featuredmedia":[{"embeddable":true,"href":"https:\/\/partizani.al\/sq\/wp-json\/wp\/v2\/media\/49798"}],"wp:attachment":[{"href":"https:\/\/partizani.al\/sq\/wp-json\/wp\/v2\/media?parent=49795"}],"wp:term":[{"taxonomy":"category","embeddable":true,"href":"https:\/\/partizani.al\/sq\/wp-json\/wp\/v2\/categories?post=49795"},{"taxonomy":"post_tag","embeddable":true,"href":"https:\/\/partizani.al\/sq\/wp-json\/wp\/v2\/tags?post=49795"}],"curies":[{"name":"wp","href":"https:\/\/api.w.org\/{rel}","templated":true}]}}