{"id":47172,"date":"2023-07-17T19:43:08","date_gmt":"2023-07-17T17:43:08","guid":{"rendered":"https:\/\/www.partizani.al\/sq\/?p=47172"},"modified":"2023-07-17T19:43:08","modified_gmt":"2023-07-17T17:43:08","slug":"prononcimi-trajnerit-zoran-zekic-ne-konferencen-per-mediat-ne-prag-te-takimit-ndaj-bate-borisov","status":"publish","type":"post","link":"https:\/\/partizani.al\/sq\/prononcimi-trajnerit-zoran-zekic-ne-konferencen-per-mediat-ne-prag-te-takimit-ndaj-bate-borisov\/","title":{"rendered":"PRONONCIMI I TRAJNERIT ZORAN ZEKI\u00c7 N\u00cb KONFERENC\u00cbN P\u00cbR MEDIAT N\u00cb PRAG T\u00cb TAKIMIT NDAJ BATE BORISOV"},"content":{"rendered":"<p>\ud83c\udfc6\ud835\udc14\ud835\udc04\ud835\udc05\ud835\udc00 \ud835\udc02\ud835\udc07\ud835\udc00\ud835\udc0c\ud835\udc0f\ud835\udc08\ud835\udc0e\ud835\udc0d\ud835\udc12 \ud835\udc0b\ud835\udc04\ud835\udc00\ud835\udc06\ud835\udc14\ud835\udc04<br \/>\n\ud83c\udf99| PRONONCIMI I TRAJNERIT ZORAN ZEKI\u00c7 N\u00cb KONFERENC\u00cbN P\u00cbR MEDIAT N\u00cb PRAG T\u00cb TAKIMIT NDAJ BATE BORISOV \ud83d\udc47<\/p>\n<p><strong>Pas barazimit 1 &#8211; 1 n\u00eb ndeshjen e par\u00eb, si e konsideroni ndeshjen e kthimit ndaj Bate Borisov &#8211;<\/strong><\/p>\n<p>\ud835\udc19\ud835\udc1e\ud835\udc24\ud835\udc22\ud835\udc1c\u0327: E kam p\u00ebrmendur edhe n\u00eb p\u00ebrfundim t\u00eb ndeshjes s\u00eb par\u00eb n\u00eb Tiran\u00eb, q\u00eb ky rezultat l\u00eb \u00e7do gj\u00eb t\u00eb hapur p\u00ebrsa i p\u00ebrket kualifikimit n\u00eb raundin e dyt\u00eb. Kemi luajtur vet\u00ebm aktin e par\u00eb. Nes\u00ebr do t\u00eb jet\u00eb nj\u00eb tjet\u00ebr ndeshje, duhet t\u00eb kemi p\u00ebrq\u00ebndrim maksimal, dhe t\u00eb fokusohemi t\u00eb b\u00ebjm\u00eb ndeshjen ton\u00eb.<\/p>\n<p><strong><a href=\"https:\/\/www.partizani.al\/sq\/wp-content\/uploads\/2023\/07\/GJK_0169.jpg\"><img loading=\"lazy\" decoding=\"async\" class=\"alignnone size-full wp-image-47174\" src=\"https:\/\/www.partizani.al\/sq\/wp-content\/uploads\/2023\/07\/GJK_0169.jpg\" alt=\"\" width=\"1920\" height=\"1280\" \/><\/a>Tashm\u00eb e njihni kund\u00ebrshtarin sa jan\u00eb shanset e Partizanit p\u00ebr kualifikim &#8211;<\/strong><\/p>\n<p>\ud835\udc19\ud835\udc1e\ud835\udc24\ud835\udc22\ud835\udc1c\u0327: E theksova edhe m\u00eb par\u00eb q\u00eb neser do t\u00eb jet\u00eb krejt\u00ebsisht nj\u00eb ndeshje tjet\u00ebr. Ne duhet t\u00eb b\u00ebjm\u00eb nj\u00eb ndeshje dhe nj\u00eb paraqitje akoma edhe m\u00eb t\u00eb mir\u00eb. Duhet t\u00eb kemi m\u00eb shum\u00eb karakter, m\u00eb shum\u00eb energji dhe m\u00eb shum\u00eb disiplin\u00eb.<\/p>\n<p><a href=\"https:\/\/www.partizani.al\/sq\/wp-content\/uploads\/2023\/07\/GJK_0183.jpg\"><img loading=\"lazy\" decoding=\"async\" class=\"alignnone size-full wp-image-47175\" src=\"https:\/\/www.partizani.al\/sq\/wp-content\/uploads\/2023\/07\/GJK_0183.jpg\" alt=\"\" width=\"1920\" height=\"1280\" \/><\/a><\/p>\n<p><strong>Si \u00ebsht\u00eb gjendja fizike e skuadr\u00ebs &#8211;<\/strong><\/p>\n<p>\ud835\udc19\ud835\udc1e\ud835\udc24\ud835\udc22\ud835\udc1c\u0327: Kemi disa probleme t\u00eb vogla, asgj\u00eb problematike. Sot kemi edhe seanc\u00ebn e fundit dhe shpresoj q\u00eb \u00e7do gj\u00eb t\u00eb shkoj\u00eb mir\u00eb. Nes\u00ebr besoj i gjith\u00eb grupi do t\u00eb jet\u00eb i gatsh\u00ebm.<\/p>\n<p><strong>Ndeshja nes\u00ebr do te luhet pa tifoz\u00eb, si e komentoni k\u00ebt\u00eb fakt &#8211; <\/strong><\/p>\n<p>\ud835\udc19\ud835\udc1e\ud835\udc24\ud835\udc22\ud835\udc1c\u0327: Nuk mund ta ndryshojm\u00eb k\u00ebt\u00eb gj\u00eb. Askush nuk e d\u00ebshiron q\u00eb nj\u00eb ndeshje futbolli t\u00eb luhet pa publik dhe p\u00ebr k\u00ebt\u00eb m\u00eb vjen shum\u00eb keq. Do t\u00eb jet\u00eb nj\u00eb situat\u00eb e nj\u00ebjt\u00eb si p\u00ebr ne ashtu edhe p\u00ebr Bate Borisov. Ne duhet t\u00eb p\u00ebrgatitemi t\u00eb luajm\u00eb edhe n\u00eb situata\u00a0t\u00eb\u00a0tilla.<\/p>\n<p><a href=\"https:\/\/www.partizani.al\/sq\/wp-content\/uploads\/2023\/07\/GJK_0188.jpg\"><img loading=\"lazy\" decoding=\"async\" class=\"alignnone size-full wp-image-47176\" src=\"https:\/\/www.partizani.al\/sq\/wp-content\/uploads\/2023\/07\/GJK_0188.jpg\" alt=\"\" width=\"853\" height=\"1280\" \/><\/a><\/p>\n","protected":false},"excerpt":{"rendered":"<p>\ud83c\udfc6\ud835\udc14\ud835\udc04\ud835\udc05\ud835\udc00 \ud835\udc02\ud835\udc07\ud835\udc00\ud835\udc0c\ud835\udc0f\ud835\udc08\ud835\udc0e\ud835\udc0d\ud835\udc12 \ud835\udc0b\ud835\udc04\ud835\udc00\ud835\udc06\ud835\udc14\ud835\udc04 \ud83c\udf99| PRONONCIMI I TRAJNERIT ZORAN ZEKI\u00c7 N\u00cb KONFERENC\u00cbN P\u00cbR MEDIAT N\u00cb PRAG T\u00cb TAKIMIT NDAJ BATE BORISOV \ud83d\udc47 Pas barazimit 1 &#8211; 1 n\u00eb ndeshjen e par\u00eb,&#8230;<\/p>\n","protected":false},"author":1,"featured_media":47173,"comment_status":"closed","ping_status":"closed","sticky":false,"template":"","format":"standard","meta":{"_seopress_robots_primary_cat":"","_seopress_titles_title":"","_seopress_titles_desc":"","_seopress_robots_index":"","_vp_format_video_url":"","_vp_image_focal_point":[],"footnotes":""},"categories":[107],"tags":[],"class_list":["post-47172","post","type-post","status-publish","format-standard","has-post-thumbnail","hentry","category-ekipi_i_pare"],"_links":{"self":[{"href":"https:\/\/partizani.al\/sq\/wp-json\/wp\/v2\/posts\/47172","targetHints":{"allow":["GET"]}}],"collection":[{"href":"https:\/\/partizani.al\/sq\/wp-json\/wp\/v2\/posts"}],"about":[{"href":"https:\/\/partizani.al\/sq\/wp-json\/wp\/v2\/types\/post"}],"author":[{"embeddable":true,"href":"https:\/\/partizani.al\/sq\/wp-json\/wp\/v2\/users\/1"}],"replies":[{"embeddable":true,"href":"https:\/\/partizani.al\/sq\/wp-json\/wp\/v2\/comments?post=47172"}],"version-history":[{"count":0,"href":"https:\/\/partizani.al\/sq\/wp-json\/wp\/v2\/posts\/47172\/revisions"}],"wp:featuredmedia":[{"embeddable":true,"href":"https:\/\/partizani.al\/sq\/wp-json\/"}],"wp:attachment":[{"href":"https:\/\/partizani.al\/sq\/wp-json\/wp\/v2\/media?parent=47172"}],"wp:term":[{"taxonomy":"category","embeddable":true,"href":"https:\/\/partizani.al\/sq\/wp-json\/wp\/v2\/categories?post=47172"},{"taxonomy":"post_tag","embeddable":true,"href":"https:\/\/partizani.al\/sq\/wp-json\/wp\/v2\/tags?post=47172"}],"curies":[{"name":"wp","href":"https:\/\/api.w.org\/{rel}","templated":true}]}}