{"id":47043,"date":"2023-07-10T22:06:04","date_gmt":"2023-07-10T20:06:04","guid":{"rendered":"https:\/\/www.partizani.al\/sq\/?p=47043"},"modified":"2023-07-10T22:06:04","modified_gmt":"2023-07-10T20:06:04","slug":"ucl-prononcimi-trajnerit-zoran-zekic-ne-konferencen-per-mediat","status":"publish","type":"post","link":"https:\/\/partizani.al\/sq\/ucl-prononcimi-trajnerit-zoran-zekic-ne-konferencen-per-mediat\/","title":{"rendered":"UCL | PRONONCIMI I TRAJNERIT ZORAN ZEKI\u00c7, N\u00cb KONFERENC\u00cbN P\u00cbR MEDIAT"},"content":{"rendered":"<p>\ud835\udc19\ud835\udc1e\ud835\udc24\ud835\udc22\ud835\udc1c\u0327:\u00a0Jam prej 1 muaji k\u00ebtu, kam patur 25 dit\u00eb koh\u00eb p\u00ebr ta p\u00ebrgatitur k\u00ebt\u00eb ndeshje, por nuk \u00ebsht\u00eb e r\u00ebnd\u00ebsishme t\u00eb flasim sot, por nes\u00ebr t\u00eb b\u00ebjm\u00eb m\u00eb t\u00eb mir\u00ebn. \u00cbsht\u00eb nj\u00eb ndeshje shum\u00eb e r\u00ebnd\u00ebsishme duke par\u00eb edhe afatin e shkurt\u00ebr kohor. Ndjej keqardhje pasi b\u00ebm\u00eb vet\u00ebm 2 ndeshje miq\u00ebsore. Ndonj\u00ebher\u00eb n\u00eb futboll k\u00ebto nuk vlejn\u00eb asgj\u00eb.<\/p>\n<p><a href=\"https:\/\/www.partizani.al\/sq\/wp-content\/uploads\/2023\/07\/GJK_9168.jpg\"><img loading=\"lazy\" decoding=\"async\" class=\"alignnone size-full wp-image-47044\" src=\"https:\/\/www.partizani.al\/sq\/wp-content\/uploads\/2023\/07\/GJK_9168.jpg\" alt=\"\" width=\"1920\" height=\"1280\" \/><\/a><br \/>\n<strong>Formacioni &#8211;<\/strong><\/p>\n<p>\ud835\udc19\ud835\udc1e\ud835\udc24\ud835\udc22\ud835\udc1c\u0327:\u00a0Kemi st\u00ebrvitjen e fundit, formacioni \u00ebsht\u00eb i ideuar por nuk \u00ebsht\u00eb mir\u00eb q\u00eb t\u00eb deklaroj p\u00ebrpara pasi mund t\u00eb ket\u00eb t\u00eb papritura.<\/p>\n<p>Nuk ka pika t\u00eb dobta apo t\u00eb forta, jan\u00eb 90 mintua t\u00eb r\u00ebnd\u00ebsishme nes\u00ebr. Kam folur p\u00ebr 25 dit\u00eb me skuadr\u00ebn. Duhet t\u00eb p\u00ebrballojm\u00eb ndeshjen me mentalitetin e duhur. Kam par\u00eb 4 ndeshjet e fundit t\u00eb BATE-s, jan\u00eb skuad\u00ebr e mir\u00eb me lojtar\u00eb cil\u00ebsor por ne duhet t\u00eb japim m\u00eb t\u00eb mir\u00ebn n\u00eb fush\u00eb t\u00eb arrijm\u00eb objektivin p\u00ebr skuadr\u00ebn, klubin dhe tifoz\u00ebt.<\/p>\n<p><strong>Gjendja e lojtar\u00ebve &#8211;<\/strong><\/p>\n<p>\ud835\udc19\ud835\udc1e\ud835\udc24\ud835\udc22\ud835\udc1c\u0327:\u00a0Kemi disa lojtar\u00eb q\u00eb nuk jan\u00eb n\u00eb 100%. Shpresoj q\u00eb nes\u00ebr t\u00eb jen\u00eb t\u00eb gjith\u00eb gati. N\u00eb k\u00ebto 2 ndeshje miq\u00ebsore nuk kisha nj\u00eb formacion fiks, por kam p\u00ebrdorur t\u00eb gjith\u00eb lojtar\u00ebt p\u00ebr t\u00eb par\u00eb gjendjen fizike.<\/p>\n<p><a href=\"https:\/\/www.partizani.al\/sq\/wp-content\/uploads\/2023\/07\/GJK_9174.jpg\"><img loading=\"lazy\" decoding=\"async\" class=\"alignnone size-full wp-image-47045\" src=\"https:\/\/www.partizani.al\/sq\/wp-content\/uploads\/2023\/07\/GJK_9174.jpg\" alt=\"\" width=\"1920\" height=\"1280\" \/><\/a><\/p>\n<p><strong>Prisni emra t\u00eb rinj n\u00eb merkato &#8211;<\/strong><\/p>\n<p>\ud835\udc19\ud835\udc1e\ud835\udc24\ud835\udc22\ud835\udc1c\u0327:\u00a0N\u00eb k\u00ebt\u00eb moment nuk mendoj p\u00ebr lojtar\u00ebt q\u00eb do t\u00eb afroj por vet\u00ebm p\u00ebr rezultatin ndaj BATE Borisov pasi \u00e7do gabim do t\u00eb na kushtoj\u00eb shum\u00eb. N\u00eb t\u00eb gjitha seancat mendoj se si ne kemi punuar, ju keni m\u00eb shum\u00eb informacion se un\u00eb. Kur sulmojm\u00eb e b\u00ebjm\u00eb q\u00eb nga mbrojtja pastaj fillon gradualisht skuadra.<\/p>\n<p><strong>Ndeshja juaj e par\u00eb zyrtare &#8211;<\/strong><\/p>\n<p>\ud835\udc19\ud835\udc1e\ud835\udc24\ud835\udc22\ud835\udc1c\u0327:\u00a0Do t\u00eb shohim nes\u00ebr, mund t\u00eb kemi disa surpriza. Pas 25 dit\u00ebsh ende nuk i di t\u00eb gjitha kualitetet e skuadr\u00ebs. E para dhe e fundit ndeshje p\u00ebr mua s\u2019ka r\u00ebnd\u00ebsi, un\u00eb provoj t\u00eb fitoj gjithmon\u00eb. \u00cbsht\u00eb nj\u00eb ndeshje e r\u00ebnd\u00ebsishme, duhet t\u00eb sulmojm\u00eb k\u00ebdo, t\u00eb mbrojm\u00eb nj\u00ebri-tjetrin. N\u00eb k\u00ebt\u00eb moment duhet t\u00eb jemi t\u00eb kujdessh\u00ebm, nuk duhet t\u00eb gabojm\u00eb q\u00eb t\u00eb marrim nj\u00eb rezultat t\u00eb mir\u00eb.<\/p>\n<p><a href=\"https:\/\/www.partizani.al\/sq\/wp-content\/uploads\/2023\/07\/GJK_9238.jpg\"><img loading=\"lazy\" decoding=\"async\" class=\"alignnone size-full wp-image-47046\" src=\"https:\/\/www.partizani.al\/sq\/wp-content\/uploads\/2023\/07\/GJK_9238.jpg\" alt=\"\" width=\"853\" height=\"1280\" \/><\/a><\/p>\n<p><strong>Si ndryshon Partizani &#8211;<\/strong><\/p>\n<p>\ud835\udc19\ud835\udc1e\ud835\udc24\ud835\udc22\ud835\udc1c\u0327:\u00a0Dikush mund t\u2019i kuptoj\u00eb idet\u00eb e mia p\u00ebr 20 dit\u00eb nd\u00ebrsa dikush tjet\u00ebr nuk i kupton dot p\u00ebr 2 vjet. Nuk duhet t\u00eb krijojm\u00eb alibi, nes\u00ebr t\u00eb japim maksimumin.\u00a0 Nga momenti q\u00eb kam ardhur, kam transmetuar idet\u00eb e mia. \u00cbsht\u00eb nj\u00eb ekip totalisht ndryshe. Pozicionet e lojtar\u00ebve do t\u00eb jen\u00eb ndryshe nga ato q\u00eb kemi par\u00eb. Partizan m\u00eb i fort\u00eb apo jo e shohim nes\u00ebr. \u00c7do dit\u00eb ka dicka p\u00ebr t\u00eb provuar. Un\u00eb mundohem t\u00eb ndihmoj lojtar\u00ebt q\u00eb t\u00eb pasqyrojn\u00eb idet\u00eb e mia n\u00eb fush\u00eb.<\/p>\n<p><strong>Kund\u00ebrshtari &#8211;<\/strong><\/p>\n<p>\ud835\udc19\ud835\udc1e\ud835\udc24\ud835\udc22\ud835\udc1c\u0327:\u00a0BATE ka m\u00eb shum\u00eb eksperienc\u00eb n\u00eb Europ\u00eb por nes\u00ebr duhet t\u00eb mendojm\u00eb vet\u00ebm p\u00ebr 90 minuta. Kur isha te Osijek kishim 25 vite pa marr\u00eb pjes\u00eb n\u00eb Europ\u00eb dhe ne u prezantuam mjaft mir\u00eb. Nuk \u00ebsht\u00eb e r\u00ebnd\u00ebsishme kush e nis titullar, por si p\u00ebrfundon ndeshja. Kur ka 5 z\u00ebv\u00ebnd\u00ebsime \u00ebsht\u00eb shum\u00eb favorizues dhe secili q\u00eb \u00ebsht\u00eb n\u00eb pankin\u00eb \u00ebsht\u00eb i r\u00ebnd\u00ebsish\u00ebm.<\/p>\n<p><a href=\"https:\/\/www.partizani.al\/sq\/wp-content\/uploads\/2023\/07\/GJK_9243.jpg\"><img loading=\"lazy\" decoding=\"async\" class=\"alignnone size-full wp-image-47047\" src=\"https:\/\/www.partizani.al\/sq\/wp-content\/uploads\/2023\/07\/GJK_9243.jpg\" alt=\"\" width=\"1920\" height=\"1280\" \/><\/a><\/p>\n","protected":false},"excerpt":{"rendered":"<p>\ud835\udc19\ud835\udc1e\ud835\udc24\ud835\udc22\ud835\udc1c\u0327:\u00a0Jam prej 1 muaji k\u00ebtu, kam patur 25 dit\u00eb koh\u00eb p\u00ebr ta p\u00ebrgatitur k\u00ebt\u00eb ndeshje, por nuk \u00ebsht\u00eb e r\u00ebnd\u00ebsishme t\u00eb flasim sot, por nes\u00ebr t\u00eb b\u00ebjm\u00eb m\u00eb t\u00eb mir\u00ebn&#8230;.<\/p>\n","protected":false},"author":1,"featured_media":47044,"comment_status":"closed","ping_status":"closed","sticky":false,"template":"","format":"standard","meta":{"_seopress_robots_primary_cat":"","_seopress_titles_title":"","_seopress_titles_desc":"","_seopress_robots_index":"","_vp_format_video_url":"","_vp_image_focal_point":[],"footnotes":""},"categories":[107],"tags":[],"class_list":["post-47043","post","type-post","status-publish","format-standard","has-post-thumbnail","hentry","category-ekipi_i_pare"],"_links":{"self":[{"href":"https:\/\/partizani.al\/sq\/wp-json\/wp\/v2\/posts\/47043","targetHints":{"allow":["GET"]}}],"collection":[{"href":"https:\/\/partizani.al\/sq\/wp-json\/wp\/v2\/posts"}],"about":[{"href":"https:\/\/partizani.al\/sq\/wp-json\/wp\/v2\/types\/post"}],"author":[{"embeddable":true,"href":"https:\/\/partizani.al\/sq\/wp-json\/wp\/v2\/users\/1"}],"replies":[{"embeddable":true,"href":"https:\/\/partizani.al\/sq\/wp-json\/wp\/v2\/comments?post=47043"}],"version-history":[{"count":0,"href":"https:\/\/partizani.al\/sq\/wp-json\/wp\/v2\/posts\/47043\/revisions"}],"wp:featuredmedia":[{"embeddable":true,"href":"https:\/\/partizani.al\/sq\/wp-json\/"}],"wp:attachment":[{"href":"https:\/\/partizani.al\/sq\/wp-json\/wp\/v2\/media?parent=47043"}],"wp:term":[{"taxonomy":"category","embeddable":true,"href":"https:\/\/partizani.al\/sq\/wp-json\/wp\/v2\/categories?post=47043"},{"taxonomy":"post_tag","embeddable":true,"href":"https:\/\/partizani.al\/sq\/wp-json\/wp\/v2\/tags?post=47043"}],"curies":[{"name":"wp","href":"https:\/\/api.w.org\/{rel}","templated":true}]}}