{"id":46899,"date":"2023-06-13T21:39:46","date_gmt":"2023-06-13T19:39:46","guid":{"rendered":"https:\/\/www.partizani.al\/sq\/?p=46899"},"modified":"2023-06-13T21:39:46","modified_gmt":"2023-06-13T19:39:46","slug":"prononcimi-drejtorit-sportiv-arber-abilaliaj-ne-konferencen-per-mediat","status":"publish","type":"post","link":"https:\/\/partizani.al\/sq\/prononcimi-drejtorit-sportiv-arber-abilaliaj-ne-konferencen-per-mediat\/","title":{"rendered":"PRONONCIMI I DREJTORIT SPORTIV ARB\u00cbR ABILALIAJ, N\u00cb KONFERENC\u00cbN P\u00cbR MEDIAT"},"content":{"rendered":"<p><i>\ud835\udc00\ud835\udc1b\ud835\udc22\ud835\udc25\ud835\udc1a\ud835\udc25\ud835\udc22\ud835\udc1a\ud835\udc23:\u00a0<\/i><i>\u00cbsht\u00eb nj\u00eb p\u00ebrgjegj\u00ebsi jasht\u00ebzakonisht e madhe, un\u00eb kam shum\u00eb vite n\u00eb bot\u00ebn e futbollit por kjo \u00ebsht\u00eb nj\u00eb p\u00ebrgjegj\u00ebsi, pasi flasim p\u00ebr nj\u00eb klub shum\u00eb t\u00eb r\u00ebnd\u00ebsish\u00ebm dhe t\u00eb dashur p\u00ebr mua. Idet\u00eb i kam t\u00eb qarta si do t\u00eb pro\u00e7edoj\u00eb Partizani, fakti q\u00eb kam qen\u00eb n\u00eb klub p\u00ebr nj\u00eb vit duke i par\u00eb t\u00eb gjitha m\u00eb ka b\u00ebr\u00eb mir\u00eb. Kemi pasur koh\u00ebn t\u00eb diskutojm\u00eb shum\u00eb gj\u00ebra me presidentin Demi p\u00ebr t\u00eb ndihmuar Partizanin q\u00eb t\u00eb jet\u00eb dominant, por q\u00eb t\u00eb jet\u00eb i r\u00ebnd\u00ebsish\u00ebm edhe jasht\u00eb duhet t\u00eb punojm\u00eb n\u00eb m\u00ebnyr\u00eb profesionale, t\u00eb b\u00ebjm\u00eb maksimumin edhe pse jo dhe me pun\u00eb mund t\u00eb arrihet gjith\u00e7ka.<\/i><\/p>\n<p>N\u00eb pik\u00ebpyetje \u00ebsht\u00eb vet\u00ebm koha por drejtuesit dhe ata q\u00eb q\u00ebndrojn\u00eb mbrapa nesh jan\u00eb t\u00eb qart\u00eb q\u00eb n\u00ebse gj\u00ebrat b\u00ebhen si duhen, nuk \u00ebsht\u00eb e paarritshme asgj\u00eb. Kemi lojtar\u00eb me mosh\u00eb mesatare dhe shum\u00eb premtues dhe n\u00eb 2-3 vitet e ardhshme t\u00eb jen\u00eb n\u00eb nj\u00eb stad. Kemi k\u00ebrkesa p\u00ebr 2-3 lojtar\u00eb tan\u00eb t\u00eb r\u00ebnd\u00ebsish\u00ebm. Jemi munduar t\u00eb zgjedhim nj\u00eb trajner q\u00eb ka k\u00ebt\u00eb lloj CV me k\u00ebt\u00eb eksperienc\u00eb, dhe dihet q\u00eb shkollat kroate jo vet\u00ebm rrit futbollist t\u00eb mir\u00eb por edhe t\u00eb b\u00ebjn\u00eb nj\u00eb karrier\u00eb t\u00eb madhe.<\/p>\n<p>Kemi synim q\u00eb grupin aktual ta ruajm\u00eb maksimalisht dhe kjo gj\u00eb do t\u00eb b\u00ebhet, fokusi \u00ebsht\u00eb p\u00ebr t\u00eb ruajtur grupin. Do t\u00eb ket\u00eb 2-3 p\u00ebrforcime q\u00eb do t\u2019i b\u00ebjn\u00eb mir\u00eb ekipit dhe konkurrenca i rrit. Nuk mund t\u00eb them ende sa do t\u00eb marrim apo k\u00eb, se jemi ende n\u00eb negociata, por mund t\u00eb themi q\u00eb projekti \u00ebsht\u00eb i qart\u00eb dhe ka nisur para 1 viti dhe\u00a0 \u00ebsht\u00eb t\u00eb ulim deri diku nivelin e mosh\u00ebs mesatare n\u00eb ekip duke b\u00ebr\u00eb t\u00eb mundur q\u00eb t\u2019i rrisim n\u00eb cil\u00ebsi. Mund t\u00eb p\u00ebrforcojm\u00eb dy-tre pozicione q\u00eb kemi menduar p\u00ebr t\u00eb rritur cil\u00ebsin\u00eb n\u00eb kompeticione, n\u00eb mbrojtje, mesfush\u00eb dhe n\u00eb sulm, por grupi aktual do t\u00eb ruhet. P\u00ebr Matondon ka ofert\u00eb nga jasht\u00eb, por djali ka kontrat\u00eb me klubin dhe kjo gj\u00eb nuk diskutohet sidomos p\u00ebrpara kompeticioneve europiane. Pjesa tjet\u00ebr, n\u00ebse do t\u00eb arrijm\u00eb n\u00eb nj\u00eb marr\u00ebveshje t\u00eb dyt\u00eb q\u00eb t\u00eb k\u00ebnaqen t\u00eb dyja pal\u00ebt, kjo gj\u00eb mbetet p\u00ebr t\u2019u par\u00eb. N\u00eb k\u00ebt\u00eb moment grupi vet\u00ebm do t\u00eb p\u00ebrforcohet dhe nuk do t\u00eb ket\u00eb asnj\u00eb largim.<\/p>\n<p><a href=\"https:\/\/www.partizani.al\/sq\/wp-content\/uploads\/2023\/06\/GJK_5021.jpg\"><img loading=\"lazy\" decoding=\"async\" class=\"alignnone size-full wp-image-46900\" src=\"https:\/\/www.partizani.al\/sq\/wp-content\/uploads\/2023\/06\/GJK_5021.jpg\" alt=\"\" width=\"1920\" height=\"1280\" \/><\/a><\/p>\n<p><strong>E ardhmja e Matondos &#8211;<\/strong><\/p>\n<p>\ud835\udc00\ud835\udc1b\ud835\udc22\ud835\udc25\ud835\udc1a\ud835\udc25\ud835\udc22\ud835\udc1a\ud835\udc23:\u00a0Matondo ka kontrat\u00eb edhe 1 vit me klubin pavar\u00ebsisht se \u00e7far\u00eb d\u00ebshire mund t\u00eb ket\u00eb lojtari, \u00ebsht\u00eb nj\u00eb gj\u00eb q\u00eb \u00ebsht\u00eb e kot\u00eb ta diskutojm\u00eb sepse kontrata duhet respektuar n\u00eb fund t\u00eb fundit. Futbollisti ka nj\u00eb kontrat\u00eb q\u00eb duhet ta respektoj\u00eb dhe normalisht q\u00eb kjo gj\u00eb t\u00eb mos zgjatet m\u00eb shum\u00eb. Ai duhet t\u00eb tregohet profesionist, ashtu si edhe klubi \u00ebsht\u00eb treguar me at\u00eb q\u00eb nga momenti q\u00eb e ka marr\u00eb dhe deri m\u00eb sot n\u00eb t\u00eb gjitha aspektet.<\/p>\n<p><strong>Hoti &#8211;<\/strong><\/p>\n<p>\ud835\udc00\ud835\udc1b\ud835\udc22\ud835\udc25\ud835\udc1a\ud835\udc25\ud835\udc22\ud835\udc1a\ud835\udc23:\u00a0Engj\u00ebll Hotit i ka mbaruar kontrata dhe nuk kemi \u00e7far\u00eb t\u00eb bisedojm\u00eb, n\u00eb list\u00ebn q\u00eb na \u00ebsht\u00eb paraqitur nuk \u00ebsht\u00eb emri i tij k\u00ebshtu q\u00eb \u00ebsht\u00eb lojtar i lir\u00eb. Me nj\u00eb pjes\u00eb t\u00eb lojtar\u00ebve q\u00eb Marini kishte kontakte vazhdojm\u00eb t\u2019i kemi, jemi edhe me shum\u00eb t\u00eb tjer\u00eb me nevojat q\u00eb ka paraqitur trajneri i ri. Ne vazhdojm\u00eb pun\u00ebn q\u00eb prej nj\u00eb viti. Shum\u00eb shpejt do t\u00eb ket\u00eb rinovime, mund t\u00eb ndodh\u00eb shum\u00eb shpejt. Do mundohemi q\u00eb i gjith\u00eb grupi t\u00eb jet\u00eb i kompletuar p\u00ebr faz\u00ebn p\u00ebrgatitore e cila nis t\u00eb h\u00ebn\u00ebn e ardhshme, pretendojm\u00eb t\u00eb kemi 90-95 % t\u00eb grupit n\u00eb disponim.<\/p>\n<p><a href=\"https:\/\/www.partizani.al\/sq\/wp-content\/uploads\/2023\/06\/GJK_5012.jpg\"><img loading=\"lazy\" decoding=\"async\" class=\"alignnone size-full wp-image-46901\" src=\"https:\/\/www.partizani.al\/sq\/wp-content\/uploads\/2023\/06\/GJK_5012.jpg\" alt=\"\" width=\"1920\" height=\"1280\" \/><\/a><\/p>\n<p><strong>Grezda:<\/strong><\/p>\n<p>\ud835\udc00\ud835\udc1b\ud835\udc22\ud835\udc25\ud835\udc1a\ud835\udc25\ud835\udc22\ud835\udc1a\ud835\udc23:\u00a0P\u00ebr Grezd\u00ebn ka nj\u00eb interesim, duke pasur parasysh edhe q\u00eb trajneri ka punuar goxha me t\u00eb. \u00cbsht\u00eb nj\u00eb nga profilet, por nuk \u00ebsht\u00eb i vetmi, duke pasur parasysh q\u00eb minimalisht jan\u00eb kat\u00ebr opsione. Duhen par\u00eb se si do t\u00eb rrjedhin gj\u00ebrat se jemi ende n\u00eb faz\u00eb bisedimesh e nuk duam t\u00eb gabojm\u00eb n\u00eb detaje. Por \u00e7do gj\u00eb mund t\u00eb ndodh\u00eb, \u00ebsht\u00eb nj\u00eb nga opsionet q\u00eb ne po diskutojm\u00eb.<\/p>\n<p>Tek Mba kemi investuar nj\u00eb shif\u00ebr t\u00eb konsiderueshme dhe na ka dh\u00ebn\u00eb nj\u00eb feedback t\u00eb mir\u00eb n\u00eb 6 muajt e fundit. Profili i Armando Sadikut nuk na sh\u00ebrben n\u00eb k\u00ebt\u00eb momente n\u00eb ekip.<\/p>\n<p>Liridon Latifin e njohim shum\u00eb mir\u00eb, por na duhet nj\u00eb lojtar q\u00eb t\u00eb futet n\u00eb mentalitetin e klubit dhe t\u00eb jet\u00eb i p\u00ebrshtatsh\u00ebm p\u00ebr at\u00eb q\u00eb k\u00ebrkon trajneri i ri.<\/p>\n<p><a href=\"https:\/\/www.partizani.al\/sq\/wp-content\/uploads\/2023\/06\/GJK_5017-1.jpg\"><img loading=\"lazy\" decoding=\"async\" class=\"alignnone size-full wp-image-46903\" src=\"https:\/\/www.partizani.al\/sq\/wp-content\/uploads\/2023\/06\/GJK_5017-1.jpg\" alt=\"\" width=\"853\" height=\"1280\" \/><\/a><\/p>\n","protected":false},"excerpt":{"rendered":"<p>\ud835\udc00\ud835\udc1b\ud835\udc22\ud835\udc25\ud835\udc1a\ud835\udc25\ud835\udc22\ud835\udc1a\ud835\udc23:\u00a0\u00cbsht\u00eb nj\u00eb p\u00ebrgjegj\u00ebsi jasht\u00ebzakonisht e madhe, un\u00eb kam shum\u00eb vite n\u00eb bot\u00ebn e futbollit por kjo \u00ebsht\u00eb nj\u00eb p\u00ebrgjegj\u00ebsi, pasi flasim p\u00ebr nj\u00eb klub shum\u00eb t\u00eb r\u00ebnd\u00ebsish\u00ebm dhe t\u00eb dashur&#8230;<\/p>\n","protected":false},"author":1,"featured_media":46901,"comment_status":"closed","ping_status":"closed","sticky":false,"template":"","format":"standard","meta":{"_seopress_robots_primary_cat":"","_seopress_titles_title":"","_seopress_titles_desc":"","_seopress_robots_index":"","_vp_format_video_url":"","_vp_image_focal_point":[],"footnotes":""},"categories":[107],"tags":[],"class_list":["post-46899","post","type-post","status-publish","format-standard","has-post-thumbnail","hentry","category-ekipi_i_pare"],"_links":{"self":[{"href":"https:\/\/partizani.al\/sq\/wp-json\/wp\/v2\/posts\/46899","targetHints":{"allow":["GET"]}}],"collection":[{"href":"https:\/\/partizani.al\/sq\/wp-json\/wp\/v2\/posts"}],"about":[{"href":"https:\/\/partizani.al\/sq\/wp-json\/wp\/v2\/types\/post"}],"author":[{"embeddable":true,"href":"https:\/\/partizani.al\/sq\/wp-json\/wp\/v2\/users\/1"}],"replies":[{"embeddable":true,"href":"https:\/\/partizani.al\/sq\/wp-json\/wp\/v2\/comments?post=46899"}],"version-history":[{"count":0,"href":"https:\/\/partizani.al\/sq\/wp-json\/wp\/v2\/posts\/46899\/revisions"}],"wp:featuredmedia":[{"embeddable":true,"href":"https:\/\/partizani.al\/sq\/wp-json\/"}],"wp:attachment":[{"href":"https:\/\/partizani.al\/sq\/wp-json\/wp\/v2\/media?parent=46899"}],"wp:term":[{"taxonomy":"category","embeddable":true,"href":"https:\/\/partizani.al\/sq\/wp-json\/wp\/v2\/categories?post=46899"},{"taxonomy":"post_tag","embeddable":true,"href":"https:\/\/partizani.al\/sq\/wp-json\/wp\/v2\/tags?post=46899"}],"curies":[{"name":"wp","href":"https:\/\/api.w.org\/{rel}","templated":true}]}}