{"id":46893,"date":"2023-06-13T20:12:48","date_gmt":"2023-06-13T18:12:48","guid":{"rendered":"https:\/\/www.partizani.al\/sq\/?p=46893"},"modified":"2023-06-13T20:12:48","modified_gmt":"2023-06-13T18:12:48","slug":"prononcimi-trajnerit-zoran-zekic-ne-konferencen-per-mediat","status":"publish","type":"post","link":"https:\/\/partizani.al\/sq\/prononcimi-trajnerit-zoran-zekic-ne-konferencen-per-mediat\/","title":{"rendered":"PRONONCIMI I TRAJNERIT ZORAN ZEKI\u00c7, N\u00cb KONFERENC\u00cbN P\u00cbR MEDIAT"},"content":{"rendered":"<p>\ud835\udc19\ud835\udc1e\ud835\udc24\ud835\udc22\ud835\udc1c\u0327:\u00a0Un\u00eb nuk zgjodha Partizanin, m\u00eb zgjodhi Partizani mua. P\u00ebr mua ishte nj\u00eb sfid\u00eb e madhe, kam punuar n\u00eb Moldavi, n\u00eb Hungari, n\u00eb Kroaci dhe tani kisha nevoj\u00eb p\u00ebr nj\u00eb sfid\u00eb t\u00eb re. Mendoj se Partizani \u00ebsht\u00eb klubi m\u00eb i madh n\u00eb Shqip\u00ebri dhe p\u00ebr mua, stafin tim, \u00ebsht\u00eb nj\u00eb mund\u00ebsi q\u00eb t\u00eb b\u00ebjm\u00eb di\u00e7ka t\u00eb mir\u00eb p\u00ebr Europ\u00ebn, duke filluar nga Champions League e pastaj kampionati. Por p\u00ebr kampionatin do t\u00eb kemi m\u00eb shum\u00eb koh\u00eb.<\/p>\n<p>Kam luajtur kund\u00ebr Partizanit, kam punuar te Sherif Tiraspol dhe n\u00eb at\u00eb ndeshje m\u00eb kujtohen kualiteti dhe mentaliteti shum\u00eb i mir\u00eb i Partizanit. Gjithashtu p\u00ebr fat t\u00eb mir\u00eb kam pasur mund\u00ebsin\u00eb q\u00eb t\u00eb punoj me shum\u00eb futbollist\u00eb shqiptar\u00eb n\u00eb Kroaci dhe n\u00eb klube t\u00eb tjera dhe m\u00eb p\u00eblqen karakteri, cil\u00ebsia dhe profili i tyre se si luajn\u00eb futboll. Opinioni im \u00ebsht\u00eb q\u00eb t\u00eb luajm\u00eb futboll me disiplin\u00eb.<\/p>\n<p>Kam zhvilluar vet\u00ebm nj\u00eb seanc\u00eb st\u00ebrvitore, kam par\u00eb shum\u00eb gj\u00ebra, nuk jemi kompletuar ende, presim disa lojtar\u00eb. Padyshim duhet t\u00eb tregoj veten time dhe t\u2019u shpjegoj lojtar\u00ebve t\u00eb mi \u00e7far\u00eb pranoj dhe cilat rregulla q\u00eb duhet t\u00eb ndjekin n\u00eb fush\u00ebn e loj\u00ebs dhe jasht\u00eb saj. Nuk kemi shum\u00eb koh\u00eb.<\/p>\n<p><a href=\"https:\/\/www.partizani.al\/sq\/wp-content\/uploads\/2023\/06\/GJK_4974.jpg\"><img loading=\"lazy\" decoding=\"async\" class=\"alignnone size-full wp-image-46894\" src=\"https:\/\/www.partizani.al\/sq\/wp-content\/uploads\/2023\/06\/GJK_4974.jpg\" alt=\"\" width=\"1920\" height=\"1280\" \/><\/a><\/p>\n<p><strong>A do vij\u00eb Grezda?<\/strong><\/p>\n<p>\ud835\udc19\ud835\udc1e\ud835\udc24\ud835\udc22\ud835\udc1c\u0327:\u00a0Mendoj se \u00ebsht\u00eb pyetje p\u00ebr drejtorin se kam goxha pun\u00eb p\u00ebr t\u00eb b\u00ebr\u00eb n\u00eb fush\u00ebn e loj\u00ebs. Duhet ta dini q\u00eb ai luajti futbollin m\u00eb t\u00eb mir\u00eb t\u00eb karrier\u00ebs s\u00eb tij kur luajti me mua. Uroj q\u00eb t\u00eb jet\u00eb n\u00eb form\u00eb t\u00eb mir\u00eb, e di q\u00eb ka nj\u00eb d\u00ebshir\u00eb t\u00eb madhe t\u00eb vij\u00eb te Partizani, por \u00e7do gj\u00eb tjet\u00ebr varet nga marr\u00ebveshjet.<\/p>\n<p><a href=\"https:\/\/www.partizani.al\/sq\/wp-content\/uploads\/2023\/06\/GJK_4979.jpg\"><img loading=\"lazy\" decoding=\"async\" class=\"alignnone size-full wp-image-46895\" src=\"https:\/\/www.partizani.al\/sq\/wp-content\/uploads\/2023\/06\/GJK_4979.jpg\" alt=\"\" width=\"1920\" height=\"1280\" \/><\/a><\/p>\n<p><strong>Keni ndonj\u00eb list\u00eb lojtar\u00ebsh?<\/strong><\/p>\n<p>\ud835\udc19\ud835\udc1e\ud835\udc24\ud835\udc22\ud835\udc1c\u0327:\u00a0Nuk kam asnj\u00eb list\u00eb, ne kemi folur dhe drejtori e di profilin e lojtar\u00ebve q\u00eb duhen dhe ai e di m\u00eb mir\u00eb se un\u00eb se \u00e7far\u00eb duhet m\u00eb mir\u00eb k\u00ebtu.<\/p>\n<p>Kam ardhur n\u00eb st\u00ebrvitje me energji dhe me d\u00ebshir\u00eb t\u00eb madhe. Personalisht, edhe n\u00eb ndeshje, duhet t\u2019i jap energji pozitive skuadr\u00ebs dhe dua t\u2019i jap shtys\u00ebn.<\/p>\n<p>Marr skuadr\u00ebn q\u00eb ka fituar titullin kampion, dua t\u00eb fal\u00ebnderoj fillimisht ish-trajnerin dhe stafin e tij. Nuk dua t\u00eb flas shum\u00eb por duhet t\u00eb luftojm\u00eb q\u00eb t\u00eb fitojm\u00eb titullin. Por si fillim kemi nj\u00eb muaj q\u00eb t\u00eb p\u00ebrgatitemi p\u00ebr Europ\u00ebn dhe si do t\u00eb p\u00ebrfaq\u00ebsohemi.<\/p>\n<p><a href=\"https:\/\/www.partizani.al\/sq\/wp-content\/uploads\/2023\/06\/GJK_4962.jpg\"><img loading=\"lazy\" decoding=\"async\" class=\"alignnone size-full wp-image-46896\" src=\"https:\/\/www.partizani.al\/sq\/wp-content\/uploads\/2023\/06\/GJK_4962.jpg\" alt=\"\" width=\"1920\" height=\"1280\" \/><\/a><\/p>\n<p><strong>Matondo &#8211;<\/strong><\/p>\n<p>\ud835\udc19\ud835\udc1e\ud835\udc24\ud835\udc22\ud835\udc1c\u0327:\u00a0Matondo \u00ebsht\u00eb ende lojtari yn\u00eb, nuk mendoj se nuk do t\u00eb vij\u00eb. Ai ka d\u00ebshirat e tij, dhe klubi ka d\u00ebshirat e tij p\u00ebr t\u00eb folur me t\u00eb. Ai duhet t\u00eb vij\u00eb k\u00ebtu, t\u00eb flas\u00eb me klubin dhe pastaj do t\u00eb merret vendimi m\u00eb i mir\u00eb p\u00ebr t\u00eb gjith\u00eb.<\/p>\n<p><strong>Shanset p\u00ebr t\u00eb kaluar ture?<\/strong><\/p>\n<p>\ud835\udc19\ud835\udc1e\ud835\udc24\ud835\udc22\ud835\udc1c\u0327:\u00a0Fillimisht varet nga si do t\u00eb p\u00ebrgatitemi p\u00ebr Europ\u00ebn. Pas disa dit\u00ebsh do t\u00eb shohim kund\u00ebrshtarin dhe kemi 20 dit\u00eb pastaj q\u00eb t\u00eb analizojm\u00eb e b\u00ebjm\u00eb gjith\u00e7ka tjet\u00ebr. Nuk m\u00eb p\u00eblqen se nuk kam ende shum\u00eb lojtar\u00eb t\u00eb kthyer. Por pa justifikime, duhet t\u00eb b\u00ebjm\u00eb gjith\u00e7ka q\u00eb t\u00eb p\u00ebrgatitemi p\u00ebr at\u00eb ndeshje. Opinioni im n\u00eb jet\u00eb dhe futboll \u00ebsht\u00eb se asgj\u00eb nuk \u00ebsht\u00eb e pamundur, por thjesht t\u00eb duhet koh\u00eb p\u00ebr ta arritur.<\/p>\n<p><strong>A do t\u00eb p\u00ebrshtatem k\u00ebtu?<\/strong><\/p>\n<p>\ud835\udc19\ud835\udc1e\ud835\udc24\ud835\udc22\ud835\udc1c\u0327:\u00a0Nuk mund t\u00eb ndryshosh lojtar\u00ebt dhe mentalitetin n\u00eb nj\u00eb muaj, por mund t\u2019i jap\u00ebsh mund\u00ebsin\u00eb t\u00eb ndryshosh di\u00e7ka. Un\u00eb duhet t\u00eb tregohem i zgjuar q\u00eb t\u00eb shoh fillimisht situat\u00ebn fizike e mendore, \u00e7far\u00eb mund t\u00eb b\u00ebjm\u00eb n\u00eb k\u00ebto momente, se p\u00ebr shembull n\u00ebse shoh disa lojtar\u00eb q\u00eb nuk jan\u00eb n\u00eb maksimum fizikisht, nuk mund t\u00eb b\u00ebjn\u00eb progres n\u00eb k\u00ebt\u00eb muaj. Por jam 100% i sigurt, jo vet\u00ebm te Partizani e futbolli shqiptar, ne jemi profesionist\u00eb. Dhe n\u00ebse mendoni p\u00ebr suksesin, u thash\u00eb lojtar\u00ebve dje q\u00eb t\u00eb harrojn\u00eb grat\u00eb, baballar\u00ebt dhe f\u00ebmij\u00ebt dhe t\u00eb mendojn\u00eb p\u00ebr ekipin.<\/p>\n<p><a href=\"https:\/\/www.partizani.al\/sq\/wp-content\/uploads\/2023\/06\/GJK_4966.jpg\"><img loading=\"lazy\" decoding=\"async\" class=\"alignnone size-full wp-image-46897\" src=\"https:\/\/www.partizani.al\/sq\/wp-content\/uploads\/2023\/06\/GJK_4966.jpg\" alt=\"\" width=\"853\" height=\"1280\" \/><\/a><br \/>\n<strong>Largimi i Kolel\u00ebs edhe pse kampion?<\/strong><\/p>\n<p>\ud835\udc19\ud835\udc1e\ud835\udc24\ud835\udc22\ud835\udc1c\u0327:\u00a0Shpeshher\u00eb jeta nuk \u00ebsht\u00eb kaq e thjesht\u00eb, un\u00eb u largova nga Sherif, ku fitova dy tituj e dy Kupa, luajta e fitova 50 ndeshje n\u00eb at\u00eb periudh\u00eb. Po ju them se jeta \u00ebsht\u00eb n\u00eb disa raste e thjesht\u00eb e disa her\u00eb jo, nuk di t\u00eb them n\u00ebse ai kishte probleme k\u00ebtu, por kjo \u00ebsht\u00eb jeta, kjo \u00ebsht\u00eb jeta e trajnerit. Para \u00e7do ndeshje, marr gj\u00ebrat e mia dhe i b\u00ebj gati, se ndoshta shkoj n\u00eb sht\u00ebpi.<\/p>\n","protected":false},"excerpt":{"rendered":"<p>\ud835\udc19\ud835\udc1e\ud835\udc24\ud835\udc22\ud835\udc1c\u0327:\u00a0Un\u00eb nuk zgjodha Partizanin, m\u00eb zgjodhi Partizani mua. P\u00ebr mua ishte nj\u00eb sfid\u00eb e madhe, kam punuar n\u00eb Moldavi, n\u00eb Hungari, n\u00eb Kroaci dhe tani kisha nevoj\u00eb p\u00ebr nj\u00eb sfid\u00eb&#8230;<\/p>\n","protected":false},"author":1,"featured_media":46895,"comment_status":"closed","ping_status":"closed","sticky":false,"template":"","format":"standard","meta":{"_seopress_robots_primary_cat":"","_seopress_titles_title":"","_seopress_titles_desc":"","_seopress_robots_index":"","_vp_format_video_url":"","_vp_image_focal_point":[],"footnotes":""},"categories":[107],"tags":[],"class_list":["post-46893","post","type-post","status-publish","format-standard","has-post-thumbnail","hentry","category-ekipi_i_pare"],"_links":{"self":[{"href":"https:\/\/partizani.al\/sq\/wp-json\/wp\/v2\/posts\/46893","targetHints":{"allow":["GET"]}}],"collection":[{"href":"https:\/\/partizani.al\/sq\/wp-json\/wp\/v2\/posts"}],"about":[{"href":"https:\/\/partizani.al\/sq\/wp-json\/wp\/v2\/types\/post"}],"author":[{"embeddable":true,"href":"https:\/\/partizani.al\/sq\/wp-json\/wp\/v2\/users\/1"}],"replies":[{"embeddable":true,"href":"https:\/\/partizani.al\/sq\/wp-json\/wp\/v2\/comments?post=46893"}],"version-history":[{"count":0,"href":"https:\/\/partizani.al\/sq\/wp-json\/wp\/v2\/posts\/46893\/revisions"}],"wp:featuredmedia":[{"embeddable":true,"href":"https:\/\/partizani.al\/sq\/wp-json\/"}],"wp:attachment":[{"href":"https:\/\/partizani.al\/sq\/wp-json\/wp\/v2\/media?parent=46893"}],"wp:term":[{"taxonomy":"category","embeddable":true,"href":"https:\/\/partizani.al\/sq\/wp-json\/wp\/v2\/categories?post=46893"},{"taxonomy":"post_tag","embeddable":true,"href":"https:\/\/partizani.al\/sq\/wp-json\/wp\/v2\/tags?post=46893"}],"curies":[{"name":"wp","href":"https:\/\/api.w.org\/{rel}","templated":true}]}}