{"id":45472,"date":"2023-05-16T12:32:05","date_gmt":"2023-05-16T10:32:05","guid":{"rendered":"https:\/\/www.partizani.al\/sq\/?p=45472"},"modified":"2023-05-16T12:32:05","modified_gmt":"2023-05-16T10:32:05","slug":"konferenca-per-shtyp-e-trajnerit-giovanni-colella-ne-prag-te-takimit-ndaj-tiranes-2","status":"publish","type":"post","link":"https:\/\/partizani.al\/sq\/konferenca-per-shtyp-e-trajnerit-giovanni-colella-ne-prag-te-takimit-ndaj-tiranes-2\/","title":{"rendered":"Konferenca p\u00ebr shtyp e trajnerit Giovanni Colella n\u00eb prag t\u00eb takimit ndaj Tiran\u00ebs"},"content":{"rendered":"<p><b>Derbi vendimtar &#8211;<\/b><\/p>\n<p>\ud835\udc02\ud835\udc28\ud835\udc25\ud835\udc1e\ud835\udc25\ud835\udc25\ud835\udc1a:\u00a0M\u00eb b\u00ebt nj\u00eb pyetje, por edhe dhat\u00eb nj\u00eb p\u00ebrgjigje. \u00cbsht\u00eb ndeshje e v\u00ebshtir\u00eb sepse p\u00ebrcakton fatet e sezonit sepse kemi nj\u00eb diferenc\u00eb\u00a0 me vet\u00ebm 2 pik\u00eb. T\u00eb b\u00ebsh k\u00ebt\u00eb pun\u00eb, duhet t\u00eb p\u00ebrballesh me ndeshje t\u00eb tilla.<br \/>\nJemi t\u00eb qet\u00eb, po p\u00ebrgatitemi mir\u00eb. Si rrall\u00eb her\u00eb nuk kemi probleme dhe mungesa si n\u00eb ndeshjet e kaluara q\u00eb kemi pasur. Jemi n\u00eb kushte shum\u00eb t\u00eb mira dhe jemi t\u00eb qet\u00eb.<\/p>\n<p><b><a href=\"https:\/\/www.partizani.al\/sq\/wp-content\/uploads\/2023\/05\/GJK_7816-scaled.jpg\"><img loading=\"lazy\" decoding=\"async\" class=\"alignnone size-full wp-image-45474\" src=\"https:\/\/www.partizani.al\/sq\/wp-content\/uploads\/2023\/05\/GJK_7816-scaled.jpg\" alt=\"\" width=\"2560\" height=\"1706\" \/><\/a>Taktika &#8211;<\/b><\/p>\n<p>\ud835\udc02\ud835\udc28\ud835\udc25\ud835\udc1e\ud835\udc25\ud835\udc25\ud835\udc1a:\u00a0Nuk mendoj se n\u00eb ndeshje t\u00eb r\u00ebnd\u00ebsishme, ka r\u00ebnd\u00ebsi taktika. Taktika ka r\u00ebnd\u00ebsi por m\u00eb e r\u00ebnd\u00ebsishme n\u00eb t\u00eb tilla ndeshje \u00ebsht\u00eb p\u00ebrqendrimi dhe m\u00ebnyra si mund t\u2019i p\u00ebrballosh k\u00ebto ndeshje.<br \/>\nMatematika nuk na lejon q\u00eb t\u00eb vendoset titulli, pasi ka edhe ndeshje t\u00eb tjera. Sa i p\u00ebrket titullit, kjo ndeshje vendos n\u00ebse ne humbasim. \u00cbsht\u00eb matematik\u00eb e thjesht\u00eb. E them se n\u00ebse fitojm\u00eb, kemi edhe ndeshje t\u00eb tjera sepse diferenca shkon vet\u00ebm 1 pik\u00eb.<\/p>\n<p><b>Qasja n\u00eb ndeshje &#8211;<\/b><\/p>\n<p>\ud835\udc02\ud835\udc28\ud835\udc25\ud835\udc1e\ud835\udc25\ud835\udc25\ud835\udc1a:\u00a0Edhe p\u00ebrqendrimi duhet t\u00eb jet\u00eb si\u00e7 ka qen\u00eb n\u00eb derbit e fundit. Edhe at\u00ebher\u00eb kur kemi humbur jemi p\u00ebrshtatur mir\u00eb. Skuadra ime ka ardhur n\u00eb rritje gjat\u00eb muajve t\u00eb fundit. \u00ebsht\u00eb normale sepse disa lojtar\u00eb me kalimin e muajve jan\u00eb pjekur dhe jan\u00eb rritur. K\u00ebshtu q\u00eb jemi rritur edhe shum\u00eb si skuad\u00ebr.<\/p>\n<p><a href=\"https:\/\/www.partizani.al\/sq\/wp-content\/uploads\/2023\/05\/GJK_7839-scaled.jpg\"><img loading=\"lazy\" decoding=\"async\" class=\"alignnone size-full wp-image-45477\" src=\"https:\/\/www.partizani.al\/sq\/wp-content\/uploads\/2023\/05\/GJK_7839-scaled.jpg\" alt=\"\" width=\"2560\" height=\"1706\" \/><\/a><\/p>\n<p><b>Koha p\u00ebr t\u00eb p\u00ebrgatitur derbin &#8211;\u00a0<\/b><\/p>\n<p>\ud835\udc02\ud835\udc28\ud835\udc25\ud835\udc1e\ud835\udc25\ud835\udc25\ud835\udc1a:\u00a0Nuk ka nj\u00eb avantazh kur ke shum\u00eb koh\u00eb ose pak koh\u00eb. Derbi n\u00eb brend\u00ebsi t\u00eb tij si ndeshje, ka mjaft situata. Krijohen situata.<\/p>\n<p><b>Prisni nj\u00eb Tiran\u00eb n\u00eb mbrojtje &#8211;\u00a0<\/b><\/p>\n<p>\ud835\udc02\ud835\udc28\ud835\udc25\ud835\udc1e\ud835\udc25\ud835\udc25\ud835\udc1a:\u00a0Nuk e di si do t\u00eb rreshtohet Tirana n\u00eb fush\u00eb. Secili nga ne e p\u00ebrgatit n\u00eb m\u00ebnyr\u00ebn e tij, por jan\u00eb ndeshje t\u00eb r\u00ebnd\u00ebsishme n\u00eb aspektin e motivimit dhe duhet p\u00ebrgatitur ndeshja. Skemat e loj\u00ebs? N\u00eb ndeshje t\u00eb tilla p\u00ebr 5 minuta gjith\u00e7ka mund t\u00eb ndryshoj\u00eb. Skuadrat kan\u00eb idet\u00eb e tyre, por gjat\u00eb loj\u00ebs mund t\u00eb ket\u00eb ndryshime.<\/p>\n<p>Nuk do ta tregoj se si e kam p\u00ebrgatitur k\u00ebt\u00eb ndeshje. At\u00eb q\u00eb kam p\u00ebrgatitur nuk mund tjua them. Si un\u00eb ashtu edhe Shehi e p\u00ebrgatisim p\u00ebr m\u00eb t\u00eb mir\u00ebn. Un\u00eb dua t\u00eb jem korrekt me ju dhe jo t\u00eb zbuloj p\u00ebrgatitjen e ndeshjes. Derbi mund t\u00eb p\u00ebrcaktohet edhe nga disa episode q\u00eb as un\u00eb dhe as Shehi nuk i mendojm\u00eb dot. Futbolli \u00ebsht\u00eb i bukur sepse ka gj\u00ebra t\u00eb papritura.<\/p>\n<p><a href=\"https:\/\/www.partizani.al\/sq\/wp-content\/uploads\/2023\/05\/GJK_7824-scaled.jpg\"><img loading=\"lazy\" decoding=\"async\" class=\"alignnone size-full wp-image-45475\" src=\"https:\/\/www.partizani.al\/sq\/wp-content\/uploads\/2023\/05\/GJK_7824-scaled.jpg\" alt=\"\" width=\"1707\" height=\"2560\" \/><\/a><\/p>\n<p><b>Da Silva &#8211;<\/b><\/p>\n<p>\ud835\udc02\ud835\udc28\ud835\udc25\ud835\udc1e\ud835\udc25\ud835\udc25\ud835\udc1a:\u00a0Shpresoj q\u00eb Da Silva t\u00eb jet\u00eb p\u00ebrcaktues, por ka edhe t\u00eb tjer\u00eb q\u00eb mund t\u00eb jen\u00eb. Edhe dikush q\u00eb ka luajtur pak, \u00ebsht\u00eb n\u00eb gjendje t\u00eb mir\u00eb si t\u00eb gjith\u00eb lojtar\u00ebt e tjer\u00eb. Nuk kam dh\u00ebn\u00eb k\u00ebshilla n\u00eb ndeshjen ndaj Kuk\u00ebsit dhe imagjino t\u00eb jap nes\u00ebr. Nuk kam koh\u00eb mjaftuesh\u00ebm p\u00ebr t\u00eb menaxhuar situatat. N\u00eb momentin e fundit mund t\u00eb vendoset p\u00ebr nj\u00eb ose dy gj\u00ebra. Nuk mund t\u00eb mendojm\u00eb shum\u00eb gj\u00ebra tani sepse nuk \u00ebsht\u00eb momenti.<\/p>\n<p><b>Historia kur Partizani shpallej kampion para 44 vitesh &#8211;<\/b><\/p>\n<p>\ud835\udc02\ud835\udc28\ud835\udc25\ud835\udc1e\ud835\udc25\ud835\udc25\ud835\udc1a:\u00a0Shpresoj dhe do t\u00eb m\u00eb p\u00eblqente q\u00eb t\u00eb p\u00ebrs\u00ebris\u00eb historin\u00eb. Edhe n\u00ebse fitojm\u00eb nuk shpallemi kampion sepse kemi edhe 3 ndeshje t\u00eb tjera. Kam respekt p\u00ebr kund\u00ebrshtarin sepse \u00ebsht\u00eb i ekuilibruar dhe i rreshtuar mir\u00eb n\u00eb fush\u00eb. Duhet t\u00eb p\u00ebrqendrohemi mir\u00eb sepse Tirana edhe pse ka mungesa luan p\u00ebr jet\u00eb a vdekje dhe kjo \u00ebsht\u00eb e bukura e derbit.<\/p>\n<p><a href=\"https:\/\/www.partizani.al\/sq\/wp-content\/uploads\/2023\/05\/GJK_7810-scaled.jpg\"><img loading=\"lazy\" decoding=\"async\" class=\"alignnone size-full wp-image-45473\" src=\"https:\/\/www.partizani.al\/sq\/wp-content\/uploads\/2023\/05\/GJK_7810-scaled.jpg\" alt=\"\" width=\"2560\" height=\"1707\" \/><\/a><\/p>\n<p><b>Ndeshja q\u00eb ka mbetur n\u00eb mendje gjat\u00eb k\u00ebtij sezoni &#8211;<\/b><\/p>\n<p>\ud835\udc02\ud835\udc28\ud835\udc25\ud835\udc1e\ud835\udc25\ud835\udc25\ud835\udc1a:\u00a0Ndoshta ndeshja e radh\u00ebs. Llogarit\u00eb b\u00ebhen gjithmon\u00eb n\u00eb fund. Jam m\u00ebsuar q\u00eb llogarit\u00eb ti b\u00ebj deri n\u00eb minut\u00ebn e fundit. Kemi b\u00ebr\u00eb gj\u00ebra t\u00eb mira gjat\u00eb vitit por edhe gabime por vler\u00ebsimet b\u00ebhen n\u00eb fund t\u00eb kampionatit. Ka jet\u00eb dhe shpres\u00eb. un\u00eb mendoj se nuk ka ngjashm\u00ebri pasi lojtar\u00ebt kan\u00eb karakteristika t\u00eb ndryshme n\u00eb fush\u00eb dhe jasht\u00eb fushe. Ndoshta kemi lojtar\u00eb t\u00eb nj\u00ebjt\u00eb, por ndryshe n\u00eb futboll. Puna dhe profesioni im \u00ebsht\u00eb t\u00eb vler\u00ebsoj personat dhe \u00e7do lojtar \u00ebsht\u00eb unik.<\/p>\n<p><a href=\"https:\/\/www.partizani.al\/sq\/wp-content\/uploads\/2023\/05\/GJK_7854-scaled.jpg\"><img loading=\"lazy\" decoding=\"async\" class=\"alignnone size-full wp-image-45478\" src=\"https:\/\/www.partizani.al\/sq\/wp-content\/uploads\/2023\/05\/GJK_7854-scaled.jpg\" alt=\"\" width=\"2560\" height=\"1707\" \/><\/a><\/p>\n<p><b>Do t\u00eb d\u00ebshironit t\u00eb ishit n\u00eb fush\u00eb si lojtar nes\u00ebr &#8211;<\/b><\/p>\n<p>\ud835\udc02\ud835\udc28\ud835\udc25\ud835\udc1e\ud835\udc25\ud835\udc25\ud835\udc1a:\u00a0Un\u00eb e kam mbyllur karrier\u00ebn si futbollist. Sigurisht si lojtar do t\u00eb m\u00eb p\u00eblqente t\u00eb luaja n\u00eb derbi ndaj Tiran\u00ebs. Kam qen\u00eb i keq. V\u00ebshtir\u00eb se m\u00eb kalonte miza pa e vrar\u00eb. T\u00eb them t\u00eb v\u00ebrtet\u00ebn derbi \u00ebsht\u00eb ekzaltues. Kam luajtur shum\u00eb ndeshje dhe kam drejtuar por derbi i Tiran\u00ebs \u00ebsht\u00eb shum\u00eb special. Jam i bindur se dy skuadrat do t\u00eb japin maksimumin dhe do t\u00eb jet\u00eb ndeshje e bukur.<\/p>\n<p>&nbsp;<\/p>\n","protected":false},"excerpt":{"rendered":"<p>Derbi vendimtar &#8211; \ud835\udc02\ud835\udc28\ud835\udc25\ud835\udc1e\ud835\udc25\ud835\udc25\ud835\udc1a:\u00a0M\u00eb b\u00ebt nj\u00eb pyetje, por edhe dhat\u00eb nj\u00eb p\u00ebrgjigje. \u00cbsht\u00eb ndeshje e v\u00ebshtir\u00eb sepse p\u00ebrcakton fatet e sezonit sepse kemi nj\u00eb diferenc\u00eb\u00a0 me vet\u00ebm 2 pik\u00eb. T\u00eb&#8230;<\/p>\n","protected":false},"author":1,"featured_media":45477,"comment_status":"closed","ping_status":"closed","sticky":false,"template":"","format":"standard","meta":{"_seopress_robots_primary_cat":"","_seopress_titles_title":"","_seopress_titles_desc":"","_seopress_robots_index":"","_vp_format_video_url":"","_vp_image_focal_point":[],"footnotes":""},"categories":[107],"tags":[],"class_list":["post-45472","post","type-post","status-publish","format-standard","has-post-thumbnail","hentry","category-ekipi_i_pare"],"_links":{"self":[{"href":"https:\/\/partizani.al\/sq\/wp-json\/wp\/v2\/posts\/45472","targetHints":{"allow":["GET"]}}],"collection":[{"href":"https:\/\/partizani.al\/sq\/wp-json\/wp\/v2\/posts"}],"about":[{"href":"https:\/\/partizani.al\/sq\/wp-json\/wp\/v2\/types\/post"}],"author":[{"embeddable":true,"href":"https:\/\/partizani.al\/sq\/wp-json\/wp\/v2\/users\/1"}],"replies":[{"embeddable":true,"href":"https:\/\/partizani.al\/sq\/wp-json\/wp\/v2\/comments?post=45472"}],"version-history":[{"count":0,"href":"https:\/\/partizani.al\/sq\/wp-json\/wp\/v2\/posts\/45472\/revisions"}],"wp:featuredmedia":[{"embeddable":true,"href":"https:\/\/partizani.al\/sq\/wp-json\/"}],"wp:attachment":[{"href":"https:\/\/partizani.al\/sq\/wp-json\/wp\/v2\/media?parent=45472"}],"wp:term":[{"taxonomy":"category","embeddable":true,"href":"https:\/\/partizani.al\/sq\/wp-json\/wp\/v2\/categories?post=45472"},{"taxonomy":"post_tag","embeddable":true,"href":"https:\/\/partizani.al\/sq\/wp-json\/wp\/v2\/tags?post=45472"}],"curies":[{"name":"wp","href":"https:\/\/api.w.org\/{rel}","templated":true}]}}