{"id":44941,"date":"2023-05-05T12:28:31","date_gmt":"2023-05-05T10:28:31","guid":{"rendered":"https:\/\/www.partizani.al\/sq\/?p=44941"},"modified":"2023-05-05T12:28:31","modified_gmt":"2023-05-05T10:28:31","slug":"konferenca-per-shtyp-e-trajnerit-giovanni-colella-ne-prag-te-takimit-ndaj-kukesit-2","status":"publish","type":"post","link":"https:\/\/partizani.al\/sq\/konferenca-per-shtyp-e-trajnerit-giovanni-colella-ne-prag-te-takimit-ndaj-kukesit-2\/","title":{"rendered":"Konferenca p\u00ebr shtyp e trajnerit Giovanni Colella n\u00eb prag t\u00eb takimit ndaj Kuk\u00ebsit"},"content":{"rendered":"<p><strong>Si vler\u00ebsoni Kuk\u00ebsin &#8211;<\/strong><\/p>\n<p>\ud835\udc02\ud835\udc28\ud835\udc25\ud835\udc1e\ud835\udc25\ud835\udc25\ud835\udc1a: Nuk duhet t\u00eb shohim klasifikimin pasi \u00ebsht\u00eb i ngjeshur. Skuadra e fundit ka 31 pik\u00eb, ndryshe nga sezonet e kaluara kur vendi fundit kishte shum\u00eb m\u00eb pak pik\u00eb. T\u00eb gjitha ndeshjet jan\u00eb t\u00eb v\u00ebshtira.<\/p>\n<p><strong>Pikat e forta dhe t\u00eb dob\u00ebta t\u00eb Kuk\u00ebsit &#8211;<\/strong><\/p>\n<p>\ud835\udc02\ud835\udc28\ud835\udc25\ud835\udc1e\ud835\udc25\ud835\udc25\ud835\udc1a: Nuk d\u00ebshiroj ti them publikisht. T\u00eb gjitha skuadrat kan\u00eb pikat e tyre t\u00eb forta dhe t\u00eb dob\u00ebta. Kemi edhe ne pika t\u00eb forta dhe t\u00eb dob\u00ebta.<\/p>\n<p><a href=\"https:\/\/www.partizani.al\/sq\/wp-content\/uploads\/2023\/05\/GJK_5447.jpg\"><img loading=\"lazy\" decoding=\"async\" class=\"alignnone size-full wp-image-44942\" src=\"https:\/\/www.partizani.al\/sq\/wp-content\/uploads\/2023\/05\/GJK_5447.jpg\" alt=\"\" width=\"1920\" height=\"1280\" \/><\/a><\/p>\n<p><strong>Sa vendimtare jan\u00eb dy ndeshjet e radh\u00ebs p\u00ebr Partizanin &#8211;<\/strong><\/p>\n<p>\ud835\udc02\ud835\udc28\ud835\udc25\ud835\udc1e\ud835\udc25\ud835\udc25\ud835\udc1a: Mendoj q\u00eb n\u00eb k\u00ebt\u00eb moment jan\u00eb t\u00eb gjitha ndeshjet shum\u00eb t\u00eb r\u00ebnd\u00ebsishme, p\u00ebrfshir\u00eb edhe ato ndaj Bylis dhe Erzenit. N\u00eb k\u00ebt\u00eb moment ne nuk kemi zgjedhje t\u00eb ndryshme p\u00ebr t\u00eb b\u00ebr\u00eb ndeshje pas ndeshje.<\/p>\n<p><strong>Ka presion skuadra n\u00eb k\u00ebt\u00eb fund sezoni-<\/strong><\/p>\n<p>\ud835\udc02\ud835\udc28\ud835\udc25\ud835\udc1e\ud835\udc25\ud835\udc25\ud835\udc1a:\u00a0Pak presion ka \u00ebsht\u00eb normale, por nuk mendoj q\u00eb \u00ebsht\u00eb presion negativ. Kur luan n\u00eb nj\u00eb skuad\u00ebr t\u00eb r\u00ebnd\u00ebsishme, dhe luan nj\u00eb kampionat t\u00eb r\u00ebnd\u00ebsish\u00ebm \u00ebsht\u00eb normale q\u00eb t\u00eb ket\u00eb pak presion. Puna jon\u00eb ka presion \u00e7do dit\u00eb, paguhemi p\u00ebr t\u00eb p\u00ebrballuar presionin. N\u00ebse do t\u00eb b\u00ebsh k\u00ebt\u00eb pun\u00eb si trajner, si drejtor, si lojtar n\u00eb futboll duhet t\u00eb m\u00ebsohesh t\u00eb p\u00ebrballosh presionin, \u00ebsht\u00eb normale.<\/p>\n<p><a href=\"https:\/\/www.partizani.al\/sq\/wp-content\/uploads\/2023\/05\/GJK_5471.jpg\"><img loading=\"lazy\" decoding=\"async\" class=\"alignnone size-full wp-image-44943\" src=\"https:\/\/www.partizani.al\/sq\/wp-content\/uploads\/2023\/05\/GJK_5471.jpg\" alt=\"\" width=\"1920\" height=\"1280\" \/><\/a><\/p>\n<p><strong>Ndeshjet e fundit Kuk\u00ebsi nuk regjistron fitore, si e prisni ndeshjen e nes\u00ebrme &#8211;<\/strong><\/p>\n<p>\ud835\udc02\ud835\udc28\ud835\udc25\ud835\udc1e\ud835\udc25\ud835\udc25\ud835\udc1a: Edhe Erzeni ka disa jav\u00eb q\u00eb nuk fiton , por nuk ishte aspak ndeshje e leht\u00eb. Nuk ka asnj\u00eb ndeshje t\u00eb leht\u00eb n\u00eb k\u00ebt\u00eb kampionat. P\u00ebr tiu rikthyer diskutimit t\u00eb presionit t\u00eb gjith\u00eb kan\u00eb. Ka presion tek ne , por ka presion edhe te Kukesi. Do t\u00eb jet\u00eb nj\u00eb ndeshje e v\u00ebshtir\u00eb p\u00ebr t\u00eb dyja skuadrat.<\/p>\n<p><strong>I druheni faktit se skuadra mund ta ket\u00eb mendjen m\u00eb shum\u00eb te derbi &#8211;<\/strong><\/p>\n<p>\ud835\udc02\ud835\udc28\ud835\udc25\ud835\udc1e\ud835\udc25\ud835\udc25\ud835\udc1a: N\u00eb k\u00ebt\u00eb moment duke par\u00eb pozitat tona, nuk duhet t\u00eb mendojm\u00eb p\u00ebr derbin. N\u00ebse nuk fitojm\u00eb me Kuk\u00ebsin derbi nuk vlen m\u00eb \u00ebsht\u00eb e kot\u00eb t\u00eb flasim , \u00ebsht\u00eb matematik\u00eb e thjesht\u00eb.<\/p>\n<p><a href=\"https:\/\/www.partizani.al\/sq\/wp-content\/uploads\/2023\/05\/GJK_5417.jpg\"><img loading=\"lazy\" decoding=\"async\" class=\"alignnone size-full wp-image-44944\" src=\"https:\/\/www.partizani.al\/sq\/wp-content\/uploads\/2023\/05\/GJK_5417.jpg\" alt=\"\" width=\"1920\" height=\"1280\" \/><\/a><\/p>\n<p><strong>Rinovimi kontrat\u00ebs &#8211;<\/strong><\/p>\n<p>\ud835\udc02\ud835\udc28\ud835\udc25\ud835\udc1e\ud835\udc25\ud835\udc25\ud835\udc1a:\u00a0P\u00ebrsa i p\u00ebrket rinovimit t\u00eb kontrat\u00ebs, kjo i takon presidentit Gazment Demi dhe klubit. Un\u00eb do t\u00eb jap maksimumin deri n\u00eb p\u00ebrfundim t\u00eb kontrat\u00ebs time dhe n\u00eb fund vendosim t\u00eb dyja pal\u00ebt.<br \/>\nJam p\u00ebrgjigjur pak koh\u00eb m\u00eb par\u00eb, q\u00eb un\u00eb mund t\u00eb vazhdoj dhe n\u00ebse nuk fitoj titullin por mendimi im vlen vet\u00ebm 50%, kam dashur n\u00eb karrier\u00ebn time q\u00eb t\u00eb vazhdoj t\u00eb rinovoj por sm\u00eb kan\u00eb rinovuar. Un\u00eb mendoj q\u00eb pal\u00ebt kan\u00eb diskutuar nj\u00eb marr\u00ebveshje mes xhent\u00ebllmen\u00ebsh, pra edhe pse po i afrohemi fundit t\u00eb sezonit un\u00eb jam i p\u00ebrq\u00ebndruar tek sezoni, dhe kur t\u00eb mbaroj\u00eb do t\u00eb b\u00ebjm\u00eb nj\u00eb llogari dhe do t\u00eb vendosim. Por n\u00ebse do mendimin tim, klubi \u00ebsht\u00eb i k\u00ebnaqur nga puna ime dhe un\u00eb jam i k\u00ebnaqur nga puna klubit, por gj\u00ebrat mund t\u00eb ndryshojn\u00eb, por n\u00eb k\u00ebt\u00eb moment \u00ebsht\u00eb t\u00eb mbarojm\u00eb pozitivisht kampionatin dhe nuk ka r\u00ebnd\u00ebsi \u00e7\u00ebshtja e kontrat\u00ebs. Un\u00eb kam besim tek fjala q\u00eb personat i japin nj\u00ebri tjetrit dhe jam i bindur q\u00eb kam folur me persona q\u00eb mendojn\u00eb si un\u00eb, shqet\u00ebsimi yn\u00eb i vet\u00ebm \u00ebsht\u00eb t\u00eb mundim Kuk\u00ebsin.<\/p>\n<p><a href=\"https:\/\/www.partizani.al\/sq\/wp-content\/uploads\/2023\/05\/GJK_5422.jpg\"><img loading=\"lazy\" decoding=\"async\" class=\"alignnone size-full wp-image-44945\" src=\"https:\/\/www.partizani.al\/sq\/wp-content\/uploads\/2023\/05\/GJK_5422.jpg\" alt=\"\" width=\"853\" height=\"1280\" \/><\/a><\/p>\n","protected":false},"excerpt":{"rendered":"<p>Si vler\u00ebsoni Kuk\u00ebsin &#8211; \ud835\udc02\ud835\udc28\ud835\udc25\ud835\udc1e\ud835\udc25\ud835\udc25\ud835\udc1a: Nuk duhet t\u00eb shohim klasifikimin pasi \u00ebsht\u00eb i ngjeshur. Skuadra e fundit ka 31 pik\u00eb, ndryshe nga sezonet e kaluara kur vendi fundit kishte shum\u00eb&#8230;<\/p>\n","protected":false},"author":1,"featured_media":44946,"comment_status":"closed","ping_status":"closed","sticky":false,"template":"","format":"standard","meta":{"_seopress_robots_primary_cat":"","_seopress_titles_title":"","_seopress_titles_desc":"","_seopress_robots_index":"","_vp_format_video_url":"","_vp_image_focal_point":[],"footnotes":""},"categories":[107],"tags":[],"class_list":["post-44941","post","type-post","status-publish","format-standard","has-post-thumbnail","hentry","category-ekipi_i_pare"],"_links":{"self":[{"href":"https:\/\/partizani.al\/sq\/wp-json\/wp\/v2\/posts\/44941","targetHints":{"allow":["GET"]}}],"collection":[{"href":"https:\/\/partizani.al\/sq\/wp-json\/wp\/v2\/posts"}],"about":[{"href":"https:\/\/partizani.al\/sq\/wp-json\/wp\/v2\/types\/post"}],"author":[{"embeddable":true,"href":"https:\/\/partizani.al\/sq\/wp-json\/wp\/v2\/users\/1"}],"replies":[{"embeddable":true,"href":"https:\/\/partizani.al\/sq\/wp-json\/wp\/v2\/comments?post=44941"}],"version-history":[{"count":0,"href":"https:\/\/partizani.al\/sq\/wp-json\/wp\/v2\/posts\/44941\/revisions"}],"wp:featuredmedia":[{"embeddable":true,"href":"https:\/\/partizani.al\/sq\/wp-json\/"}],"wp:attachment":[{"href":"https:\/\/partizani.al\/sq\/wp-json\/wp\/v2\/media?parent=44941"}],"wp:term":[{"taxonomy":"category","embeddable":true,"href":"https:\/\/partizani.al\/sq\/wp-json\/wp\/v2\/categories?post=44941"},{"taxonomy":"post_tag","embeddable":true,"href":"https:\/\/partizani.al\/sq\/wp-json\/wp\/v2\/tags?post=44941"}],"curies":[{"name":"wp","href":"https:\/\/api.w.org\/{rel}","templated":true}]}}