{"id":44552,"date":"2023-04-28T13:35:49","date_gmt":"2023-04-28T11:35:49","guid":{"rendered":"https:\/\/www.partizani.al\/sq\/?p=44552"},"modified":"2023-04-28T13:35:49","modified_gmt":"2023-04-28T11:35:49","slug":"konferenca-per-shtyp-e-trajnerit-giovanni-colella-ne-prag-te-takimit-ndaj-erzenit","status":"publish","type":"post","link":"https:\/\/partizani.al\/sq\/konferenca-per-shtyp-e-trajnerit-giovanni-colella-ne-prag-te-takimit-ndaj-erzenit\/","title":{"rendered":"Konferenca p\u00ebr shtyp e trajnerit Giovanni Colella n\u00eb prag t\u00eb takimit ndaj Erzenit"},"content":{"rendered":"<p><strong>Erzenit nuk fiton prej 5 ndeshjesh &#8211;<\/strong><\/p>\n<p>\ud835\udc02\ud835\udc28\ud835\udc25\ud835\udc1e\ud835\udc25\ud835\udc25\ud835\udc1a: Nj\u00eb skuad\u00ebr q\u00eb nuk fiton disa ndeshjes \u00ebsht\u00eb m\u00eb e rrezikshme nga t\u00eb tjerat. Ndaj \u00ebsht\u00eb normale t\u00eb gjitha ndeshjet jan\u00eb t\u00eb v\u00ebshtira.\u00a0Edhe ndeshja e fundit q\u00eb fituam 3 &#8211; 0 ndaj Erzenit nuk ishte aspak e leht\u00eb sepse pas vet\u00ebm 3 minutash loj\u00eb mbet\u00ebm me 10 lojtar\u00eb.<\/p>\n<p><a href=\"https:\/\/www.partizani.al\/sq\/wp-content\/uploads\/2023\/04\/GJK_3846.jpg\"><img loading=\"lazy\" decoding=\"async\" class=\"alignnone size-full wp-image-44553\" src=\"https:\/\/www.partizani.al\/sq\/wp-content\/uploads\/2023\/04\/GJK_3846.jpg\" alt=\"\" width=\"1920\" height=\"1280\" \/><\/a><\/p>\n<p><strong>M\u00eb mir\u00eb t\u00eb luani para apo pas rivalit direkt, Tiran\u00ebs &#8211;<\/strong><\/p>\n<p>\ud835\udc02\ud835\udc28\ud835\udc25\ud835\udc1e\ud835\udc25\ud835\udc25\ud835\udc1a: Nuk m\u00eb intereson kjo gj\u00eb.<\/p>\n<p><strong>Mungesa e Selmanit &#8211;<\/strong><\/p>\n<p>\ud835\udc02\ud835\udc28\ud835\udc25\ud835\udc1e\ud835\udc25\ud835\udc25\ud835\udc1a: Selmani prej 3 jav\u00ebsh nuk luan. P\u00ebr fat t\u00eb keq jan\u00eb gj\u00ebra q\u00eb ndodhin, na duhet t\u00eb gjejm\u00eb zgjidhje t\u00eb tjera.<\/p>\n<p><strong>Deklarata e Dritan Mehmetit &#8211;<\/strong><\/p>\n<p>\ud835\udc02\ud835\udc28\ud835\udc25\ud835\udc1e\ud835\udc25\ud835\udc25\ud835\udc1a: Nuk e kam lexuar, nuk m\u00eb intereson. Nuk komentoj kurr\u00eb at\u00eb q\u00eb thon\u00eb t\u00eb tjer\u00ebt. \u00c7do kush ka t\u00eb drejt\u00ebn e tij t\u00eb flas.<\/p>\n<p><a href=\"https:\/\/www.partizani.al\/sq\/wp-content\/uploads\/2023\/04\/GJK_3845.jpg\"><img loading=\"lazy\" decoding=\"async\" class=\"alignnone size-full wp-image-44554\" src=\"https:\/\/www.partizani.al\/sq\/wp-content\/uploads\/2023\/04\/GJK_3845.jpg\" alt=\"\" width=\"853\" height=\"1280\" \/><\/a><\/p>\n<p><strong>Episodi n\u00eb momentin e penalltis\u00eb ndaj Bylis mes Car\u00ebs dhe Hotit &#8211;<\/strong><\/p>\n<p>\ud835\udc02\ud835\udc28\ud835\udc25\ud835\udc1e\ud835\udc25\ud835\udc25\ud835\udc1a: Jan\u00eb gj\u00ebra normale q\u00eb ndodhin mes lojtar\u00ebve. Un\u00eb personalisht jam d\u00ebfryer sepse b\u00ebn nj\u00eb shfaqje jo t\u00eb mir\u00eb, dhe i lejova ta b\u00ebnin k\u00ebt\u00eb. N\u00eb disa raste lojtar\u00ebt jan\u00eb si f\u00ebmij\u00ebt duhet ti lem\u00eb t\u00eb kuptojn\u00eb gabimin. Esht\u00eb nj\u00eb problem i vog\u00ebl. Edhe pse penalltia nuk ishte, dyfish nj\u00eb shfaqje jo e mir\u00eb.<\/p>\n<p><strong>Ka nj\u00eb \u00e7\u00ebshtje p\u00ebrsa i p\u00ebrket rinovimit t\u00eb Hotit-<\/strong><\/p>\n<p>\ud835\udc02\ud835\udc28\ud835\udc25\ud835\udc1e\ud835\udc25\ud835\udc25\ud835\udc1a: Ky \u00ebsht\u00eb nj\u00eb problem mes Hotit dhe Klubit, jo i trajnerit. Kontrata ime p\u00ebrfundon n\u00eb qershor dhe un\u00eb jam k\u00ebtu duke b\u00ebr\u00eb gjith\u00e7ka dhe jap maksimumin n\u00eb pun\u00ebn time. Un\u00eb p\u00ebrderisa paguhem punoj. Kjo gj\u00eb vlen p\u00ebr mua dhe p\u00ebr t\u00eb gjith\u00eb. Kjo pyetje shkon p\u00ebr Hotin dhe klubin. Un\u00eb e kam Hotin n\u00eb dispozicion deri n\u00eb p\u00ebrfundim t\u00eb sezonit dhe p\u00ebr mua Hoti \u00ebsht\u00eb nj\u00eb lojtar i Partizanit.Fund.<br \/>\nNuk e kam konsideruar asnj\u00eb her\u00eb Hotin si nj\u00eb lojtar q\u00eb \u00ebsht\u00eb apo jo n\u00eb p\u00ebrfundim t\u00eb kontrat\u00ebs.\u00a0Edhe un\u00eb jam n\u00eb p\u00ebrfundim t\u00eb kontrat\u00ebs. \u00c7far\u00eb duhet t\u00eb b\u00ebj t\u00eb protestoj n\u00eb stol se jam n\u00eb p\u00ebrfundim t\u00eb kontrat\u00ebs?<\/p>\n<p><a href=\"https:\/\/www.partizani.al\/sq\/wp-content\/uploads\/2023\/04\/GJK_3831.jpg\"><img loading=\"lazy\" decoding=\"async\" class=\"alignnone size-full wp-image-44555\" src=\"https:\/\/www.partizani.al\/sq\/wp-content\/uploads\/2023\/04\/GJK_3831.jpg\" alt=\"\" width=\"1920\" height=\"1280\" \/><\/a><\/p>\n","protected":false},"excerpt":{"rendered":"<p>Erzenit nuk fiton prej 5 ndeshjesh &#8211; \ud835\udc02\ud835\udc28\ud835\udc25\ud835\udc1e\ud835\udc25\ud835\udc25\ud835\udc1a: Nj\u00eb skuad\u00ebr q\u00eb nuk fiton disa ndeshjes \u00ebsht\u00eb m\u00eb e rrezikshme nga t\u00eb tjerat. Ndaj \u00ebsht\u00eb normale t\u00eb gjitha ndeshjet jan\u00eb t\u00eb&#8230;<\/p>\n","protected":false},"author":1,"featured_media":44556,"comment_status":"closed","ping_status":"closed","sticky":false,"template":"","format":"standard","meta":{"_seopress_robots_primary_cat":"","_seopress_titles_title":"","_seopress_titles_desc":"","_seopress_robots_index":"","_vp_format_video_url":"","_vp_image_focal_point":[],"footnotes":""},"categories":[107],"tags":[],"class_list":["post-44552","post","type-post","status-publish","format-standard","has-post-thumbnail","hentry","category-ekipi_i_pare"],"_links":{"self":[{"href":"https:\/\/partizani.al\/sq\/wp-json\/wp\/v2\/posts\/44552","targetHints":{"allow":["GET"]}}],"collection":[{"href":"https:\/\/partizani.al\/sq\/wp-json\/wp\/v2\/posts"}],"about":[{"href":"https:\/\/partizani.al\/sq\/wp-json\/wp\/v2\/types\/post"}],"author":[{"embeddable":true,"href":"https:\/\/partizani.al\/sq\/wp-json\/wp\/v2\/users\/1"}],"replies":[{"embeddable":true,"href":"https:\/\/partizani.al\/sq\/wp-json\/wp\/v2\/comments?post=44552"}],"version-history":[{"count":0,"href":"https:\/\/partizani.al\/sq\/wp-json\/wp\/v2\/posts\/44552\/revisions"}],"wp:featuredmedia":[{"embeddable":true,"href":"https:\/\/partizani.al\/sq\/wp-json\/"}],"wp:attachment":[{"href":"https:\/\/partizani.al\/sq\/wp-json\/wp\/v2\/media?parent=44552"}],"wp:term":[{"taxonomy":"category","embeddable":true,"href":"https:\/\/partizani.al\/sq\/wp-json\/wp\/v2\/categories?post=44552"},{"taxonomy":"post_tag","embeddable":true,"href":"https:\/\/partizani.al\/sq\/wp-json\/wp\/v2\/tags?post=44552"}],"curies":[{"name":"wp","href":"https:\/\/api.w.org\/{rel}","templated":true}]}}